{"id":73058,"date":"2025-04-28T11:38:26","date_gmt":"2025-04-28T15:38:26","guid":{"rendered":"https:\/\/web.molina.cl\/?p=73058"},"modified":"2025-04-28T12:50:55","modified_gmt":"2025-04-28T16:50:55","slug":"masiva-convocatoria-tuvo-operativo-de-deteccion-de-cancer-gastrico-en-lontue","status":"publish","type":"post","link":"https:\/\/web.molina.cl\/?p=73058","title":{"rendered":"Masiva convocatoria tuvo operativo de detecci\u00f3n de c\u00e1ncer g\u00e1strico en Lontu\u00e9"},"content":{"rendered":"\n<h2 class=\"wp-block-heading\">La actividad fue organizada por la Direcci\u00f3n de Salud del municipio y cont\u00f3 con el apoyo del Hospital Santa Rosa, dando muestras de la articulaci\u00f3n de un trabajo en red para labores preventivas.<\/h2>\n\n\n\n<p>Una alta participaci\u00f3n de la comunidad tuvo el operativo de prevenci\u00f3n y detecci\u00f3n temprana de c\u00e1ncer g\u00e1strico en Lontu\u00e9, actividad propiciada por la Direcci\u00f3n Comunal de Salud del municipio de Molina.<\/p>\n\n\n\n<p>En la oportunidad, m\u00e1s de 500 personas acudieron hasta el gimnasio de la localidad y 300 se practicaron el examen de la helicobacter pylori, bacteria que es la principal causante de este tipo de malestar.<\/p>\n\n\n\n<p>La instancia cont\u00f3 tambi\u00e9n con la participaci\u00f3n de personal del Hospital Santa Rosa, dando muestras de la articulaci\u00f3n del trabajo en red que se torna fundamental para las estrategias sanitarias a nivel comunal.<\/p>\n\n\n\n<p>Constatando en terreno el despliegue de los equipos, el concejal y alcalde protocolar, Cristian Mart\u00ednez, manifest\u00f3 que \u201cestamos tremendamente contentos y satisfechos en este desaf\u00edo que es combatir el c\u00e1ncer g\u00e1strico. Es importante que las y los vecinos puedan tomar conciencia respecto a lo que es esta problem\u00e1tica y nosotros como autoridades p\u00fablicas estamos preocupados y ocupados en que esto se resuelva\u201d.<\/p>\n\n\n\n<p><strong>AMPLIA GAMA DE SERVICIOS<\/strong><\/p>\n\n\n\n<p>Pero no solamente este examen preventivo es lo que pudieron realizarse los asistentes, sino que tambi\u00e9n pudieron acceder al vacunatorio, recibir atenci\u00f3n para adultos mayores e incluso acceder a prestaciones del \u00e1rea de educaci\u00f3n.<\/p>\n\n\n\n<p>As\u00ed lo detall\u00f3 la Directora(s) Comunal de Salud de Molina, Nicole Villalobos, quien explic\u00f3 que \u201ces un operativo que hacemos en alianza, comandado por nuestro alcalde Felipe M\u00e9ndez, quien se preocupa de la prevenci\u00f3n en la comunidad. Hemos recibido una gran cantidad de personas para su examen helicobacter pylori, pero junto a todo este despliegue operativo, tenemos tambi\u00e9n stand de toma de test r\u00e1pido de VIH, vacuna anti-influenza, certificados del DAEM en l\u00ednea, ex\u00e1menes preventivos para adultos mayores y distintas estrategias de salud que ofrecemos en la red sanitaria municipal\u201d.<\/p>\n\n\n\n<p>La instancia fue agradecida por los pacientes que arribaron hasta el recinto. Tal es el caso de Carlos Pinto, quien lleg\u00f3 desde la villa Estrella Azul y coment\u00f3 que \u201cme parece una muy buena iniciativa de la Municipalidad, porque est\u00e1 al alcance de todos. Creo que el c\u00e1ncer g\u00e1strico ha pegado muy fuerte en la zona<strong>\u201d.<\/strong><\/p>\n\n\n\n<p>Misma opini\u00f3n expres\u00f3 Nancy Pagliotti, vecina de la poblaci\u00f3n Bernardo O\u2019Higgins, quien revel\u00f3 que estos eventos \u201cson muy buenos. Yo vine porque mi mam\u00e1 y una t\u00eda tuvieron c\u00e1ncer g\u00e1strico, as\u00ed que ten\u00eda probabilidades de desarrollar tambi\u00e9n\u201d.<\/p>\n\n\n\n<figure class=\"wp-block-gallery has-nested-images columns-default is-cropped wp-block-gallery-1 is-layout-flex wp-block-gallery-is-layout-flex\">\n<figure class=\"wp-block-image size-large\"><img loading=\"lazy\" decoding=\"async\" width=\"1024\" height=\"768\" data-id=\"73059\" src=\"https:\/\/web.molina.cl\/wp-content\/uploads\/2025\/04\/Foto-1-8-1024x768.jpeg\" alt=\"\" class=\"wp-image-73059\" srcset=\"https:\/\/web.molina.cl\/wp-content\/uploads\/2025\/04\/Foto-1-8-1024x768.jpeg 1024w, https:\/\/web.molina.cl\/wp-content\/uploads\/2025\/04\/Foto-1-8-300x225.jpeg 300w, https:\/\/web.molina.cl\/wp-content\/uploads\/2025\/04\/Foto-1-8-768x576.jpeg 768w, https:\/\/web.molina.cl\/wp-content\/uploads\/2025\/04\/Foto-1-8-560x420.jpeg 560w, https:\/\/web.molina.cl\/wp-content\/uploads\/2025\/04\/Foto-1-8-80x60.jpeg 80w, https:\/\/web.molina.cl\/wp-content\/uploads\/2025\/04\/Foto-1-8-696x522.jpeg 696w, https:\/\/web.molina.cl\/wp-content\/uploads\/2025\/04\/Foto-1-8-1068x801.jpeg 1068w, https:\/\/web.molina.cl\/wp-content\/uploads\/2025\/04\/Foto-1-8-265x198.jpeg 265w, https:\/\/web.molina.cl\/wp-content\/uploads\/2025\/04\/Foto-1-8.jpeg 1280w\" sizes=\"(max-width: 1024px) 100vw, 1024px\" \/><\/figure>\n\n\n\n<figure class=\"wp-block-image size-large\"><img loading=\"lazy\" decoding=\"async\" width=\"1024\" height=\"768\" data-id=\"73060\" src=\"https:\/\/web.molina.cl\/wp-content\/uploads\/2025\/04\/Foto-2-8-1024x768.jpeg\" alt=\"\" class=\"wp-image-73060\" srcset=\"https:\/\/web.molina.cl\/wp-content\/uploads\/2025\/04\/Foto-2-8-1024x768.jpeg 1024w, https:\/\/web.molina.cl\/wp-content\/uploads\/2025\/04\/Foto-2-8-300x225.jpeg 300w, https:\/\/web.molina.cl\/wp-content\/uploads\/2025\/04\/Foto-2-8-768x576.jpeg 768w, https:\/\/web.molina.cl\/wp-content\/uploads\/2025\/04\/Foto-2-8-560x420.jpeg 560w, https:\/\/web.molina.cl\/wp-content\/uploads\/2025\/04\/Foto-2-8-80x60.jpeg 80w, https:\/\/web.molina.cl\/wp-content\/uploads\/2025\/04\/Foto-2-8-696x522.jpeg 696w, https:\/\/web.molina.cl\/wp-content\/uploads\/2025\/04\/Foto-2-8-1068x801.jpeg 1068w, https:\/\/web.molina.cl\/wp-content\/uploads\/2025\/04\/Foto-2-8-265x198.jpeg 265w, https:\/\/web.molina.cl\/wp-content\/uploads\/2025\/04\/Foto-2-8.jpeg 1280w\" sizes=\"(max-width: 1024px) 100vw, 1024px\" \/><\/figure>\n\n\n\n<figure class=\"wp-block-image size-large\"><img loading=\"lazy\" decoding=\"async\" width=\"1024\" height=\"768\" data-id=\"73062\" src=\"https:\/\/web.molina.cl\/wp-content\/uploads\/2025\/04\/Foto-3-5-1024x768.jpeg\" alt=\"\" class=\"wp-image-73062\" srcset=\"https:\/\/web.molina.cl\/wp-content\/uploads\/2025\/04\/Foto-3-5-1024x768.jpeg 1024w, https:\/\/web.molina.cl\/wp-content\/uploads\/2025\/04\/Foto-3-5-300x225.jpeg 300w, https:\/\/web.molina.cl\/wp-content\/uploads\/2025\/04\/Foto-3-5-768x576.jpeg 768w, https:\/\/web.molina.cl\/wp-content\/uploads\/2025\/04\/Foto-3-5-560x420.jpeg 560w, https:\/\/web.molina.cl\/wp-content\/uploads\/2025\/04\/Foto-3-5-80x60.jpeg 80w, https:\/\/web.molina.cl\/wp-content\/uploads\/2025\/04\/Foto-3-5-696x522.jpeg 696w, https:\/\/web.molina.cl\/wp-content\/uploads\/2025\/04\/Foto-3-5-1068x801.jpeg 1068w, https:\/\/web.molina.cl\/wp-content\/uploads\/2025\/04\/Foto-3-5-265x198.jpeg 265w, https:\/\/web.molina.cl\/wp-content\/uploads\/2025\/04\/Foto-3-5.jpeg 1280w\" sizes=\"(max-width: 1024px) 100vw, 1024px\" \/><\/figure>\n\n\n\n<figure class=\"wp-block-image size-large\"><img loading=\"lazy\" decoding=\"async\" width=\"1024\" height=\"768\" data-id=\"73063\" src=\"https:\/\/web.molina.cl\/wp-content\/uploads\/2025\/04\/Foto-4-4-1024x768.jpeg\" alt=\"\" class=\"wp-image-73063\" srcset=\"https:\/\/web.molina.cl\/wp-content\/uploads\/2025\/04\/Foto-4-4-1024x768.jpeg 1024w, https:\/\/web.molina.cl\/wp-content\/uploads\/2025\/04\/Foto-4-4-300x225.jpeg 300w, https:\/\/web.molina.cl\/wp-content\/uploads\/2025\/04\/Foto-4-4-768x576.jpeg 768w, https:\/\/web.molina.cl\/wp-content\/uploads\/2025\/04\/Foto-4-4-560x420.jpeg 560w, https:\/\/web.molina.cl\/wp-content\/uploads\/2025\/04\/Foto-4-4-80x60.jpeg 80w, https:\/\/web.molina.cl\/wp-content\/uploads\/2025\/04\/Foto-4-4-696x522.jpeg 696w, https:\/\/web.molina.cl\/wp-content\/uploads\/2025\/04\/Foto-4-4-1068x801.jpeg 1068w, https:\/\/web.molina.cl\/wp-content\/uploads\/2025\/04\/Foto-4-4-265x198.jpeg 265w, https:\/\/web.molina.cl\/wp-content\/uploads\/2025\/04\/Foto-4-4.jpeg 1280w\" sizes=\"(max-width: 1024px) 100vw, 1024px\" \/><\/figure>\n\n\n\n<figure class=\"wp-block-image size-large\"><img loading=\"lazy\" decoding=\"async\" width=\"1024\" height=\"768\" data-id=\"73064\" src=\"https:\/\/web.molina.cl\/wp-content\/uploads\/2025\/04\/Foto-5-1-1024x768.jpeg\" alt=\"\" class=\"wp-image-73064\" srcset=\"https:\/\/web.molina.cl\/wp-content\/uploads\/2025\/04\/Foto-5-1-1024x768.jpeg 1024w, https:\/\/web.molina.cl\/wp-content\/uploads\/2025\/04\/Foto-5-1-300x225.jpeg 300w, https:\/\/web.molina.cl\/wp-content\/uploads\/2025\/04\/Foto-5-1-768x576.jpeg 768w, https:\/\/web.molina.cl\/wp-content\/uploads\/2025\/04\/Foto-5-1-560x420.jpeg 560w, https:\/\/web.molina.cl\/wp-content\/uploads\/2025\/04\/Foto-5-1-80x60.jpeg 80w, https:\/\/web.molina.cl\/wp-content\/uploads\/2025\/04\/Foto-5-1-696x522.jpeg 696w, https:\/\/web.molina.cl\/wp-content\/uploads\/2025\/04\/Foto-5-1-1068x801.jpeg 1068w, https:\/\/web.molina.cl\/wp-content\/uploads\/2025\/04\/Foto-5-1-265x198.jpeg 265w, https:\/\/web.molina.cl\/wp-content\/uploads\/2025\/04\/Foto-5-1.jpeg 1280w\" sizes=\"(max-width: 1024px) 100vw, 1024px\" \/><\/figure>\n\n\n\n<figure class=\"wp-block-image size-large\"><img loading=\"lazy\" decoding=\"async\" width=\"1024\" height=\"768\" data-id=\"73061\" src=\"https:\/\/web.molina.cl\/wp-content\/uploads\/2025\/04\/Foto-6-1024x768.jpeg\" alt=\"\" class=\"wp-image-73061\" srcset=\"https:\/\/web.molina.cl\/wp-content\/uploads\/2025\/04\/Foto-6-1024x768.jpeg 1024w, https:\/\/web.molina.cl\/wp-content\/uploads\/2025\/04\/Foto-6-300x225.jpeg 300w, https:\/\/web.molina.cl\/wp-content\/uploads\/2025\/04\/Foto-6-768x576.jpeg 768w, https:\/\/web.molina.cl\/wp-content\/uploads\/2025\/04\/Foto-6-560x420.jpeg 560w, https:\/\/web.molina.cl\/wp-content\/uploads\/2025\/04\/Foto-6-80x60.jpeg 80w, https:\/\/web.molina.cl\/wp-content\/uploads\/2025\/04\/Foto-6-696x522.jpeg 696w, https:\/\/web.molina.cl\/wp-content\/uploads\/2025\/04\/Foto-6-1068x801.jpeg 1068w, https:\/\/web.molina.cl\/wp-content\/uploads\/2025\/04\/Foto-6-265x198.jpeg 265w, https:\/\/web.molina.cl\/wp-content\/uploads\/2025\/04\/Foto-6.jpeg 1280w\" sizes=\"(max-width: 1024px) 100vw, 1024px\" \/><\/figure>\n<\/figure>\n","protected":false},"excerpt":{"rendered":"<p>La actividad fue organizada por la Direcci\u00f3n de Salud del municipio y cont\u00f3 con el apoyo del Hospital Santa Rosa, dando muestras de la articulaci\u00f3n de un trabajo en red para labores preventivas. Una alta participaci\u00f3n de la comunidad tuvo el operativo de prevenci\u00f3n y detecci\u00f3n temprana de c\u00e1ncer g\u00e1strico en Lontu\u00e9, actividad propiciada por [&hellip;]<\/p>\n","protected":false},"author":2,"featured_media":73062,"comment_status":"closed","ping_status":"open","sticky":false,"template":"","format":"standard","meta":{"footnotes":""},"categories":[21,7],"tags":[],"_links":{"self":[{"href":"https:\/\/web.molina.cl\/index.php?rest_route=\/wp\/v2\/posts\/73058"}],"collection":[{"href":"https:\/\/web.molina.cl\/index.php?rest_route=\/wp\/v2\/posts"}],"about":[{"href":"https:\/\/web.molina.cl\/index.php?rest_route=\/wp\/v2\/types\/post"}],"author":[{"embeddable":true,"href":"https:\/\/web.molina.cl\/index.php?rest_route=\/wp\/v2\/users\/2"}],"replies":[{"embeddable":true,"href":"https:\/\/web.molina.cl\/index.php?rest_route=%2Fwp%2Fv2%2Fcomments&post=73058"}],"version-history":[{"count":2,"href":"https:\/\/web.molina.cl\/index.php?rest_route=\/wp\/v2\/posts\/73058\/revisions"}],"predecessor-version":[{"id":73085,"href":"https:\/\/web.molina.cl\/index.php?rest_route=\/wp\/v2\/posts\/73058\/revisions\/73085"}],"wp:featuredmedia":[{"embeddable":true,"href":"https:\/\/web.molina.cl\/index.php?rest_route=\/wp\/v2\/media\/73062"}],"wp:attachment":[{"href":"https:\/\/web.molina.cl\/index.php?rest_route=%2Fwp%2Fv2%2Fmedia&parent=73058"}],"wp:term":[{"taxonomy":"category","embeddable":true,"href":"https:\/\/web.molina.cl\/index.php?rest_route=%2Fwp%2Fv2%2Fcategories&post=73058"},{"taxonomy":"post_tag","embeddable":true,"href":"https:\/\/web.molina.cl\/index.php?rest_route=%2Fwp%2Fv2%2Ftags&post=73058"}],"curies":[{"name":"wp","href":"https:\/\/api.w.org\/{rel}","templated":true}]}}