{"id":72397,"date":"2025-04-08T10:24:57","date_gmt":"2025-04-08T14:24:57","guid":{"rendered":"https:\/\/web.molina.cl\/?p=72397"},"modified":"2025-04-08T10:24:58","modified_gmt":"2025-04-08T14:24:58","slug":"escuela-formativa-de-las-artes-de-molina-capacito-a-la-comunidad-en-musica-escritura-y-pintura","status":"publish","type":"post","link":"https:\/\/web.molina.cl\/?p=72397","title":{"rendered":"Escuela Formativa de las Artes de Molina capacit\u00f3 a la comunidad en m\u00fasica, escritura y pintura"},"content":{"rendered":"\n<h2 class=\"wp-block-heading\">El proyecto fue desarrollado por la Corporaci\u00f3n Municipal de Cultura de la comuna y financiado por el Gobierno Regional del Maule.<\/h2>\n\n\n\n<p>Manifestaciones art\u00edsticas para todos los gustos fue parte de lo que se vivi\u00f3 en Molina con motivo de la gala de la Escuela Formativa de las Artes.<\/p>\n\n\n\n<p>Se trata de un proyecto que contempl\u00f3 la ense\u00f1anza de t\u00e9cnicas relacionadas con el canto, la escritura creativa y la pintura; todo bajo el alero de la Corporaci\u00f3n Municipal de Cultura y con el financiamiento del Gobierno Regional del Maule.<\/p>\n\n\n\n<p>El teatro comunal fue el escenario sobre el que se lucieron los talentos de diversas edades, recibiendo la acreditaci\u00f3n por haber cursado de forma satisfactoria los talleres, obteniendo valiosa experiencia en cada materia.<\/p>\n\n\n\n<p><strong>APOYO DE AUTORIDADES<\/strong><\/p>\n\n\n\n<p>El alcalde de Molina, Felipe M\u00e9ndez, indic\u00f3 que \u201cestamos muy contentos por esta Escuela Formativa en la que las personas pudieron capacitarse\u201d, destacando los aprendizajes logrados por los participantes de estos talleres.<\/p>\n\n\n\n<p>La primera autoridad comunal afirm\u00f3 que \u201cesperamos seguir realiz\u00e1ndolos durante nuestra administraci\u00f3n, propici\u00e1ndolos a trav\u00e9s de nuestra Corporaci\u00f3n Municipal de Cultura\u201d.<\/p>\n\n\n\n<p>La misma intenci\u00f3n manifest\u00f3 el concejal Jos\u00e9 Luis Lizana, anunciando que \u201cpondremos todo nuestro aporte desde el Concejo Municipal, para que se desarrollen m\u00e1s actividades de este tipo y llegar a m\u00e1s lugares de nuestra comuna\u201d.<\/p>\n\n\n\n<p><strong>PARTICIPANTES CONTENTOS<\/strong><\/p>\n\n\n\n<p>Entre los participantes de la instancia, destaca el caso de Margarita S\u00e1nchez, quien a sus 82 a\u00f1os de edad fue protagonista del curso de escritura creativa. \u201cEl taller me pareci\u00f3 muy especial, porque nos tomaron en cuenta. Me sent\u00ed realizada como persona, porque ahora que participo en los talleres, me han nacido nuevos dones. Me siento \u00fatil a la sociedad, antes estaba encerrada en mi casa\u201d, expres\u00f3.<\/p>\n\n\n\n<p>Por su parte, Fabi\u00e1n Fuenzalida, quien hizo el curso de canto, tuvo especiales palabras para \u201cagradecer a los profesores, porque, si bien uno ten\u00eda cierto bagaje en la m\u00fasica con 40 a\u00f1os cantando, hubo posibilidades de mejorar y fue de mucha ayuda. Hubo mucha atenci\u00f3n personalizada y la dedicaci\u00f3n necesaria para mejorar, porque siempre estamos en aprendizaje\u201d.<\/p>\n\n\n\n<figure class=\"wp-block-gallery has-nested-images columns-default is-cropped wp-block-gallery-1 is-layout-flex wp-block-gallery-is-layout-flex\">\n<figure class=\"wp-block-image size-large\"><img loading=\"lazy\" decoding=\"async\" width=\"1024\" height=\"622\" data-id=\"72402\" src=\"https:\/\/web.molina.cl\/wp-content\/uploads\/2025\/04\/Foto-1-4-1024x622.jpeg\" alt=\"\" class=\"wp-image-72402\" srcset=\"https:\/\/web.molina.cl\/wp-content\/uploads\/2025\/04\/Foto-1-4-1024x622.jpeg 1024w, https:\/\/web.molina.cl\/wp-content\/uploads\/2025\/04\/Foto-1-4-300x182.jpeg 300w, https:\/\/web.molina.cl\/wp-content\/uploads\/2025\/04\/Foto-1-4-768x466.jpeg 768w, https:\/\/web.molina.cl\/wp-content\/uploads\/2025\/04\/Foto-1-4-1536x933.jpeg 1536w, https:\/\/web.molina.cl\/wp-content\/uploads\/2025\/04\/Foto-1-4-2048x1244.jpeg 2048w, https:\/\/web.molina.cl\/wp-content\/uploads\/2025\/04\/Foto-1-4-692x420.jpeg 692w, https:\/\/web.molina.cl\/wp-content\/uploads\/2025\/04\/Foto-1-4-696x423.jpeg 696w, https:\/\/web.molina.cl\/wp-content\/uploads\/2025\/04\/Foto-1-4-1068x649.jpeg 1068w, https:\/\/web.molina.cl\/wp-content\/uploads\/2025\/04\/Foto-1-4-1920x1166.jpeg 1920w\" sizes=\"(max-width: 1024px) 100vw, 1024px\" \/><\/figure>\n\n\n\n<figure class=\"wp-block-image size-large\"><img loading=\"lazy\" decoding=\"async\" width=\"1024\" height=\"769\" data-id=\"72400\" src=\"https:\/\/web.molina.cl\/wp-content\/uploads\/2025\/04\/Foto-2-3-1024x769.jpeg\" alt=\"\" class=\"wp-image-72400\" srcset=\"https:\/\/web.molina.cl\/wp-content\/uploads\/2025\/04\/Foto-2-3-1024x769.jpeg 1024w, https:\/\/web.molina.cl\/wp-content\/uploads\/2025\/04\/Foto-2-3-300x225.jpeg 300w, https:\/\/web.molina.cl\/wp-content\/uploads\/2025\/04\/Foto-2-3-768x577.jpeg 768w, https:\/\/web.molina.cl\/wp-content\/uploads\/2025\/04\/Foto-2-3-1536x1153.jpeg 1536w, https:\/\/web.molina.cl\/wp-content\/uploads\/2025\/04\/Foto-2-3-2048x1537.jpeg 2048w, https:\/\/web.molina.cl\/wp-content\/uploads\/2025\/04\/Foto-2-3-559x420.jpeg 559w, https:\/\/web.molina.cl\/wp-content\/uploads\/2025\/04\/Foto-2-3-80x60.jpeg 80w, https:\/\/web.molina.cl\/wp-content\/uploads\/2025\/04\/Foto-2-3-696x523.jpeg 696w, https:\/\/web.molina.cl\/wp-content\/uploads\/2025\/04\/Foto-2-3-1068x802.jpeg 1068w, https:\/\/web.molina.cl\/wp-content\/uploads\/2025\/04\/Foto-2-3-1920x1441.jpeg 1920w, https:\/\/web.molina.cl\/wp-content\/uploads\/2025\/04\/Foto-2-3-265x198.jpeg 265w\" sizes=\"(max-width: 1024px) 100vw, 1024px\" \/><\/figure>\n\n\n\n<figure class=\"wp-block-image size-large\"><img loading=\"lazy\" decoding=\"async\" width=\"1024\" height=\"769\" data-id=\"72398\" src=\"https:\/\/web.molina.cl\/wp-content\/uploads\/2025\/04\/Foto-3-3-1024x769.jpeg\" alt=\"\" class=\"wp-image-72398\" srcset=\"https:\/\/web.molina.cl\/wp-content\/uploads\/2025\/04\/Foto-3-3-1024x769.jpeg 1024w, https:\/\/web.molina.cl\/wp-content\/uploads\/2025\/04\/Foto-3-3-300x225.jpeg 300w, https:\/\/web.molina.cl\/wp-content\/uploads\/2025\/04\/Foto-3-3-768x577.jpeg 768w, https:\/\/web.molina.cl\/wp-content\/uploads\/2025\/04\/Foto-3-3-1536x1153.jpeg 1536w, https:\/\/web.molina.cl\/wp-content\/uploads\/2025\/04\/Foto-3-3-2048x1537.jpeg 2048w, https:\/\/web.molina.cl\/wp-content\/uploads\/2025\/04\/Foto-3-3-559x420.jpeg 559w, https:\/\/web.molina.cl\/wp-content\/uploads\/2025\/04\/Foto-3-3-80x60.jpeg 80w, https:\/\/web.molina.cl\/wp-content\/uploads\/2025\/04\/Foto-3-3-696x523.jpeg 696w, https:\/\/web.molina.cl\/wp-content\/uploads\/2025\/04\/Foto-3-3-1068x802.jpeg 1068w, https:\/\/web.molina.cl\/wp-content\/uploads\/2025\/04\/Foto-3-3-1920x1441.jpeg 1920w, https:\/\/web.molina.cl\/wp-content\/uploads\/2025\/04\/Foto-3-3-265x198.jpeg 265w\" sizes=\"(max-width: 1024px) 100vw, 1024px\" \/><\/figure>\n\n\n\n<figure class=\"wp-block-image size-large\"><img loading=\"lazy\" decoding=\"async\" width=\"1024\" height=\"769\" data-id=\"72399\" src=\"https:\/\/web.molina.cl\/wp-content\/uploads\/2025\/04\/Foto-4-2-1024x769.jpeg\" alt=\"\" class=\"wp-image-72399\" srcset=\"https:\/\/web.molina.cl\/wp-content\/uploads\/2025\/04\/Foto-4-2-1024x769.jpeg 1024w, https:\/\/web.molina.cl\/wp-content\/uploads\/2025\/04\/Foto-4-2-300x225.jpeg 300w, https:\/\/web.molina.cl\/wp-content\/uploads\/2025\/04\/Foto-4-2-768x577.jpeg 768w, https:\/\/web.molina.cl\/wp-content\/uploads\/2025\/04\/Foto-4-2-1536x1153.jpeg 1536w, https:\/\/web.molina.cl\/wp-content\/uploads\/2025\/04\/Foto-4-2-2048x1537.jpeg 2048w, https:\/\/web.molina.cl\/wp-content\/uploads\/2025\/04\/Foto-4-2-559x420.jpeg 559w, https:\/\/web.molina.cl\/wp-content\/uploads\/2025\/04\/Foto-4-2-80x60.jpeg 80w, https:\/\/web.molina.cl\/wp-content\/uploads\/2025\/04\/Foto-4-2-696x523.jpeg 696w, https:\/\/web.molina.cl\/wp-content\/uploads\/2025\/04\/Foto-4-2-1068x802.jpeg 1068w, https:\/\/web.molina.cl\/wp-content\/uploads\/2025\/04\/Foto-4-2-1920x1441.jpeg 1920w, https:\/\/web.molina.cl\/wp-content\/uploads\/2025\/04\/Foto-4-2-265x198.jpeg 265w\" sizes=\"(max-width: 1024px) 100vw, 1024px\" \/><\/figure>\n\n\n\n<figure class=\"wp-block-image size-large\"><img loading=\"lazy\" decoding=\"async\" width=\"1024\" height=\"495\" data-id=\"72401\" src=\"https:\/\/web.molina.cl\/wp-content\/uploads\/2025\/04\/Foto-5-1024x495.jpeg\" alt=\"\" class=\"wp-image-72401\" srcset=\"https:\/\/web.molina.cl\/wp-content\/uploads\/2025\/04\/Foto-5-1024x495.jpeg 1024w, https:\/\/web.molina.cl\/wp-content\/uploads\/2025\/04\/Foto-5-300x145.jpeg 300w, https:\/\/web.molina.cl\/wp-content\/uploads\/2025\/04\/Foto-5-768x371.jpeg 768w, https:\/\/web.molina.cl\/wp-content\/uploads\/2025\/04\/Foto-5-1536x743.jpeg 1536w, https:\/\/web.molina.cl\/wp-content\/uploads\/2025\/04\/Foto-5-2048x991.jpeg 2048w, https:\/\/web.molina.cl\/wp-content\/uploads\/2025\/04\/Foto-5-868x420.jpeg 868w, https:\/\/web.molina.cl\/wp-content\/uploads\/2025\/04\/Foto-5-696x337.jpeg 696w, https:\/\/web.molina.cl\/wp-content\/uploads\/2025\/04\/Foto-5-1068x517.jpeg 1068w, https:\/\/web.molina.cl\/wp-content\/uploads\/2025\/04\/Foto-5-1920x929.jpeg 1920w\" sizes=\"(max-width: 1024px) 100vw, 1024px\" \/><\/figure>\n<\/figure>\n","protected":false},"excerpt":{"rendered":"<p>El proyecto fue desarrollado por la Corporaci\u00f3n Municipal de Cultura de la comuna y financiado por el Gobierno Regional del Maule. Manifestaciones art\u00edsticas para todos los gustos fue parte de lo que se vivi\u00f3 en Molina con motivo de la gala de la Escuela Formativa de las Artes. Se trata de un proyecto que contempl\u00f3 [&hellip;]<\/p>\n","protected":false},"author":2,"featured_media":72402,"comment_status":"closed","ping_status":"open","sticky":false,"template":"","format":"standard","meta":{"footnotes":""},"categories":[2],"tags":[],"_links":{"self":[{"href":"https:\/\/web.molina.cl\/index.php?rest_route=\/wp\/v2\/posts\/72397"}],"collection":[{"href":"https:\/\/web.molina.cl\/index.php?rest_route=\/wp\/v2\/posts"}],"about":[{"href":"https:\/\/web.molina.cl\/index.php?rest_route=\/wp\/v2\/types\/post"}],"author":[{"embeddable":true,"href":"https:\/\/web.molina.cl\/index.php?rest_route=\/wp\/v2\/users\/2"}],"replies":[{"embeddable":true,"href":"https:\/\/web.molina.cl\/index.php?rest_route=%2Fwp%2Fv2%2Fcomments&post=72397"}],"version-history":[{"count":1,"href":"https:\/\/web.molina.cl\/index.php?rest_route=\/wp\/v2\/posts\/72397\/revisions"}],"predecessor-version":[{"id":72403,"href":"https:\/\/web.molina.cl\/index.php?rest_route=\/wp\/v2\/posts\/72397\/revisions\/72403"}],"wp:featuredmedia":[{"embeddable":true,"href":"https:\/\/web.molina.cl\/index.php?rest_route=\/wp\/v2\/media\/72402"}],"wp:attachment":[{"href":"https:\/\/web.molina.cl\/index.php?rest_route=%2Fwp%2Fv2%2Fmedia&parent=72397"}],"wp:term":[{"taxonomy":"category","embeddable":true,"href":"https:\/\/web.molina.cl\/index.php?rest_route=%2Fwp%2Fv2%2Fcategories&post=72397"},{"taxonomy":"post_tag","embeddable":true,"href":"https:\/\/web.molina.cl\/index.php?rest_route=%2Fwp%2Fv2%2Ftags&post=72397"}],"curies":[{"name":"wp","href":"https:\/\/api.w.org\/{rel}","templated":true}]}}