{"id":72377,"date":"2025-04-08T10:12:01","date_gmt":"2025-04-08T14:12:01","guid":{"rendered":"https:\/\/web.molina.cl\/?p=72377"},"modified":"2025-04-08T10:12:02","modified_gmt":"2025-04-08T14:12:02","slug":"mas-de-300-pacientes-acuden-a-mega-operativo-de-prevencion-del-cancer-gastrico-en-molina","status":"publish","type":"post","link":"https:\/\/web.molina.cl\/?p=72377","title":{"rendered":"M\u00e1s de 300 pacientes acuden a mega-operativo de prevenci\u00f3n del c\u00e1ncer g\u00e1strico en Molina"},"content":{"rendered":"\n<h2 class=\"wp-block-heading\">La jornada organizada por el municipio cont\u00f3 tambi\u00e9n con stands informativos de salud, educaci\u00f3n y temas judiciales.<\/h2>\n\n\n\n<p>Una masiva jornada para prevenir y detectar a tiempo el c\u00e1ncer g\u00e1strico tuvo lugar en la Plaza de Molina, con una serie de stands y profesionales de la salud realizando ex\u00e1menes de forma gratuita.<\/p>\n\n\n\n<p>El mega-operativo se desarroll\u00f3 entre el Departamento de Salud del municipio, el Departamento de Educaci\u00f3n (DAEM), el Hospital Santa Rosa y el Servicio de Salud del Maule, pensando en combatir los altos \u00edndices que presenta la comuna en este tipo de c\u00e1ncer; raz\u00f3n por la que se practicaron los test de aire espirado a m\u00e1s de 300 personas que se acercaron al c\u00e9ntrico lugar.<\/p>\n\n\n\n<p>Junto con este servicio para pesquisar la bacteria \u201chelicobacter pylori\u201d, se dispuso el suministro de vacunas contra enfermedades como la influenza, el virus sincicial y el Covid-19 a la poblaci\u00f3n objetivo, permitiendo as\u00ed avanzar en la campa\u00f1a de inmunizaci\u00f3n.<\/p>\n\n\n\n<p><strong>POR UNA RED COMUNAL<\/strong><\/p>\n\n\n\n<p>El alcalde de la comuna, Felipe M\u00e9ndez, se\u00f1al\u00f3 la importancia del trabajo en equipo entre instituciones para crear una red de salud potente que permita proteger a la poblaci\u00f3n, evaluando positivamente a la jornada.<\/p>\n\n\n\n<p>Sobre el operativo, el jefe edilicio afirm\u00f3 que \u201clo hemos desarrollado en conjunto para estrechar lazos con la comunidad. Ya no queremos trabajar como islas, sino que en equipo. Estas actividades las seguiremos realizando, se viene una en Lontu\u00e9 y esperamos estar tambi\u00e9n en las poblaciones de la comuna\u201d.<\/p>\n\n\n\n<p>Por su parte, la Directora(s) Comunal de Salud, Nicole Villalobos, evalu\u00f3 positivamente el despliegue de los funcionarios, aseverando que \u201ces una actividad que ha tenido un respaldo muy importante de nuestro alcalde, quien ha dispuesto los equipos y recursos necesarios. Hemos tenido una tremenda participaci\u00f3n de la poblaci\u00f3n en la toma de aire espirado, vacunas y otros ex\u00e1menes preventivos\u201d.<\/p>\n\n\n\n<p><strong>VALORAN CONVOCATORIA<\/strong><\/p>\n\n\n\n<p>En tanto, la Directora del Servicio de Salud del Maule, Marta Caro, destac\u00f3 la alta convocatoria que tuvo el operativo, a\u00f1adiendo que \u201cestamos muy contentos de ver esta gran presencia de la comunidad y del trabajo conjunto que estamos haciendo con el alcalde Felipe M\u00e9ndez, el director del Hospital Santa Rosa, Nilton Palacios, y la Consejera Regional, Mirtha Segura. Esto nos llena de orgullo y queremos seguir de esta forma, trabajando con las autoridades y la comunidad\u201d.<\/p>\n\n\n\n<p>Los pacientes, como Caroline Riquelme, agradecieron la oportunidad de realizar acciones preventivas ante una enfermedad tan grave como el c\u00e1ncer g\u00e1strico, ya que \u201ces una oportunidad que no hab\u00eda visto antes\u201d, a\u00f1adiendo que \u201chay muchos stands informativos tambi\u00e9n de educaci\u00f3n y de temas judiciales, est\u00e1 muy completo todo\u201d.<\/p>\n\n\n\n<p>Desde el municipio anunciaron que, dada la buena respuesta del p\u00fablico, est\u00e1 en carpeta realizar otro operativo, pero esta vez en la hist\u00f3rica localidad de Lontu\u00e9.<\/p>\n\n\n\n<figure class=\"wp-block-gallery has-nested-images columns-default is-cropped wp-block-gallery-1 is-layout-flex wp-block-gallery-is-layout-flex\">\n<figure class=\"wp-block-image size-large\"><img loading=\"lazy\" decoding=\"async\" width=\"1024\" height=\"768\" data-id=\"72380\" src=\"https:\/\/web.molina.cl\/wp-content\/uploads\/2025\/04\/Foto-1-2-1024x768.jpeg\" alt=\"\" class=\"wp-image-72380\" srcset=\"https:\/\/web.molina.cl\/wp-content\/uploads\/2025\/04\/Foto-1-2-1024x768.jpeg 1024w, https:\/\/web.molina.cl\/wp-content\/uploads\/2025\/04\/Foto-1-2-300x225.jpeg 300w, https:\/\/web.molina.cl\/wp-content\/uploads\/2025\/04\/Foto-1-2-768x576.jpeg 768w, https:\/\/web.molina.cl\/wp-content\/uploads\/2025\/04\/Foto-1-2-1536x1152.jpeg 1536w, https:\/\/web.molina.cl\/wp-content\/uploads\/2025\/04\/Foto-1-2-560x420.jpeg 560w, https:\/\/web.molina.cl\/wp-content\/uploads\/2025\/04\/Foto-1-2-80x60.jpeg 80w, https:\/\/web.molina.cl\/wp-content\/uploads\/2025\/04\/Foto-1-2-696x522.jpeg 696w, https:\/\/web.molina.cl\/wp-content\/uploads\/2025\/04\/Foto-1-2-1068x801.jpeg 1068w, https:\/\/web.molina.cl\/wp-content\/uploads\/2025\/04\/Foto-1-2-265x198.jpeg 265w, https:\/\/web.molina.cl\/wp-content\/uploads\/2025\/04\/Foto-1-2.jpeg 1600w\" sizes=\"(max-width: 1024px) 100vw, 1024px\" \/><\/figure>\n\n\n\n<figure class=\"wp-block-image size-large\"><img loading=\"lazy\" decoding=\"async\" width=\"1024\" height=\"768\" data-id=\"72379\" src=\"https:\/\/web.molina.cl\/wp-content\/uploads\/2025\/04\/Foto-2-1-1024x768.jpeg\" alt=\"\" class=\"wp-image-72379\" srcset=\"https:\/\/web.molina.cl\/wp-content\/uploads\/2025\/04\/Foto-2-1-1024x768.jpeg 1024w, https:\/\/web.molina.cl\/wp-content\/uploads\/2025\/04\/Foto-2-1-300x225.jpeg 300w, https:\/\/web.molina.cl\/wp-content\/uploads\/2025\/04\/Foto-2-1-768x576.jpeg 768w, https:\/\/web.molina.cl\/wp-content\/uploads\/2025\/04\/Foto-2-1-1536x1152.jpeg 1536w, https:\/\/web.molina.cl\/wp-content\/uploads\/2025\/04\/Foto-2-1-560x420.jpeg 560w, https:\/\/web.molina.cl\/wp-content\/uploads\/2025\/04\/Foto-2-1-80x60.jpeg 80w, https:\/\/web.molina.cl\/wp-content\/uploads\/2025\/04\/Foto-2-1-696x522.jpeg 696w, https:\/\/web.molina.cl\/wp-content\/uploads\/2025\/04\/Foto-2-1-1068x801.jpeg 1068w, https:\/\/web.molina.cl\/wp-content\/uploads\/2025\/04\/Foto-2-1-265x198.jpeg 265w, https:\/\/web.molina.cl\/wp-content\/uploads\/2025\/04\/Foto-2-1.jpeg 1600w\" sizes=\"(max-width: 1024px) 100vw, 1024px\" \/><\/figure>\n\n\n\n<figure class=\"wp-block-image size-large\"><img loading=\"lazy\" decoding=\"async\" width=\"1024\" height=\"768\" data-id=\"72381\" src=\"https:\/\/web.molina.cl\/wp-content\/uploads\/2025\/04\/Foto-3-1-1024x768.jpeg\" alt=\"\" class=\"wp-image-72381\" srcset=\"https:\/\/web.molina.cl\/wp-content\/uploads\/2025\/04\/Foto-3-1-1024x768.jpeg 1024w, https:\/\/web.molina.cl\/wp-content\/uploads\/2025\/04\/Foto-3-1-300x225.jpeg 300w, https:\/\/web.molina.cl\/wp-content\/uploads\/2025\/04\/Foto-3-1-768x576.jpeg 768w, https:\/\/web.molina.cl\/wp-content\/uploads\/2025\/04\/Foto-3-1-1536x1152.jpeg 1536w, https:\/\/web.molina.cl\/wp-content\/uploads\/2025\/04\/Foto-3-1-560x420.jpeg 560w, https:\/\/web.molina.cl\/wp-content\/uploads\/2025\/04\/Foto-3-1-80x60.jpeg 80w, https:\/\/web.molina.cl\/wp-content\/uploads\/2025\/04\/Foto-3-1-696x522.jpeg 696w, https:\/\/web.molina.cl\/wp-content\/uploads\/2025\/04\/Foto-3-1-1068x801.jpeg 1068w, https:\/\/web.molina.cl\/wp-content\/uploads\/2025\/04\/Foto-3-1-265x198.jpeg 265w, https:\/\/web.molina.cl\/wp-content\/uploads\/2025\/04\/Foto-3-1.jpeg 1600w\" sizes=\"(max-width: 1024px) 100vw, 1024px\" \/><\/figure>\n\n\n\n<figure class=\"wp-block-image size-large\"><img loading=\"lazy\" decoding=\"async\" width=\"1024\" height=\"768\" data-id=\"72378\" src=\"https:\/\/web.molina.cl\/wp-content\/uploads\/2025\/04\/Foto-4-1-1024x768.jpeg\" alt=\"\" class=\"wp-image-72378\" srcset=\"https:\/\/web.molina.cl\/wp-content\/uploads\/2025\/04\/Foto-4-1-1024x768.jpeg 1024w, https:\/\/web.molina.cl\/wp-content\/uploads\/2025\/04\/Foto-4-1-300x225.jpeg 300w, https:\/\/web.molina.cl\/wp-content\/uploads\/2025\/04\/Foto-4-1-768x576.jpeg 768w, https:\/\/web.molina.cl\/wp-content\/uploads\/2025\/04\/Foto-4-1-1536x1152.jpeg 1536w, https:\/\/web.molina.cl\/wp-content\/uploads\/2025\/04\/Foto-4-1-560x420.jpeg 560w, https:\/\/web.molina.cl\/wp-content\/uploads\/2025\/04\/Foto-4-1-80x60.jpeg 80w, https:\/\/web.molina.cl\/wp-content\/uploads\/2025\/04\/Foto-4-1-696x522.jpeg 696w, https:\/\/web.molina.cl\/wp-content\/uploads\/2025\/04\/Foto-4-1-1068x801.jpeg 1068w, https:\/\/web.molina.cl\/wp-content\/uploads\/2025\/04\/Foto-4-1-265x198.jpeg 265w, https:\/\/web.molina.cl\/wp-content\/uploads\/2025\/04\/Foto-4-1.jpeg 1600w\" sizes=\"(max-width: 1024px) 100vw, 1024px\" \/><\/figure>\n<\/figure>\n","protected":false},"excerpt":{"rendered":"<p>La jornada organizada por el municipio cont\u00f3 tambi\u00e9n con stands informativos de salud, educaci\u00f3n y temas judiciales. Una masiva jornada para prevenir y detectar a tiempo el c\u00e1ncer g\u00e1strico tuvo lugar en la Plaza de Molina, con una serie de stands y profesionales de la salud realizando ex\u00e1menes de forma gratuita. El mega-operativo se desarroll\u00f3 [&hellip;]<\/p>\n","protected":false},"author":2,"featured_media":72380,"comment_status":"closed","ping_status":"open","sticky":false,"template":"","format":"standard","meta":{"footnotes":""},"categories":[7],"tags":[],"_links":{"self":[{"href":"https:\/\/web.molina.cl\/index.php?rest_route=\/wp\/v2\/posts\/72377"}],"collection":[{"href":"https:\/\/web.molina.cl\/index.php?rest_route=\/wp\/v2\/posts"}],"about":[{"href":"https:\/\/web.molina.cl\/index.php?rest_route=\/wp\/v2\/types\/post"}],"author":[{"embeddable":true,"href":"https:\/\/web.molina.cl\/index.php?rest_route=\/wp\/v2\/users\/2"}],"replies":[{"embeddable":true,"href":"https:\/\/web.molina.cl\/index.php?rest_route=%2Fwp%2Fv2%2Fcomments&post=72377"}],"version-history":[{"count":1,"href":"https:\/\/web.molina.cl\/index.php?rest_route=\/wp\/v2\/posts\/72377\/revisions"}],"predecessor-version":[{"id":72382,"href":"https:\/\/web.molina.cl\/index.php?rest_route=\/wp\/v2\/posts\/72377\/revisions\/72382"}],"wp:featuredmedia":[{"embeddable":true,"href":"https:\/\/web.molina.cl\/index.php?rest_route=\/wp\/v2\/media\/72380"}],"wp:attachment":[{"href":"https:\/\/web.molina.cl\/index.php?rest_route=%2Fwp%2Fv2%2Fmedia&parent=72377"}],"wp:term":[{"taxonomy":"category","embeddable":true,"href":"https:\/\/web.molina.cl\/index.php?rest_route=%2Fwp%2Fv2%2Fcategories&post=72377"},{"taxonomy":"post_tag","embeddable":true,"href":"https:\/\/web.molina.cl\/index.php?rest_route=%2Fwp%2Fv2%2Ftags&post=72377"}],"curies":[{"name":"wp","href":"https:\/\/api.w.org\/{rel}","templated":true}]}}