{"id":72359,"date":"2025-04-08T09:59:13","date_gmt":"2025-04-08T13:59:13","guid":{"rendered":"https:\/\/web.molina.cl\/?p=72359"},"modified":"2025-04-08T09:59:13","modified_gmt":"2025-04-08T13:59:13","slug":"llaman-a-manejar-con-precaucion-realizan-lavado-de-calles-por-residuos-de-camiones-agricolas-en-molina","status":"publish","type":"post","link":"https:\/\/web.molina.cl\/?p=72359","title":{"rendered":"Llaman a manejar con precauci\u00f3n: Realizan lavado de calles por residuos de camiones agr\u00edcolas en Molina"},"content":{"rendered":"\n<h2 class=\"wp-block-heading\">El equipo municipal efect\u00faa estas labores en la entrada de Lontu\u00e9 y Sagrada Familia.<\/h2>\n\n\n\n<p>Evitar accidentes de tr\u00e1nsito y posibles cat\u00e1strofes es el objetivo del municipio de Molina con la serie de operativos de limpieza y lavado de calles que viene realizando en puntos estrat\u00e9gicos.<\/p>\n\n\n\n<p>Tal es el caso de las v\u00edas de acceso a Lontu\u00e9 y Sagrada Familia, por los que se despleg\u00f3 el contingente de funcionarios limpiando con maquinaria los l\u00edquidos percolados que caen desde los camiones con carga agr\u00edcola.<\/p>\n\n\n\n<p>Dada la \u00e9poca de cosecha, el alcalde de Molina, Felipe M\u00e9ndez, instruy\u00f3 que se efect\u00faen de manera regular estos procedimientos para disminuir el riesgo de colisiones en los lugares de mayor tr\u00e1nsito vehicular.<\/p>\n\n\n\n<p>\u201cJunto a nuestro equipo de Operaciones, con el personal de Aseo y Ornato, estamos realizando jornadas de limpieza en las calles principales para evitar accidentes de tr\u00e1nsito debido a la presencia de los l\u00edquidos que emanan los camiones con cosechas propias de la \u00e9poca. Por tanto, hacemos un llamado a la comunidad a manejar con precauci\u00f3n, como tambi\u00e9n a las empresas a que tengan cuidado con los traslados de sus camiones\u201d, dijo la primera autoridad comunal.<\/p>\n\n\n\n<p>Acompa\u00f1ando el operativo estuvo el personal de la Cuarta Comisar\u00eda de Carabineros de Molina. Sobre la jornada, el Suboficial Mayor Mario Matamala Troncoso, de la Oficina de Integraci\u00f3n Comunitaria, hizo un especial llamado \u201ca los conductores a tener precauci\u00f3n por los l\u00edquidos que caen de los camiones de fruta, principalmente tomates y uvas. Adem\u00e1s, para el d\u00eda domingo se pronostican lluvias, por lo que se aprovecha esta instancia para efectuar el lavado de la ruta para evitar alg\u00fan tipo de accidente\u201d.<\/p>\n\n\n\n<figure class=\"wp-block-gallery has-nested-images columns-default is-cropped wp-block-gallery-1 is-layout-flex wp-block-gallery-is-layout-flex\">\n<figure class=\"wp-block-image size-large\"><img loading=\"lazy\" decoding=\"async\" width=\"1024\" height=\"769\" data-id=\"72362\" src=\"https:\/\/web.molina.cl\/wp-content\/uploads\/2025\/04\/Foto-1-1024x769.jpg\" alt=\"\" class=\"wp-image-72362\" srcset=\"https:\/\/web.molina.cl\/wp-content\/uploads\/2025\/04\/Foto-1-1024x769.jpg 1024w, https:\/\/web.molina.cl\/wp-content\/uploads\/2025\/04\/Foto-1-300x225.jpg 300w, https:\/\/web.molina.cl\/wp-content\/uploads\/2025\/04\/Foto-1-768x577.jpg 768w, https:\/\/web.molina.cl\/wp-content\/uploads\/2025\/04\/Foto-1-1536x1153.jpg 1536w, https:\/\/web.molina.cl\/wp-content\/uploads\/2025\/04\/Foto-1-2048x1538.jpg 2048w, https:\/\/web.molina.cl\/wp-content\/uploads\/2025\/04\/Foto-1-559x420.jpg 559w, https:\/\/web.molina.cl\/wp-content\/uploads\/2025\/04\/Foto-1-80x60.jpg 80w, https:\/\/web.molina.cl\/wp-content\/uploads\/2025\/04\/Foto-1-696x523.jpg 696w, https:\/\/web.molina.cl\/wp-content\/uploads\/2025\/04\/Foto-1-1068x802.jpg 1068w, https:\/\/web.molina.cl\/wp-content\/uploads\/2025\/04\/Foto-1-1920x1441.jpg 1920w, https:\/\/web.molina.cl\/wp-content\/uploads\/2025\/04\/Foto-1-265x198.jpg 265w\" sizes=\"(max-width: 1024px) 100vw, 1024px\" \/><\/figure>\n\n\n\n<figure class=\"wp-block-image size-large\"><img loading=\"lazy\" decoding=\"async\" width=\"1024\" height=\"769\" data-id=\"72361\" src=\"https:\/\/web.molina.cl\/wp-content\/uploads\/2025\/04\/Foto-2-1-1024x769.jpg\" alt=\"\" class=\"wp-image-72361\" srcset=\"https:\/\/web.molina.cl\/wp-content\/uploads\/2025\/04\/Foto-2-1-1024x769.jpg 1024w, https:\/\/web.molina.cl\/wp-content\/uploads\/2025\/04\/Foto-2-1-300x225.jpg 300w, https:\/\/web.molina.cl\/wp-content\/uploads\/2025\/04\/Foto-2-1-768x577.jpg 768w, https:\/\/web.molina.cl\/wp-content\/uploads\/2025\/04\/Foto-2-1-1536x1153.jpg 1536w, https:\/\/web.molina.cl\/wp-content\/uploads\/2025\/04\/Foto-2-1-2048x1538.jpg 2048w, https:\/\/web.molina.cl\/wp-content\/uploads\/2025\/04\/Foto-2-1-559x420.jpg 559w, https:\/\/web.molina.cl\/wp-content\/uploads\/2025\/04\/Foto-2-1-80x60.jpg 80w, https:\/\/web.molina.cl\/wp-content\/uploads\/2025\/04\/Foto-2-1-696x523.jpg 696w, https:\/\/web.molina.cl\/wp-content\/uploads\/2025\/04\/Foto-2-1-1068x802.jpg 1068w, https:\/\/web.molina.cl\/wp-content\/uploads\/2025\/04\/Foto-2-1-1920x1441.jpg 1920w, https:\/\/web.molina.cl\/wp-content\/uploads\/2025\/04\/Foto-2-1-265x198.jpg 265w\" sizes=\"(max-width: 1024px) 100vw, 1024px\" \/><\/figure>\n\n\n\n<figure class=\"wp-block-image size-large\"><img loading=\"lazy\" decoding=\"async\" width=\"1024\" height=\"769\" data-id=\"72364\" src=\"https:\/\/web.molina.cl\/wp-content\/uploads\/2025\/04\/Foto-3-1-1024x769.jpg\" alt=\"\" class=\"wp-image-72364\" srcset=\"https:\/\/web.molina.cl\/wp-content\/uploads\/2025\/04\/Foto-3-1-1024x769.jpg 1024w, https:\/\/web.molina.cl\/wp-content\/uploads\/2025\/04\/Foto-3-1-300x225.jpg 300w, https:\/\/web.molina.cl\/wp-content\/uploads\/2025\/04\/Foto-3-1-768x577.jpg 768w, https:\/\/web.molina.cl\/wp-content\/uploads\/2025\/04\/Foto-3-1-1536x1153.jpg 1536w, https:\/\/web.molina.cl\/wp-content\/uploads\/2025\/04\/Foto-3-1-2048x1538.jpg 2048w, https:\/\/web.molina.cl\/wp-content\/uploads\/2025\/04\/Foto-3-1-559x420.jpg 559w, https:\/\/web.molina.cl\/wp-content\/uploads\/2025\/04\/Foto-3-1-80x60.jpg 80w, https:\/\/web.molina.cl\/wp-content\/uploads\/2025\/04\/Foto-3-1-696x523.jpg 696w, https:\/\/web.molina.cl\/wp-content\/uploads\/2025\/04\/Foto-3-1-1068x802.jpg 1068w, https:\/\/web.molina.cl\/wp-content\/uploads\/2025\/04\/Foto-3-1-1920x1441.jpg 1920w, https:\/\/web.molina.cl\/wp-content\/uploads\/2025\/04\/Foto-3-1-265x198.jpg 265w\" sizes=\"(max-width: 1024px) 100vw, 1024px\" \/><\/figure>\n\n\n\n<figure class=\"wp-block-image size-large\"><img loading=\"lazy\" decoding=\"async\" width=\"1024\" height=\"769\" data-id=\"72365\" src=\"https:\/\/web.molina.cl\/wp-content\/uploads\/2025\/04\/Foto-4-1-1024x769.jpg\" alt=\"\" class=\"wp-image-72365\" srcset=\"https:\/\/web.molina.cl\/wp-content\/uploads\/2025\/04\/Foto-4-1-1024x769.jpg 1024w, https:\/\/web.molina.cl\/wp-content\/uploads\/2025\/04\/Foto-4-1-300x225.jpg 300w, https:\/\/web.molina.cl\/wp-content\/uploads\/2025\/04\/Foto-4-1-768x577.jpg 768w, https:\/\/web.molina.cl\/wp-content\/uploads\/2025\/04\/Foto-4-1-1536x1153.jpg 1536w, https:\/\/web.molina.cl\/wp-content\/uploads\/2025\/04\/Foto-4-1-2048x1538.jpg 2048w, https:\/\/web.molina.cl\/wp-content\/uploads\/2025\/04\/Foto-4-1-559x420.jpg 559w, https:\/\/web.molina.cl\/wp-content\/uploads\/2025\/04\/Foto-4-1-80x60.jpg 80w, https:\/\/web.molina.cl\/wp-content\/uploads\/2025\/04\/Foto-4-1-696x523.jpg 696w, https:\/\/web.molina.cl\/wp-content\/uploads\/2025\/04\/Foto-4-1-1068x802.jpg 1068w, https:\/\/web.molina.cl\/wp-content\/uploads\/2025\/04\/Foto-4-1-1920x1441.jpg 1920w, https:\/\/web.molina.cl\/wp-content\/uploads\/2025\/04\/Foto-4-1-265x198.jpg 265w\" sizes=\"(max-width: 1024px) 100vw, 1024px\" \/><\/figure>\n\n\n\n<figure class=\"wp-block-image size-large\"><img loading=\"lazy\" decoding=\"async\" width=\"1024\" height=\"769\" data-id=\"72363\" src=\"https:\/\/web.molina.cl\/wp-content\/uploads\/2025\/04\/Foto-5-1024x769.jpg\" alt=\"\" class=\"wp-image-72363\" srcset=\"https:\/\/web.molina.cl\/wp-content\/uploads\/2025\/04\/Foto-5-1024x769.jpg 1024w, https:\/\/web.molina.cl\/wp-content\/uploads\/2025\/04\/Foto-5-300x225.jpg 300w, https:\/\/web.molina.cl\/wp-content\/uploads\/2025\/04\/Foto-5-768x577.jpg 768w, https:\/\/web.molina.cl\/wp-content\/uploads\/2025\/04\/Foto-5-1536x1153.jpg 1536w, https:\/\/web.molina.cl\/wp-content\/uploads\/2025\/04\/Foto-5-2048x1538.jpg 2048w, https:\/\/web.molina.cl\/wp-content\/uploads\/2025\/04\/Foto-5-559x420.jpg 559w, https:\/\/web.molina.cl\/wp-content\/uploads\/2025\/04\/Foto-5-80x60.jpg 80w, https:\/\/web.molina.cl\/wp-content\/uploads\/2025\/04\/Foto-5-696x523.jpg 696w, https:\/\/web.molina.cl\/wp-content\/uploads\/2025\/04\/Foto-5-1068x802.jpg 1068w, https:\/\/web.molina.cl\/wp-content\/uploads\/2025\/04\/Foto-5-1920x1441.jpg 1920w, https:\/\/web.molina.cl\/wp-content\/uploads\/2025\/04\/Foto-5-265x198.jpg 265w\" sizes=\"(max-width: 1024px) 100vw, 1024px\" \/><\/figure>\n<\/figure>\n","protected":false},"excerpt":{"rendered":"<p>El equipo municipal efect\u00faa estas labores en la entrada de Lontu\u00e9 y Sagrada Familia. Evitar accidentes de tr\u00e1nsito y posibles cat\u00e1strofes es el objetivo del municipio de Molina con la serie de operativos de limpieza y lavado de calles que viene realizando en puntos estrat\u00e9gicos. Tal es el caso de las v\u00edas de acceso a [&hellip;]<\/p>\n","protected":false},"author":2,"featured_media":72362,"comment_status":"closed","ping_status":"open","sticky":false,"template":"","format":"standard","meta":{"footnotes":""},"categories":[3514,21,3212],"tags":[],"_links":{"self":[{"href":"https:\/\/web.molina.cl\/index.php?rest_route=\/wp\/v2\/posts\/72359"}],"collection":[{"href":"https:\/\/web.molina.cl\/index.php?rest_route=\/wp\/v2\/posts"}],"about":[{"href":"https:\/\/web.molina.cl\/index.php?rest_route=\/wp\/v2\/types\/post"}],"author":[{"embeddable":true,"href":"https:\/\/web.molina.cl\/index.php?rest_route=\/wp\/v2\/users\/2"}],"replies":[{"embeddable":true,"href":"https:\/\/web.molina.cl\/index.php?rest_route=%2Fwp%2Fv2%2Fcomments&post=72359"}],"version-history":[{"count":1,"href":"https:\/\/web.molina.cl\/index.php?rest_route=\/wp\/v2\/posts\/72359\/revisions"}],"predecessor-version":[{"id":72366,"href":"https:\/\/web.molina.cl\/index.php?rest_route=\/wp\/v2\/posts\/72359\/revisions\/72366"}],"wp:featuredmedia":[{"embeddable":true,"href":"https:\/\/web.molina.cl\/index.php?rest_route=\/wp\/v2\/media\/72362"}],"wp:attachment":[{"href":"https:\/\/web.molina.cl\/index.php?rest_route=%2Fwp%2Fv2%2Fmedia&parent=72359"}],"wp:term":[{"taxonomy":"category","embeddable":true,"href":"https:\/\/web.molina.cl\/index.php?rest_route=%2Fwp%2Fv2%2Fcategories&post=72359"},{"taxonomy":"post_tag","embeddable":true,"href":"https:\/\/web.molina.cl\/index.php?rest_route=%2Fwp%2Fv2%2Ftags&post=72359"}],"curies":[{"name":"wp","href":"https:\/\/api.w.org\/{rel}","templated":true}]}}