{"id":72294,"date":"2025-03-21T12:16:15","date_gmt":"2025-03-21T16:16:15","guid":{"rendered":"https:\/\/web.molina.cl\/?p=72294"},"modified":"2025-03-21T12:16:16","modified_gmt":"2025-03-21T16:16:16","slug":"alcalde-de-molina-pide-al-congreso-aprobar-ley-de-seguridad-municipal","status":"publish","type":"post","link":"https:\/\/web.molina.cl\/?p=72294","title":{"rendered":"Alcalde de Molina pide al Congreso aprobar Ley de Seguridad Municipal"},"content":{"rendered":"\n<h2 class=\"wp-block-heading\">El jefe comunal, Felipe M\u00e9ndez, afirm\u00f3 que \u201cnecesitamos m\u00e1s herramientas, implementaci\u00f3n y recursos\u201d para luchar contra la delincuencia.<\/h2>\n\n\n\n<p>Un llamado a los parlamentarios de la zona hizo el alcalde de Molina, Felipe M\u00e9ndez, para que se pongan de acuerdo y aprueben a la brevedad la Ley de Seguridad Municipal.<\/p>\n\n\n\n<p>El jefe edilicio entreg\u00f3 una carta a los senadores y diputados de la Regi\u00f3n del Maule para que den luz verde al proyecto de ley que permitir\u00e1 dotar de mayores atribuciones a los inspectores de Seguridad P\u00fablica, como tambi\u00e9n brindarles mejor equipamiento para su trabajo.<\/p>\n\n\n\n<p>La primera autoridad comunal calific\u00f3 de suma importancia contar con una normativa legal actualizada, que permita a los municipios ser un aporte real al combate contra la delincuencia y que sanciones a quienes agredan a los inspectores, tal como ha sucedido en algunas ciudades del pa\u00eds.<\/p>\n\n\n\n<p><strong>VECINOS PIDEN SEGURIDAD<\/strong><\/p>\n\n\n\n<p>\u201cComo municipio estamos muy preocupados por la seguridad\u201d, declar\u00f3 el alcalde Felipe M\u00e9ndez, asegurando que \u201clos vecinos, en todas las reuniones a las que asistimos, nos piden mayor seguridad en los barrios. Nosotros la estamos reforzando con nuestro equipo de Seguridad P\u00fablica, pero necesitamos m\u00e1s herramientas, mayor implementaci\u00f3n y recursos\u201d.<\/p>\n\n\n\n<p>Por tal motivo, el jefe comunal molinense explic\u00f3 que \u201cle exigimos a los parlamentarios de nuestra zona, con los que ya nos hemos comunicado, que puedan aprobar el proyecto de ley que est\u00e1 en el Congreso\u201d, comentando tambi\u00e9n que \u201cestamos en coordinaci\u00f3n con los dem\u00e1s alcaldes, porque queremos mayores herramientas para enfrentar la delincuencia en nuestra comuna y a nivel nacional\u201d.<\/p>\n\n\n\n<p>A inicios de esta semana, el Senado aprob\u00f3 la idea de legislar el proyecto de ley, sin embargo, todav\u00eda queda en discusi\u00f3n tanto el financiamiento como las facultades que tendr\u00e1n los municipios en las labores de seguridad.<\/p>\n\n\n\n<figure class=\"wp-block-image size-large\"><img loading=\"lazy\" decoding=\"async\" width=\"1024\" height=\"613\" src=\"https:\/\/web.molina.cl\/wp-content\/uploads\/2025\/03\/Foto-1-4-1024x613.jpg\" alt=\"\" class=\"wp-image-72295\" srcset=\"https:\/\/web.molina.cl\/wp-content\/uploads\/2025\/03\/Foto-1-4-1024x613.jpg 1024w, https:\/\/web.molina.cl\/wp-content\/uploads\/2025\/03\/Foto-1-4-300x180.jpg 300w, https:\/\/web.molina.cl\/wp-content\/uploads\/2025\/03\/Foto-1-4-768x460.jpg 768w, https:\/\/web.molina.cl\/wp-content\/uploads\/2025\/03\/Foto-1-4-702x420.jpg 702w, https:\/\/web.molina.cl\/wp-content\/uploads\/2025\/03\/Foto-1-4-696x417.jpg 696w, https:\/\/web.molina.cl\/wp-content\/uploads\/2025\/03\/Foto-1-4-1068x639.jpg 1068w, https:\/\/web.molina.cl\/wp-content\/uploads\/2025\/03\/Foto-1-4.jpg 1253w\" sizes=\"(max-width: 1024px) 100vw, 1024px\" \/><\/figure>\n\n\n\n<figure class=\"wp-block-image size-large\"><img loading=\"lazy\" decoding=\"async\" width=\"1024\" height=\"803\" src=\"https:\/\/web.molina.cl\/wp-content\/uploads\/2025\/03\/Foto-2-4-1024x803.jpg\" alt=\"\" class=\"wp-image-72296\" srcset=\"https:\/\/web.molina.cl\/wp-content\/uploads\/2025\/03\/Foto-2-4-1024x803.jpg 1024w, https:\/\/web.molina.cl\/wp-content\/uploads\/2025\/03\/Foto-2-4-300x235.jpg 300w, https:\/\/web.molina.cl\/wp-content\/uploads\/2025\/03\/Foto-2-4-768x602.jpg 768w, https:\/\/web.molina.cl\/wp-content\/uploads\/2025\/03\/Foto-2-4-536x420.jpg 536w, https:\/\/web.molina.cl\/wp-content\/uploads\/2025\/03\/Foto-2-4-696x545.jpg 696w, https:\/\/web.molina.cl\/wp-content\/uploads\/2025\/03\/Foto-2-4-1068x837.jpg 1068w, https:\/\/web.molina.cl\/wp-content\/uploads\/2025\/03\/Foto-2-4.jpg 1253w\" sizes=\"(max-width: 1024px) 100vw, 1024px\" \/><\/figure>\n","protected":false},"excerpt":{"rendered":"<p>El jefe comunal, Felipe M\u00e9ndez, afirm\u00f3 que \u201cnecesitamos m\u00e1s herramientas, implementaci\u00f3n y recursos\u201d para luchar contra la delincuencia. Un llamado a los parlamentarios de la zona hizo el alcalde de Molina, Felipe M\u00e9ndez, para que se pongan de acuerdo y aprueben a la brevedad la Ley de Seguridad Municipal. El jefe edilicio entreg\u00f3 una carta [&hellip;]<\/p>\n","protected":false},"author":2,"featured_media":72296,"comment_status":"closed","ping_status":"open","sticky":false,"template":"","format":"standard","meta":{"footnotes":""},"categories":[47],"tags":[],"_links":{"self":[{"href":"https:\/\/web.molina.cl\/index.php?rest_route=\/wp\/v2\/posts\/72294"}],"collection":[{"href":"https:\/\/web.molina.cl\/index.php?rest_route=\/wp\/v2\/posts"}],"about":[{"href":"https:\/\/web.molina.cl\/index.php?rest_route=\/wp\/v2\/types\/post"}],"author":[{"embeddable":true,"href":"https:\/\/web.molina.cl\/index.php?rest_route=\/wp\/v2\/users\/2"}],"replies":[{"embeddable":true,"href":"https:\/\/web.molina.cl\/index.php?rest_route=%2Fwp%2Fv2%2Fcomments&post=72294"}],"version-history":[{"count":1,"href":"https:\/\/web.molina.cl\/index.php?rest_route=\/wp\/v2\/posts\/72294\/revisions"}],"predecessor-version":[{"id":72297,"href":"https:\/\/web.molina.cl\/index.php?rest_route=\/wp\/v2\/posts\/72294\/revisions\/72297"}],"wp:featuredmedia":[{"embeddable":true,"href":"https:\/\/web.molina.cl\/index.php?rest_route=\/wp\/v2\/media\/72296"}],"wp:attachment":[{"href":"https:\/\/web.molina.cl\/index.php?rest_route=%2Fwp%2Fv2%2Fmedia&parent=72294"}],"wp:term":[{"taxonomy":"category","embeddable":true,"href":"https:\/\/web.molina.cl\/index.php?rest_route=%2Fwp%2Fv2%2Fcategories&post=72294"},{"taxonomy":"post_tag","embeddable":true,"href":"https:\/\/web.molina.cl\/index.php?rest_route=%2Fwp%2Fv2%2Ftags&post=72294"}],"curies":[{"name":"wp","href":"https:\/\/api.w.org\/{rel}","templated":true}]}}