{"id":71630,"date":"2025-02-26T16:26:11","date_gmt":"2025-02-26T20:26:11","guid":{"rendered":"https:\/\/web.molina.cl\/?p=71630"},"modified":"2025-02-26T16:26:11","modified_gmt":"2025-02-26T20:26:11","slug":"invitan-a-la-tradicional-carrera-de-garzones-en-molina","status":"publish","type":"post","link":"https:\/\/web.molina.cl\/?p=71630","title":{"rendered":"Invitan a la tradicional Carrera de Garzones en Molina"},"content":{"rendered":"\n<h2 class=\"wp-block-heading\"><em>La competencia ser\u00e1 parte de la serie de actividades para el Festival Folcl\u00f3rico de la Vendimia este 7, 8 y 9 de marzo.<\/em><\/h2>\n\n\n\n<p>Copa y bandeja en mano, tomando velocidad y manteniendo el equilibrio. As\u00ed es la famosa y llamativa Carrera de Garzones, competencia que se roba las miradas y que nuevamente ser\u00e1 parte del Festival Folcl\u00f3rico de la Vendimia de Molina.<\/p>\n\n\n\n<p>Para la versi\u00f3n 2025 del certamen, la Corporaci\u00f3n Municipal de Turismo ya subi\u00f3 las bases para que puedan inscribirse todos los meseros que deseen participar, contando con categor\u00eda para damas y varones.<\/p>\n\n\n\n<p>El evento resulta especialmente emocionante, considerando la gran preparaci\u00f3n de los garzones para desplazarse r\u00e1pidamente por unos 400 metros sin que se caiga la bandeja, la copa o la botella; adem\u00e1s de no poder tomar los implementos con ambas manos ni cambiar de mano una vez iniciada la marcha.<\/p>\n\n\n\n<p><strong>TRADICI\u00d3N<\/strong><\/p>\n\n\n\n<p>Las personas interesadas en participar de la Carrera de Garzones deben inscribirse al correo <a href=\"mailto:comunicaciones@molinatravel.cl\">comunicaciones@molinatravel.cl<\/a>, teniendo hasta el 3 de marzo para registrarse.<\/p>\n\n\n\n<p>Se premiar\u00e1 a los tres primeros lugares, obteniendo $120 mil quien gane la competencia tanto en damas como en varones.<\/p>\n\n\n\n<p>\u201cLas tradiciones son parte fundamental de nuestra identidad molinense y por eso invitamos a toda la comunidad a presenciar esta entretenida actividad que todos los a\u00f1os genera emoci\u00f3n. Esperamos que lleguen muchos participantes representando a los locales de comidas de nuestra comuna, pero tambi\u00e9n que la gente pueda disfrutar de c\u00f3mo vivimos y respetamos nuestras tradiciones\u201d, dijo el alcalde de Molina, Felipe M\u00e9ndez.<\/p>\n\n\n\n<p>La actividad se desarrollar\u00e1 el s\u00e1bado 8 de enero, desde las 16:00 horas.<\/p>\n\n\n\n<figure class=\"wp-block-gallery has-nested-images columns-default is-cropped wp-block-gallery-1 is-layout-flex wp-block-gallery-is-layout-flex\">\n<figure class=\"wp-block-image size-large\"><img loading=\"lazy\" decoding=\"async\" width=\"1024\" height=\"960\" data-id=\"71633\" src=\"https:\/\/web.molina.cl\/wp-content\/uploads\/2025\/02\/Foto-1-4-1024x960.jpg\" alt=\"\" class=\"wp-image-71633\" srcset=\"https:\/\/web.molina.cl\/wp-content\/uploads\/2025\/02\/Foto-1-4-1024x960.jpg 1024w, https:\/\/web.molina.cl\/wp-content\/uploads\/2025\/02\/Foto-1-4-300x281.jpg 300w, https:\/\/web.molina.cl\/wp-content\/uploads\/2025\/02\/Foto-1-4-768x720.jpg 768w, https:\/\/web.molina.cl\/wp-content\/uploads\/2025\/02\/Foto-1-4-448x420.jpg 448w, https:\/\/web.molina.cl\/wp-content\/uploads\/2025\/02\/Foto-1-4-696x652.jpg 696w, https:\/\/web.molina.cl\/wp-content\/uploads\/2025\/02\/Foto-1-4-1068x1001.jpg 1068w, https:\/\/web.molina.cl\/wp-content\/uploads\/2025\/02\/Foto-1-4.jpg 1496w\" sizes=\"(max-width: 1024px) 100vw, 1024px\" \/><\/figure>\n\n\n\n<figure class=\"wp-block-image size-large\"><img loading=\"lazy\" decoding=\"async\" width=\"576\" height=\"1024\" data-id=\"71634\" src=\"https:\/\/web.molina.cl\/wp-content\/uploads\/2025\/02\/Foto-2-6-576x1024.jpg\" alt=\"\" class=\"wp-image-71634\" srcset=\"https:\/\/web.molina.cl\/wp-content\/uploads\/2025\/02\/Foto-2-6-576x1024.jpg 576w, https:\/\/web.molina.cl\/wp-content\/uploads\/2025\/02\/Foto-2-6-169x300.jpg 169w, https:\/\/web.molina.cl\/wp-content\/uploads\/2025\/02\/Foto-2-6-768x1365.jpg 768w, https:\/\/web.molina.cl\/wp-content\/uploads\/2025\/02\/Foto-2-6-864x1536.jpg 864w, https:\/\/web.molina.cl\/wp-content\/uploads\/2025\/02\/Foto-2-6-1152x2048.jpg 1152w, https:\/\/web.molina.cl\/wp-content\/uploads\/2025\/02\/Foto-2-6-236x420.jpg 236w, https:\/\/web.molina.cl\/wp-content\/uploads\/2025\/02\/Foto-2-6-696x1237.jpg 696w, https:\/\/web.molina.cl\/wp-content\/uploads\/2025\/02\/Foto-2-6-1068x1898.jpg 1068w, https:\/\/web.molina.cl\/wp-content\/uploads\/2025\/02\/Foto-2-6-1920x3413.jpg 1920w, https:\/\/web.molina.cl\/wp-content\/uploads\/2025\/02\/Foto-2-6-scaled.jpg 1440w\" sizes=\"(max-width: 576px) 100vw, 576px\" \/><\/figure>\n<\/figure>\n","protected":false},"excerpt":{"rendered":"<p>La competencia ser\u00e1 parte de la serie de actividades para el Festival Folcl\u00f3rico de la Vendimia este 7, 8 y 9 de marzo. Copa y bandeja en mano, tomando velocidad y manteniendo el equilibrio. As\u00ed es la famosa y llamativa Carrera de Garzones, competencia que se roba las miradas y que nuevamente ser\u00e1 parte del [&hellip;]<\/p>\n","protected":false},"author":2,"featured_media":71633,"comment_status":"closed","ping_status":"open","sticky":false,"template":"","format":"standard","meta":{"footnotes":""},"categories":[28,8],"tags":[],"_links":{"self":[{"href":"https:\/\/web.molina.cl\/index.php?rest_route=\/wp\/v2\/posts\/71630"}],"collection":[{"href":"https:\/\/web.molina.cl\/index.php?rest_route=\/wp\/v2\/posts"}],"about":[{"href":"https:\/\/web.molina.cl\/index.php?rest_route=\/wp\/v2\/types\/post"}],"author":[{"embeddable":true,"href":"https:\/\/web.molina.cl\/index.php?rest_route=\/wp\/v2\/users\/2"}],"replies":[{"embeddable":true,"href":"https:\/\/web.molina.cl\/index.php?rest_route=%2Fwp%2Fv2%2Fcomments&post=71630"}],"version-history":[{"count":1,"href":"https:\/\/web.molina.cl\/index.php?rest_route=\/wp\/v2\/posts\/71630\/revisions"}],"predecessor-version":[{"id":71635,"href":"https:\/\/web.molina.cl\/index.php?rest_route=\/wp\/v2\/posts\/71630\/revisions\/71635"}],"wp:featuredmedia":[{"embeddable":true,"href":"https:\/\/web.molina.cl\/index.php?rest_route=\/wp\/v2\/media\/71633"}],"wp:attachment":[{"href":"https:\/\/web.molina.cl\/index.php?rest_route=%2Fwp%2Fv2%2Fmedia&parent=71630"}],"wp:term":[{"taxonomy":"category","embeddable":true,"href":"https:\/\/web.molina.cl\/index.php?rest_route=%2Fwp%2Fv2%2Fcategories&post=71630"},{"taxonomy":"post_tag","embeddable":true,"href":"https:\/\/web.molina.cl\/index.php?rest_route=%2Fwp%2Fv2%2Ftags&post=71630"}],"curies":[{"name":"wp","href":"https:\/\/api.w.org\/{rel}","templated":true}]}}