{"id":71618,"date":"2025-02-24T07:57:02","date_gmt":"2025-02-24T11:57:02","guid":{"rendered":"https:\/\/web.molina.cl\/?p=71618"},"modified":"2025-02-24T07:57:02","modified_gmt":"2025-02-24T11:57:02","slug":"constatan-avance-en-obras-del-conjunto-habitacional-san-bonifacio-de-lontue","status":"publish","type":"post","link":"https:\/\/web.molina.cl\/?p=71618","title":{"rendered":"Constatan avance en obras del Conjunto Habitacional San Bonifacio de Lontu\u00e9"},"content":{"rendered":"\n<h2 class=\"wp-block-heading\">El alcalde Felipe M\u00e9ndez acompa\u00f1\u00f3 a las familias en el reconocimiento del terreno donde se ejecutan las faenas.<\/h2>\n\n\n\n<p>Acompa\u00f1ando a los futuros propietarios, el equipo municipal de Molina constat\u00f3 en terreno el avance de las faenas para edificar las viviendas de los comit\u00e9s habitacionales San Bonifacio 1 y 2 de Lontu\u00e9.<\/p>\n\n\n\n<p>En el lugar, la comitiva asisti\u00f3 a un recorrido guiado por parte de la Constructora Nuevos Aires y los profesionales del Servicio de Vivienda y Urbanismo (Serviu), pudiendo conocer de primera mano los pormenores de lo que ser\u00e1n sus nuevos hogares.<\/p>\n\n\n\n<p>En total, son 318 familias beneficiadas con el subsidio D.S. N\u00b049 las que har\u00e1n realidad el sue\u00f1o de la casa propia en el terreno lontuenino, recibiendo para ello la asesor\u00eda permanente de la Oficina Comunal de Vivienda.<\/p>\n\n\n\n<p><strong>COMPROMISO HABITACIONAL<\/strong><\/p>\n\n\n\n<p>Luego de finalizar el recorrido, el alcalde de Molina, Felipe M\u00e9ndez, se\u00f1al\u00f3 que \u201cLontu\u00e9 sigue creciendo y por eso hoy estamos visitando la obra del Conjunto San Bonifacio 1 y 2, donde m\u00e1s de 300 familias de nuestra comuna lograr\u00e1n el sue\u00f1o de la casa propia\u201d.<\/p>\n\n\n\n<p>El jefe comunal reiter\u00f3 su compromiso en materia habitacional, recordando que \u201ccomo lo hemos hecho siempre, desde que era concejal y ahora como administraci\u00f3n municipal, hemos trabajado para dar soluci\u00f3n a cada una de las familias de nuestra comuna. Estamos felices, seguiremos trabajando y apoyando al comit\u00e9 para que las casas est\u00e9n listas a la brevedad. En Molina, el sue\u00f1o de la casa propia es posible\u201d.<\/p>\n\n\n\n<p>Para todas aquellas personas interesadas en postular a los diversos subsidios que entrega el Estado, la Oficina Comunal de Vivienda de Molina atiende en Luis Cruz Mart\u00ednez 148 de lunes a viernes, de 08:30 a 14:00 horas.<\/p>\n\n\n\n<figure class=\"wp-block-gallery has-nested-images columns-default is-cropped wp-block-gallery-1 is-layout-flex wp-block-gallery-is-layout-flex\">\n<figure class=\"wp-block-image size-large\"><img loading=\"lazy\" decoding=\"async\" width=\"1024\" height=\"769\" data-id=\"71622\" src=\"https:\/\/web.molina.cl\/wp-content\/uploads\/2025\/02\/Foto-1-2-1024x769.jpg\" alt=\"\" class=\"wp-image-71622\" srcset=\"https:\/\/web.molina.cl\/wp-content\/uploads\/2025\/02\/Foto-1-2-1024x769.jpg 1024w, https:\/\/web.molina.cl\/wp-content\/uploads\/2025\/02\/Foto-1-2-300x225.jpg 300w, https:\/\/web.molina.cl\/wp-content\/uploads\/2025\/02\/Foto-1-2-768x577.jpg 768w, https:\/\/web.molina.cl\/wp-content\/uploads\/2025\/02\/Foto-1-2-1536x1153.jpg 1536w, https:\/\/web.molina.cl\/wp-content\/uploads\/2025\/02\/Foto-1-2-2048x1538.jpg 2048w, https:\/\/web.molina.cl\/wp-content\/uploads\/2025\/02\/Foto-1-2-559x420.jpg 559w, https:\/\/web.molina.cl\/wp-content\/uploads\/2025\/02\/Foto-1-2-80x60.jpg 80w, https:\/\/web.molina.cl\/wp-content\/uploads\/2025\/02\/Foto-1-2-696x523.jpg 696w, https:\/\/web.molina.cl\/wp-content\/uploads\/2025\/02\/Foto-1-2-1068x802.jpg 1068w, https:\/\/web.molina.cl\/wp-content\/uploads\/2025\/02\/Foto-1-2-1920x1441.jpg 1920w, https:\/\/web.molina.cl\/wp-content\/uploads\/2025\/02\/Foto-1-2-265x198.jpg 265w\" sizes=\"(max-width: 1024px) 100vw, 1024px\" \/><\/figure>\n\n\n\n<figure class=\"wp-block-image size-large\"><img loading=\"lazy\" decoding=\"async\" width=\"1024\" height=\"769\" data-id=\"71620\" src=\"https:\/\/web.molina.cl\/wp-content\/uploads\/2025\/02\/Foto-2-4-1024x769.jpg\" alt=\"\" class=\"wp-image-71620\" srcset=\"https:\/\/web.molina.cl\/wp-content\/uploads\/2025\/02\/Foto-2-4-1024x769.jpg 1024w, https:\/\/web.molina.cl\/wp-content\/uploads\/2025\/02\/Foto-2-4-300x225.jpg 300w, https:\/\/web.molina.cl\/wp-content\/uploads\/2025\/02\/Foto-2-4-768x577.jpg 768w, https:\/\/web.molina.cl\/wp-content\/uploads\/2025\/02\/Foto-2-4-1536x1153.jpg 1536w, https:\/\/web.molina.cl\/wp-content\/uploads\/2025\/02\/Foto-2-4-2048x1538.jpg 2048w, https:\/\/web.molina.cl\/wp-content\/uploads\/2025\/02\/Foto-2-4-559x420.jpg 559w, https:\/\/web.molina.cl\/wp-content\/uploads\/2025\/02\/Foto-2-4-80x60.jpg 80w, https:\/\/web.molina.cl\/wp-content\/uploads\/2025\/02\/Foto-2-4-696x523.jpg 696w, https:\/\/web.molina.cl\/wp-content\/uploads\/2025\/02\/Foto-2-4-1068x802.jpg 1068w, https:\/\/web.molina.cl\/wp-content\/uploads\/2025\/02\/Foto-2-4-1920x1441.jpg 1920w, https:\/\/web.molina.cl\/wp-content\/uploads\/2025\/02\/Foto-2-4-265x198.jpg 265w\" sizes=\"(max-width: 1024px) 100vw, 1024px\" \/><\/figure>\n\n\n\n<figure class=\"wp-block-image size-large\"><img loading=\"lazy\" decoding=\"async\" width=\"1024\" height=\"769\" data-id=\"71619\" src=\"https:\/\/web.molina.cl\/wp-content\/uploads\/2025\/02\/Foto-3-1024x769.jpg\" alt=\"\" class=\"wp-image-71619\" srcset=\"https:\/\/web.molina.cl\/wp-content\/uploads\/2025\/02\/Foto-3-1024x769.jpg 1024w, https:\/\/web.molina.cl\/wp-content\/uploads\/2025\/02\/Foto-3-300x225.jpg 300w, https:\/\/web.molina.cl\/wp-content\/uploads\/2025\/02\/Foto-3-768x577.jpg 768w, https:\/\/web.molina.cl\/wp-content\/uploads\/2025\/02\/Foto-3-1536x1153.jpg 1536w, https:\/\/web.molina.cl\/wp-content\/uploads\/2025\/02\/Foto-3-2048x1538.jpg 2048w, https:\/\/web.molina.cl\/wp-content\/uploads\/2025\/02\/Foto-3-559x420.jpg 559w, https:\/\/web.molina.cl\/wp-content\/uploads\/2025\/02\/Foto-3-80x60.jpg 80w, https:\/\/web.molina.cl\/wp-content\/uploads\/2025\/02\/Foto-3-696x523.jpg 696w, https:\/\/web.molina.cl\/wp-content\/uploads\/2025\/02\/Foto-3-1068x802.jpg 1068w, https:\/\/web.molina.cl\/wp-content\/uploads\/2025\/02\/Foto-3-1920x1441.jpg 1920w, https:\/\/web.molina.cl\/wp-content\/uploads\/2025\/02\/Foto-3-265x198.jpg 265w\" sizes=\"(max-width: 1024px) 100vw, 1024px\" \/><\/figure>\n\n\n\n<figure class=\"wp-block-image size-large\"><img loading=\"lazy\" decoding=\"async\" width=\"1024\" height=\"769\" data-id=\"71621\" src=\"https:\/\/web.molina.cl\/wp-content\/uploads\/2025\/02\/Foto-4-1024x769.jpg\" alt=\"\" class=\"wp-image-71621\" srcset=\"https:\/\/web.molina.cl\/wp-content\/uploads\/2025\/02\/Foto-4-1024x769.jpg 1024w, https:\/\/web.molina.cl\/wp-content\/uploads\/2025\/02\/Foto-4-300x225.jpg 300w, https:\/\/web.molina.cl\/wp-content\/uploads\/2025\/02\/Foto-4-768x577.jpg 768w, https:\/\/web.molina.cl\/wp-content\/uploads\/2025\/02\/Foto-4-1536x1153.jpg 1536w, https:\/\/web.molina.cl\/wp-content\/uploads\/2025\/02\/Foto-4-2048x1538.jpg 2048w, https:\/\/web.molina.cl\/wp-content\/uploads\/2025\/02\/Foto-4-559x420.jpg 559w, https:\/\/web.molina.cl\/wp-content\/uploads\/2025\/02\/Foto-4-80x60.jpg 80w, https:\/\/web.molina.cl\/wp-content\/uploads\/2025\/02\/Foto-4-696x523.jpg 696w, https:\/\/web.molina.cl\/wp-content\/uploads\/2025\/02\/Foto-4-1068x802.jpg 1068w, https:\/\/web.molina.cl\/wp-content\/uploads\/2025\/02\/Foto-4-1920x1441.jpg 1920w, https:\/\/web.molina.cl\/wp-content\/uploads\/2025\/02\/Foto-4-265x198.jpg 265w\" sizes=\"(max-width: 1024px) 100vw, 1024px\" \/><\/figure>\n<\/figure>\n","protected":false},"excerpt":{"rendered":"<p>El alcalde Felipe M\u00e9ndez acompa\u00f1\u00f3 a las familias en el reconocimiento del terreno donde se ejecutan las faenas. Acompa\u00f1ando a los futuros propietarios, el equipo municipal de Molina constat\u00f3 en terreno el avance de las faenas para edificar las viviendas de los comit\u00e9s habitacionales San Bonifacio 1 y 2 de Lontu\u00e9. En el lugar, la [&hellip;]<\/p>\n","protected":false},"author":2,"featured_media":71622,"comment_status":"closed","ping_status":"open","sticky":false,"template":"","format":"standard","meta":{"footnotes":""},"categories":[9],"tags":[],"_links":{"self":[{"href":"https:\/\/web.molina.cl\/index.php?rest_route=\/wp\/v2\/posts\/71618"}],"collection":[{"href":"https:\/\/web.molina.cl\/index.php?rest_route=\/wp\/v2\/posts"}],"about":[{"href":"https:\/\/web.molina.cl\/index.php?rest_route=\/wp\/v2\/types\/post"}],"author":[{"embeddable":true,"href":"https:\/\/web.molina.cl\/index.php?rest_route=\/wp\/v2\/users\/2"}],"replies":[{"embeddable":true,"href":"https:\/\/web.molina.cl\/index.php?rest_route=%2Fwp%2Fv2%2Fcomments&post=71618"}],"version-history":[{"count":1,"href":"https:\/\/web.molina.cl\/index.php?rest_route=\/wp\/v2\/posts\/71618\/revisions"}],"predecessor-version":[{"id":71623,"href":"https:\/\/web.molina.cl\/index.php?rest_route=\/wp\/v2\/posts\/71618\/revisions\/71623"}],"wp:featuredmedia":[{"embeddable":true,"href":"https:\/\/web.molina.cl\/index.php?rest_route=\/wp\/v2\/media\/71622"}],"wp:attachment":[{"href":"https:\/\/web.molina.cl\/index.php?rest_route=%2Fwp%2Fv2%2Fmedia&parent=71618"}],"wp:term":[{"taxonomy":"category","embeddable":true,"href":"https:\/\/web.molina.cl\/index.php?rest_route=%2Fwp%2Fv2%2Fcategories&post=71618"},{"taxonomy":"post_tag","embeddable":true,"href":"https:\/\/web.molina.cl\/index.php?rest_route=%2Fwp%2Fv2%2Ftags&post=71618"}],"curies":[{"name":"wp","href":"https:\/\/api.w.org\/{rel}","templated":true}]}}