{"id":71027,"date":"2025-01-30T15:03:55","date_gmt":"2025-01-30T19:03:55","guid":{"rendered":"https:\/\/web.molina.cl\/?p=71027"},"modified":"2025-01-30T15:03:55","modified_gmt":"2025-01-30T19:03:55","slug":"buscan-dotar-de-mayores-herramientas-a-dirigentes-sociales-de-molina","status":"publish","type":"post","link":"https:\/\/web.molina.cl\/?p=71027","title":{"rendered":"Buscan dotar de mayores herramientas a dirigentes sociales de Molina"},"content":{"rendered":"\n<h2 class=\"wp-block-heading\">El trabajo conjunto entre autoridades permiti\u00f3 profundizar en la parrilla program\u00e1tica de la Divisi\u00f3n de Organizaciones Sociales.<\/h2>\n\n\n\n<p>Pensando en fortalecer a buena parte de las denominadas \u201cfuerzas vivas\u201d de la comuna, el alcalde de Molina, Felipe M\u00e9ndez, tuvo una productiva reuni\u00f3n de trabajo con la Seremi de Gobierno, Nataly Rojas.<\/p>\n\n\n\n<p>Se trat\u00f3 de la primera visita protocolar de la representante gubernamental con la actual administraci\u00f3n del municipio, la que sirvi\u00f3 para conocer a detalle la lista de programas disponibles para que las organizaciones sociales postulen a recursos estatales.<\/p>\n\n\n\n<p>\u201cEstuvimos abordando diversas tem\u00e1ticas para realizar un trabajo junto a los dirigentes vecinales\u201d, se\u00f1al\u00f3 el alcalde de Molina, Felipe M\u00e9ndez, quien adelant\u00f3 que \u201cesperamos en los pr\u00f3ximos meses volver a reunirnos, pero tambi\u00e9n con las organizaciones de la sociedad civil\u201d.<\/p>\n\n\n\n<p>Por su parte, la Seremi de Gobierno, Nataly Rojas, destac\u00f3 la oportunidad de \u201cpresentar la malla program\u00e1tica de la Divisi\u00f3n de Organizaciones Sociales que pertenece a la Secretar\u00eda General de Gobierno. Con esta divisi\u00f3n, nosotros entregamos herramientas a los dirigentes para que puedan desarrollar autonom\u00eda en su trabajo y postular a fondos\u201d.<\/p>\n\n\n\n<p>La autoridad finaliz\u00f3 diciendo que \u201cel objetivo de este acercamiento es brindar todas las herramientas del Estado y el Gobierno para entregar a las personas y que, de esta manera, los beneficios sociales lleguen directamente a quienes m\u00e1s lo necesitan\u201d.<\/p>\n\n\n\n<p>En la reuni\u00f3n, tambi\u00e9n participaron los concejales Cristian Mart\u00ednez, Jos\u00e9 Luis Lizana y Alejandra San Mart\u00edn.<\/p>\n\n\n\n<figure class=\"wp-block-gallery has-nested-images columns-default is-cropped wp-block-gallery-1 is-layout-flex wp-block-gallery-is-layout-flex\">\n<figure class=\"wp-block-image size-large\"><img loading=\"lazy\" decoding=\"async\" width=\"1024\" height=\"769\" data-id=\"71029\" src=\"https:\/\/web.molina.cl\/wp-content\/uploads\/2025\/01\/Foto-1-11-1024x769.jpg\" alt=\"\" class=\"wp-image-71029\" srcset=\"https:\/\/web.molina.cl\/wp-content\/uploads\/2025\/01\/Foto-1-11-1024x769.jpg 1024w, https:\/\/web.molina.cl\/wp-content\/uploads\/2025\/01\/Foto-1-11-300x225.jpg 300w, https:\/\/web.molina.cl\/wp-content\/uploads\/2025\/01\/Foto-1-11-768x577.jpg 768w, https:\/\/web.molina.cl\/wp-content\/uploads\/2025\/01\/Foto-1-11-1536x1153.jpg 1536w, https:\/\/web.molina.cl\/wp-content\/uploads\/2025\/01\/Foto-1-11-2048x1538.jpg 2048w, https:\/\/web.molina.cl\/wp-content\/uploads\/2025\/01\/Foto-1-11-559x420.jpg 559w, https:\/\/web.molina.cl\/wp-content\/uploads\/2025\/01\/Foto-1-11-80x60.jpg 80w, https:\/\/web.molina.cl\/wp-content\/uploads\/2025\/01\/Foto-1-11-696x523.jpg 696w, https:\/\/web.molina.cl\/wp-content\/uploads\/2025\/01\/Foto-1-11-1068x802.jpg 1068w, https:\/\/web.molina.cl\/wp-content\/uploads\/2025\/01\/Foto-1-11-1920x1441.jpg 1920w, https:\/\/web.molina.cl\/wp-content\/uploads\/2025\/01\/Foto-1-11-265x198.jpg 265w\" sizes=\"(max-width: 1024px) 100vw, 1024px\" \/><\/figure>\n\n\n\n<figure class=\"wp-block-image size-large\"><img loading=\"lazy\" decoding=\"async\" width=\"1024\" height=\"769\" data-id=\"71028\" src=\"https:\/\/web.molina.cl\/wp-content\/uploads\/2025\/01\/Foto-2-8-1024x769.jpg\" alt=\"\" class=\"wp-image-71028\" srcset=\"https:\/\/web.molina.cl\/wp-content\/uploads\/2025\/01\/Foto-2-8-1024x769.jpg 1024w, https:\/\/web.molina.cl\/wp-content\/uploads\/2025\/01\/Foto-2-8-300x225.jpg 300w, https:\/\/web.molina.cl\/wp-content\/uploads\/2025\/01\/Foto-2-8-768x577.jpg 768w, https:\/\/web.molina.cl\/wp-content\/uploads\/2025\/01\/Foto-2-8-1536x1153.jpg 1536w, https:\/\/web.molina.cl\/wp-content\/uploads\/2025\/01\/Foto-2-8-2048x1538.jpg 2048w, https:\/\/web.molina.cl\/wp-content\/uploads\/2025\/01\/Foto-2-8-559x420.jpg 559w, https:\/\/web.molina.cl\/wp-content\/uploads\/2025\/01\/Foto-2-8-80x60.jpg 80w, https:\/\/web.molina.cl\/wp-content\/uploads\/2025\/01\/Foto-2-8-696x523.jpg 696w, https:\/\/web.molina.cl\/wp-content\/uploads\/2025\/01\/Foto-2-8-1068x802.jpg 1068w, https:\/\/web.molina.cl\/wp-content\/uploads\/2025\/01\/Foto-2-8-1920x1441.jpg 1920w, https:\/\/web.molina.cl\/wp-content\/uploads\/2025\/01\/Foto-2-8-265x198.jpg 265w\" sizes=\"(max-width: 1024px) 100vw, 1024px\" \/><\/figure>\n<\/figure>\n","protected":false},"excerpt":{"rendered":"<p>El trabajo conjunto entre autoridades permiti\u00f3 profundizar en la parrilla program\u00e1tica de la Divisi\u00f3n de Organizaciones Sociales. Pensando en fortalecer a buena parte de las denominadas \u201cfuerzas vivas\u201d de la comuna, el alcalde de Molina, Felipe M\u00e9ndez, tuvo una productiva reuni\u00f3n de trabajo con la Seremi de Gobierno, Nataly Rojas. Se trat\u00f3 de la primera [&hellip;]<\/p>\n","protected":false},"author":2,"featured_media":71028,"comment_status":"closed","ping_status":"open","sticky":false,"template":"","format":"standard","meta":{"footnotes":""},"categories":[3],"tags":[],"_links":{"self":[{"href":"https:\/\/web.molina.cl\/index.php?rest_route=\/wp\/v2\/posts\/71027"}],"collection":[{"href":"https:\/\/web.molina.cl\/index.php?rest_route=\/wp\/v2\/posts"}],"about":[{"href":"https:\/\/web.molina.cl\/index.php?rest_route=\/wp\/v2\/types\/post"}],"author":[{"embeddable":true,"href":"https:\/\/web.molina.cl\/index.php?rest_route=\/wp\/v2\/users\/2"}],"replies":[{"embeddable":true,"href":"https:\/\/web.molina.cl\/index.php?rest_route=%2Fwp%2Fv2%2Fcomments&post=71027"}],"version-history":[{"count":1,"href":"https:\/\/web.molina.cl\/index.php?rest_route=\/wp\/v2\/posts\/71027\/revisions"}],"predecessor-version":[{"id":71030,"href":"https:\/\/web.molina.cl\/index.php?rest_route=\/wp\/v2\/posts\/71027\/revisions\/71030"}],"wp:featuredmedia":[{"embeddable":true,"href":"https:\/\/web.molina.cl\/index.php?rest_route=\/wp\/v2\/media\/71028"}],"wp:attachment":[{"href":"https:\/\/web.molina.cl\/index.php?rest_route=%2Fwp%2Fv2%2Fmedia&parent=71027"}],"wp:term":[{"taxonomy":"category","embeddable":true,"href":"https:\/\/web.molina.cl\/index.php?rest_route=%2Fwp%2Fv2%2Fcategories&post=71027"},{"taxonomy":"post_tag","embeddable":true,"href":"https:\/\/web.molina.cl\/index.php?rest_route=%2Fwp%2Fv2%2Ftags&post=71027"}],"curies":[{"name":"wp","href":"https:\/\/api.w.org\/{rel}","templated":true}]}}