{"id":71013,"date":"2025-01-28T09:40:37","date_gmt":"2025-01-28T13:40:37","guid":{"rendered":"https:\/\/web.molina.cl\/?p=71013"},"modified":"2025-01-28T09:40:37","modified_gmt":"2025-01-28T13:40:37","slug":"implementan-lavado-nocturno-del-centro-de-molina","status":"publish","type":"post","link":"https:\/\/web.molina.cl\/?p=71013","title":{"rendered":"Implementan lavado nocturno del centro de Molina"},"content":{"rendered":"\n<h2 class=\"wp-block-heading\">El alcalde Felipe M\u00e9ndez se\u00f1al\u00f3 que la medida es de car\u00e1cter permanente para mantener los espacios p\u00fablicos.<\/h2>\n\n\n\n<p>Combatiendo la suciedad y los malos olores, el municipio de Molina implement\u00f3 operativos de limpieza nocturna en las c\u00e9ntricas calles de la comuna.<\/p>\n\n\n\n<p>Aprovechando el cierre del comercio, los funcionarios junto a la compa\u00f1\u00eda Demarco se desplegaron por diversos puntos del sector para realizar un lavado intensivo para desinfectar y recuperar los espacios p\u00fablicos.<\/p>\n\n\n\n<p>Incluso, el propio alcalde apoy\u00f3 durante unos momentos a los operarios que efectuaban el saneamiento de las calles, emitiendo as\u00ed una fuerte se\u00f1al sobre el compromiso del municipio hacia la ciudadan\u00eda.<\/p>\n\n\n\n<p>\u201cPorque hemos escuchado a nuestra gente y porque queremos tener una comuna limpia, bonita y amigable con todos; estamos haciendo las jornadas de limpieza en el centro de Molina\u201d, explic\u00f3 el jefe comunal.<\/p>\n\n\n\n<p>La m\u00e1xima autoridad molinense record\u00f3 que \u201cya lo hicimos en el terminal de buses, en la Plaza de Armas de Molina y Lontu\u00e9, pero ahora toca el centro a trav\u00e9s de nuestro equipo municipal y con la empresa de aseo y ornato\u201d.<\/p>\n\n\n\n<p>De igual forma, el alcalde afirm\u00f3 que estas labores no ser\u00e1n espor\u00e1dicas, sino que \u201cser\u00e1 un trabajo permanente que estaremos desarrollando durante todo el a\u00f1o, porque queremos reforzar nuestra comuna, recuperar nuestros espacios p\u00fablicos y que la gente pueda transitar tranquila\u201d.<\/p>\n\n\n\n<figure class=\"wp-block-gallery has-nested-images columns-default is-cropped wp-block-gallery-1 is-layout-flex wp-block-gallery-is-layout-flex\">\n<figure class=\"wp-block-image size-large\"><img loading=\"lazy\" decoding=\"async\" width=\"1024\" height=\"769\" data-id=\"71015\" src=\"https:\/\/web.molina.cl\/wp-content\/uploads\/2025\/01\/Foto-1-10-1024x769.jpg\" alt=\"\" class=\"wp-image-71015\" srcset=\"https:\/\/web.molina.cl\/wp-content\/uploads\/2025\/01\/Foto-1-10-1024x769.jpg 1024w, https:\/\/web.molina.cl\/wp-content\/uploads\/2025\/01\/Foto-1-10-300x225.jpg 300w, https:\/\/web.molina.cl\/wp-content\/uploads\/2025\/01\/Foto-1-10-768x577.jpg 768w, https:\/\/web.molina.cl\/wp-content\/uploads\/2025\/01\/Foto-1-10-1536x1153.jpg 1536w, https:\/\/web.molina.cl\/wp-content\/uploads\/2025\/01\/Foto-1-10-2048x1538.jpg 2048w, https:\/\/web.molina.cl\/wp-content\/uploads\/2025\/01\/Foto-1-10-559x420.jpg 559w, https:\/\/web.molina.cl\/wp-content\/uploads\/2025\/01\/Foto-1-10-80x60.jpg 80w, https:\/\/web.molina.cl\/wp-content\/uploads\/2025\/01\/Foto-1-10-696x523.jpg 696w, https:\/\/web.molina.cl\/wp-content\/uploads\/2025\/01\/Foto-1-10-1068x802.jpg 1068w, https:\/\/web.molina.cl\/wp-content\/uploads\/2025\/01\/Foto-1-10-1920x1441.jpg 1920w, https:\/\/web.molina.cl\/wp-content\/uploads\/2025\/01\/Foto-1-10-265x198.jpg 265w\" sizes=\"(max-width: 1024px) 100vw, 1024px\" \/><\/figure>\n\n\n\n<figure class=\"wp-block-image size-large\"><img loading=\"lazy\" decoding=\"async\" width=\"1024\" height=\"769\" data-id=\"71016\" src=\"https:\/\/web.molina.cl\/wp-content\/uploads\/2025\/01\/Foto-2-7-1024x769.jpg\" alt=\"\" class=\"wp-image-71016\" srcset=\"https:\/\/web.molina.cl\/wp-content\/uploads\/2025\/01\/Foto-2-7-1024x769.jpg 1024w, https:\/\/web.molina.cl\/wp-content\/uploads\/2025\/01\/Foto-2-7-300x225.jpg 300w, https:\/\/web.molina.cl\/wp-content\/uploads\/2025\/01\/Foto-2-7-768x577.jpg 768w, https:\/\/web.molina.cl\/wp-content\/uploads\/2025\/01\/Foto-2-7-1536x1153.jpg 1536w, https:\/\/web.molina.cl\/wp-content\/uploads\/2025\/01\/Foto-2-7-2048x1538.jpg 2048w, https:\/\/web.molina.cl\/wp-content\/uploads\/2025\/01\/Foto-2-7-559x420.jpg 559w, https:\/\/web.molina.cl\/wp-content\/uploads\/2025\/01\/Foto-2-7-80x60.jpg 80w, https:\/\/web.molina.cl\/wp-content\/uploads\/2025\/01\/Foto-2-7-696x523.jpg 696w, https:\/\/web.molina.cl\/wp-content\/uploads\/2025\/01\/Foto-2-7-1068x802.jpg 1068w, https:\/\/web.molina.cl\/wp-content\/uploads\/2025\/01\/Foto-2-7-1920x1441.jpg 1920w, https:\/\/web.molina.cl\/wp-content\/uploads\/2025\/01\/Foto-2-7-265x198.jpg 265w\" sizes=\"(max-width: 1024px) 100vw, 1024px\" \/><\/figure>\n\n\n\n<figure class=\"wp-block-image size-large\"><img loading=\"lazy\" decoding=\"async\" width=\"1024\" height=\"769\" data-id=\"71014\" src=\"https:\/\/web.molina.cl\/wp-content\/uploads\/2025\/01\/IMG_6916-1024x769.jpg\" alt=\"\" class=\"wp-image-71014\" srcset=\"https:\/\/web.molina.cl\/wp-content\/uploads\/2025\/01\/IMG_6916-1024x769.jpg 1024w, https:\/\/web.molina.cl\/wp-content\/uploads\/2025\/01\/IMG_6916-300x225.jpg 300w, https:\/\/web.molina.cl\/wp-content\/uploads\/2025\/01\/IMG_6916-768x577.jpg 768w, https:\/\/web.molina.cl\/wp-content\/uploads\/2025\/01\/IMG_6916-1536x1153.jpg 1536w, https:\/\/web.molina.cl\/wp-content\/uploads\/2025\/01\/IMG_6916-2048x1538.jpg 2048w, https:\/\/web.molina.cl\/wp-content\/uploads\/2025\/01\/IMG_6916-559x420.jpg 559w, https:\/\/web.molina.cl\/wp-content\/uploads\/2025\/01\/IMG_6916-80x60.jpg 80w, https:\/\/web.molina.cl\/wp-content\/uploads\/2025\/01\/IMG_6916-696x523.jpg 696w, https:\/\/web.molina.cl\/wp-content\/uploads\/2025\/01\/IMG_6916-1068x802.jpg 1068w, https:\/\/web.molina.cl\/wp-content\/uploads\/2025\/01\/IMG_6916-1920x1441.jpg 1920w, https:\/\/web.molina.cl\/wp-content\/uploads\/2025\/01\/IMG_6916-265x198.jpg 265w\" sizes=\"(max-width: 1024px) 100vw, 1024px\" \/><\/figure>\n<\/figure>\n","protected":false},"excerpt":{"rendered":"<p>El alcalde Felipe M\u00e9ndez se\u00f1al\u00f3 que la medida es de car\u00e1cter permanente para mantener los espacios p\u00fablicos. Combatiendo la suciedad y los malos olores, el municipio de Molina implement\u00f3 operativos de limpieza nocturna en las c\u00e9ntricas calles de la comuna. Aprovechando el cierre del comercio, los funcionarios junto a la compa\u00f1\u00eda Demarco se desplegaron por [&hellip;]<\/p>\n","protected":false},"author":2,"featured_media":71015,"comment_status":"closed","ping_status":"open","sticky":false,"template":"","format":"standard","meta":{"footnotes":""},"categories":[4,45],"tags":[],"_links":{"self":[{"href":"https:\/\/web.molina.cl\/index.php?rest_route=\/wp\/v2\/posts\/71013"}],"collection":[{"href":"https:\/\/web.molina.cl\/index.php?rest_route=\/wp\/v2\/posts"}],"about":[{"href":"https:\/\/web.molina.cl\/index.php?rest_route=\/wp\/v2\/types\/post"}],"author":[{"embeddable":true,"href":"https:\/\/web.molina.cl\/index.php?rest_route=\/wp\/v2\/users\/2"}],"replies":[{"embeddable":true,"href":"https:\/\/web.molina.cl\/index.php?rest_route=%2Fwp%2Fv2%2Fcomments&post=71013"}],"version-history":[{"count":1,"href":"https:\/\/web.molina.cl\/index.php?rest_route=\/wp\/v2\/posts\/71013\/revisions"}],"predecessor-version":[{"id":71017,"href":"https:\/\/web.molina.cl\/index.php?rest_route=\/wp\/v2\/posts\/71013\/revisions\/71017"}],"wp:featuredmedia":[{"embeddable":true,"href":"https:\/\/web.molina.cl\/index.php?rest_route=\/wp\/v2\/media\/71015"}],"wp:attachment":[{"href":"https:\/\/web.molina.cl\/index.php?rest_route=%2Fwp%2Fv2%2Fmedia&parent=71013"}],"wp:term":[{"taxonomy":"category","embeddable":true,"href":"https:\/\/web.molina.cl\/index.php?rest_route=%2Fwp%2Fv2%2Fcategories&post=71013"},{"taxonomy":"post_tag","embeddable":true,"href":"https:\/\/web.molina.cl\/index.php?rest_route=%2Fwp%2Fv2%2Ftags&post=71013"}],"curies":[{"name":"wp","href":"https:\/\/api.w.org\/{rel}","templated":true}]}}