{"id":71004,"date":"2025-01-28T09:28:43","date_gmt":"2025-01-28T13:28:43","guid":{"rendered":"https:\/\/web.molina.cl\/?p=71004"},"modified":"2025-01-28T09:33:44","modified_gmt":"2025-01-28T13:33:44","slug":"fortalecen-vinculos-entre-municipio-de-molina-y-corporacion-de-asistencia-judicial","status":"publish","type":"post","link":"https:\/\/web.molina.cl\/?p=71004","title":{"rendered":"Fortalecen v\u00ednculos entre municipio de Molina y Corporaci\u00f3n de Asistencia Judicial"},"content":{"rendered":"\n<h2 class=\"wp-block-heading\">El alcalde Felipe M\u00e9ndez se\u00f1al\u00f3 que la intenci\u00f3n es ocupar el veh\u00edculo m\u00f3vil del organismo para acercar la justicia a los vecinos, entre otras medidas.<\/h2>\n\n\n\n<p>Acercar la justicia a la comunidad fue el objetivo de la primera visita protocolar de la directora regional de la Corporaci\u00f3n de Asistencia Judicial, Mar\u00eda Elena Villagr\u00e1n, con el municipio de Molina.<\/p>\n\n\n\n<p>El alcalde de la comuna, Felipe M\u00e9ndez, recibi\u00f3 a la autoridad con las expectativas de profundizar la colaboraci\u00f3n entre ambos organismos para que m\u00e1s personas puedan acceder a las prestaciones en materia judicial.<\/p>\n\n\n\n<p><strong>M\u00c1S SERVICIOS<\/strong><\/p>\n\n\n\n<p>Detallando parte de las gestiones efectuadas en la comuna por la corporaci\u00f3n, Mar\u00eda Elena Villagr\u00e1n se\u00f1al\u00f3 que \u201cel convenio que nos liga a la Municipalidad nos permiti\u00f3 haber atendido a m\u00e1s de cuatro mil personas en 2024 y haber patrocinado casi 700 causas judiciales. Existe una coordinaci\u00f3n directa con el municipio, que es lo que queremos reforzar de aqu\u00ed en adelante\u201d.<\/p>\n\n\n\n<p>En esa misma l\u00ednea, el alcalde Felipe M\u00e9ndez manifest\u00f3 que \u201cha sido una reuni\u00f3n bastante fruct\u00edfera, porque m\u00e1s all\u00e1 de los patrocinios que realizan de cada una de las causas que llevan, tienen tambi\u00e9n servicios como Justicia Vecinal y otras alternativas\u201d.<\/p>\n\n\n\n<p>Por lo anterior, el jefe comunal afirm\u00f3 que \u201cqueremos estrechar lazos con la Corporaci\u00f3n de Asistencia Judicial y ocuparemos tambi\u00e9n el veh\u00edculo m\u00f3vil de ellos para llegar con justicia a los sectores de la comuna que est\u00e1n m\u00e1s apartados\u201d.<\/p>\n\n\n\n<figure class=\"wp-block-gallery has-nested-images columns-default is-cropped wp-block-gallery-1 is-layout-flex wp-block-gallery-is-layout-flex\">\n<figure class=\"wp-block-image size-large\"><img loading=\"lazy\" decoding=\"async\" width=\"1024\" height=\"769\" data-id=\"71005\" src=\"https:\/\/web.molina.cl\/wp-content\/uploads\/2025\/01\/IMG_6556-1024x769.jpg\" alt=\"\" class=\"wp-image-71005\" srcset=\"https:\/\/web.molina.cl\/wp-content\/uploads\/2025\/01\/IMG_6556-1024x769.jpg 1024w, https:\/\/web.molina.cl\/wp-content\/uploads\/2025\/01\/IMG_6556-300x225.jpg 300w, https:\/\/web.molina.cl\/wp-content\/uploads\/2025\/01\/IMG_6556-768x577.jpg 768w, https:\/\/web.molina.cl\/wp-content\/uploads\/2025\/01\/IMG_6556-1536x1153.jpg 1536w, https:\/\/web.molina.cl\/wp-content\/uploads\/2025\/01\/IMG_6556-2048x1538.jpg 2048w, https:\/\/web.molina.cl\/wp-content\/uploads\/2025\/01\/IMG_6556-559x420.jpg 559w, https:\/\/web.molina.cl\/wp-content\/uploads\/2025\/01\/IMG_6556-80x60.jpg 80w, https:\/\/web.molina.cl\/wp-content\/uploads\/2025\/01\/IMG_6556-696x523.jpg 696w, https:\/\/web.molina.cl\/wp-content\/uploads\/2025\/01\/IMG_6556-1068x802.jpg 1068w, https:\/\/web.molina.cl\/wp-content\/uploads\/2025\/01\/IMG_6556-1920x1441.jpg 1920w, https:\/\/web.molina.cl\/wp-content\/uploads\/2025\/01\/IMG_6556-265x198.jpg 265w\" sizes=\"(max-width: 1024px) 100vw, 1024px\" \/><\/figure>\n<\/figure>\n","protected":false},"excerpt":{"rendered":"<p>El alcalde Felipe M\u00e9ndez se\u00f1al\u00f3 que la intenci\u00f3n es ocupar el veh\u00edculo m\u00f3vil del organismo para acercar la justicia a los vecinos, entre otras medidas. Acercar la justicia a la comunidad fue el objetivo de la primera visita protocolar de la directora regional de la Corporaci\u00f3n de Asistencia Judicial, Mar\u00eda Elena Villagr\u00e1n, con el municipio [&hellip;]<\/p>\n","protected":false},"author":2,"featured_media":71005,"comment_status":"closed","ping_status":"open","sticky":false,"template":"","format":"standard","meta":{"footnotes":""},"categories":[3,2379],"tags":[],"_links":{"self":[{"href":"https:\/\/web.molina.cl\/index.php?rest_route=\/wp\/v2\/posts\/71004"}],"collection":[{"href":"https:\/\/web.molina.cl\/index.php?rest_route=\/wp\/v2\/posts"}],"about":[{"href":"https:\/\/web.molina.cl\/index.php?rest_route=\/wp\/v2\/types\/post"}],"author":[{"embeddable":true,"href":"https:\/\/web.molina.cl\/index.php?rest_route=\/wp\/v2\/users\/2"}],"replies":[{"embeddable":true,"href":"https:\/\/web.molina.cl\/index.php?rest_route=%2Fwp%2Fv2%2Fcomments&post=71004"}],"version-history":[{"count":1,"href":"https:\/\/web.molina.cl\/index.php?rest_route=\/wp\/v2\/posts\/71004\/revisions"}],"predecessor-version":[{"id":71006,"href":"https:\/\/web.molina.cl\/index.php?rest_route=\/wp\/v2\/posts\/71004\/revisions\/71006"}],"wp:featuredmedia":[{"embeddable":true,"href":"https:\/\/web.molina.cl\/index.php?rest_route=\/wp\/v2\/media\/71005"}],"wp:attachment":[{"href":"https:\/\/web.molina.cl\/index.php?rest_route=%2Fwp%2Fv2%2Fmedia&parent=71004"}],"wp:term":[{"taxonomy":"category","embeddable":true,"href":"https:\/\/web.molina.cl\/index.php?rest_route=%2Fwp%2Fv2%2Fcategories&post=71004"},{"taxonomy":"post_tag","embeddable":true,"href":"https:\/\/web.molina.cl\/index.php?rest_route=%2Fwp%2Fv2%2Ftags&post=71004"}],"curies":[{"name":"wp","href":"https:\/\/api.w.org\/{rel}","templated":true}]}}