{"id":70989,"date":"2025-01-24T09:34:11","date_gmt":"2025-01-24T13:34:11","guid":{"rendered":"https:\/\/web.molina.cl\/?p=70989"},"modified":"2025-01-24T09:34:12","modified_gmt":"2025-01-24T13:34:12","slug":"seremi-del-deporte-y-consejero-regional-apoyan-proyecto-de-polideportivo-para-molina","status":"publish","type":"post","link":"https:\/\/web.molina.cl\/?p=70989","title":{"rendered":"Seremi del Deporte y consejero regional apoyan proyecto de Polideportivo para Molina"},"content":{"rendered":"\n<h2 class=\"wp-block-heading\">Tras revisar la cartera de proyectos del alcalde Felipe M\u00e9ndez, las autoridades comprometieron su respaldo a las iniciativas de infraestructura deportiva en la comuna.<\/h2>\n\n\n\n<p>Una amplia cartera de proyectos para mejorar los recintos deportivos present\u00f3 el alcalde de Molina, Felipe M\u00e9ndez, a las autoridades regionales que llegaron hasta la comuna para conocer las principales iniciativas de la administraci\u00f3n municipal en la materia.<\/p>\n\n\n\n<p>En la oportunidad, el jefe comunal mostr\u00f3 las medidas que pretende implementar para fomentar la actividad f\u00edsica en la comuna y para mejorar las deterioradas condiciones de la infraestructura molinense; exposici\u00f3n que atendi\u00f3 atentamente el Seremi del Deporte, Iv\u00e1n Sep\u00falveda, junto al Consejero Regional, Igor Villarreal. Tambi\u00e9n estuvo presente el gerente de la Corporaci\u00f3n Municipal de Deportes y Recreaci\u00f3n, Angelo Dur\u00e1n.<\/p>\n\n\n\n<p><strong>ALCALDE SUMA APOYOS<\/strong><\/p>\n\n\n\n<p>Junto con manifestarse \u201cmuy contento por la visita que recibimos\u201d, el alcalde de Molina, Felipe M\u00e9ndez, explic\u00f3 que \u201cles planteamos varios desaf\u00edos que tenemos por delante, como mejorar la infraestructura deportiva de nuestra comuna y la misi\u00f3n de sacar adelante el Polideportivo, por lo cual estuvimos tambi\u00e9n hace poco con el Gobernador Regional obteniendo la venia para empezar a trabajar en este proyecto emblem\u00e1tico para nuestra comuna. Nuestros equipos de Secplan ya est\u00e1n trabajando en estos procesos y prontamente tendremos novedades\u201d.<\/p>\n\n\n\n<p>Pero no todo gir\u00f3 en torno a la necesidad de mejorar los recintos, ya que el jefe edilicio explic\u00f3 que \u201ctambi\u00e9n le solicitamos al &nbsp;Seremi del Deporte que nos pueda apoyar con monitores para desarrollar nuevas disciplinas y actividades en nuestra comuna, as\u00ed que esperamos seguir avanzando porque Molina merece crecer\u201d.<\/p>\n\n\n\n<p><strong>REACCI\u00d3N DE AUTORIDADES<\/strong><\/p>\n\n\n\n<p>Sobre la reuni\u00f3n con los equipos de trabajo, el Seremi del Deporte, Iv\u00e1n Sep\u00falveda, se\u00f1al\u00f3 que estuvieron \u201cviendo la cartera de proyectos de infraestructura de la comuna, porque hace mucha falta en Molina. De forma concreta, estamos analizando la posibilidad del Polideportivo, aunque tambi\u00e9n obras como la pista atl\u00e9tica para el estadio municipal\u201d.<\/p>\n\n\n\n<p>Adem\u00e1s, sostuvo que \u201cevaluamos aumentar los talleres deportivos del IND tanto de su programa \u201cCrecer en Movimiento\u201d como \u201cDeporte y Participaci\u00f3n Social\u201d para que todos los molinenses y lontueninos puedan acceder a la actividad f\u00edsica\u201d.<\/p>\n\n\n\n<p>En tanto, el Consejero Regional, Igor Villarreal, se mostr\u00f3 \u201cmuy contento de esta primera visita protocolar al alcalde Felipe M\u00e9ndez y a su equipo junto al Seremi. Aprovechamos la oportunidad de revisar algunos proyectos que son fundamentales para la comuna, la que siendo tan grande dentro de la Provincia de Curic\u00f3, no tiene un Polideportivo\u201d.<\/p>\n\n\n\n<p>Sobre esta iniciativa, coment\u00f3 que \u201ces un desaf\u00edo enorme e importante que estamos buscando la manera de zanjar prontamente, para que la gente tenga una infraestructura adecuada, viendo tambi\u00e9n que hay grandes deportistas en la zona. El Gobernador ya estableci\u00f3 un compromiso que obviamente nosotros, los consejeros regionales, estaremos apoyando para obtener los recursos necesarios\u201d.<\/p>\n\n\n\n<figure class=\"wp-block-gallery has-nested-images columns-default is-cropped wp-block-gallery-1 is-layout-flex wp-block-gallery-is-layout-flex\">\n<figure class=\"wp-block-image size-large\"><img loading=\"lazy\" decoding=\"async\" width=\"1024\" height=\"769\" data-id=\"70990\" src=\"https:\/\/web.molina.cl\/wp-content\/uploads\/2025\/01\/Foto-1-8-1024x769.jpg\" alt=\"\" class=\"wp-image-70990\" srcset=\"https:\/\/web.molina.cl\/wp-content\/uploads\/2025\/01\/Foto-1-8-1024x769.jpg 1024w, https:\/\/web.molina.cl\/wp-content\/uploads\/2025\/01\/Foto-1-8-300x225.jpg 300w, https:\/\/web.molina.cl\/wp-content\/uploads\/2025\/01\/Foto-1-8-768x577.jpg 768w, https:\/\/web.molina.cl\/wp-content\/uploads\/2025\/01\/Foto-1-8-1536x1153.jpg 1536w, https:\/\/web.molina.cl\/wp-content\/uploads\/2025\/01\/Foto-1-8-2048x1538.jpg 2048w, https:\/\/web.molina.cl\/wp-content\/uploads\/2025\/01\/Foto-1-8-559x420.jpg 559w, https:\/\/web.molina.cl\/wp-content\/uploads\/2025\/01\/Foto-1-8-80x60.jpg 80w, https:\/\/web.molina.cl\/wp-content\/uploads\/2025\/01\/Foto-1-8-696x523.jpg 696w, https:\/\/web.molina.cl\/wp-content\/uploads\/2025\/01\/Foto-1-8-1068x802.jpg 1068w, https:\/\/web.molina.cl\/wp-content\/uploads\/2025\/01\/Foto-1-8-1920x1441.jpg 1920w, https:\/\/web.molina.cl\/wp-content\/uploads\/2025\/01\/Foto-1-8-265x198.jpg 265w\" sizes=\"(max-width: 1024px) 100vw, 1024px\" \/><figcaption class=\"wp-element-caption\">Iv\u00e1n Sep\u00falveda, Seremi del Deporte, junto al alcalde Felipe M\u00e9ndez.<\/figcaption><\/figure>\n\n\n\n<figure class=\"wp-block-image size-large\"><img loading=\"lazy\" decoding=\"async\" width=\"1024\" height=\"769\" data-id=\"70991\" src=\"https:\/\/web.molina.cl\/wp-content\/uploads\/2025\/01\/Foto-2-5-1024x769.jpg\" alt=\"\" class=\"wp-image-70991\" srcset=\"https:\/\/web.molina.cl\/wp-content\/uploads\/2025\/01\/Foto-2-5-1024x769.jpg 1024w, https:\/\/web.molina.cl\/wp-content\/uploads\/2025\/01\/Foto-2-5-300x225.jpg 300w, https:\/\/web.molina.cl\/wp-content\/uploads\/2025\/01\/Foto-2-5-768x577.jpg 768w, https:\/\/web.molina.cl\/wp-content\/uploads\/2025\/01\/Foto-2-5-1536x1153.jpg 1536w, https:\/\/web.molina.cl\/wp-content\/uploads\/2025\/01\/Foto-2-5-2048x1538.jpg 2048w, https:\/\/web.molina.cl\/wp-content\/uploads\/2025\/01\/Foto-2-5-559x420.jpg 559w, https:\/\/web.molina.cl\/wp-content\/uploads\/2025\/01\/Foto-2-5-80x60.jpg 80w, https:\/\/web.molina.cl\/wp-content\/uploads\/2025\/01\/Foto-2-5-696x523.jpg 696w, https:\/\/web.molina.cl\/wp-content\/uploads\/2025\/01\/Foto-2-5-1068x802.jpg 1068w, https:\/\/web.molina.cl\/wp-content\/uploads\/2025\/01\/Foto-2-5-1920x1441.jpg 1920w, https:\/\/web.molina.cl\/wp-content\/uploads\/2025\/01\/Foto-2-5-265x198.jpg 265w\" sizes=\"(max-width: 1024px) 100vw, 1024px\" \/><figcaption class=\"wp-element-caption\">El consejero regional Igor Villarreal junto a nuestro alcalde.<\/figcaption><\/figure>\n<\/figure>\n","protected":false},"excerpt":{"rendered":"<p>Tras revisar la cartera de proyectos del alcalde Felipe M\u00e9ndez, las autoridades comprometieron su respaldo a las iniciativas de infraestructura deportiva en la comuna. Una amplia cartera de proyectos para mejorar los recintos deportivos present\u00f3 el alcalde de Molina, Felipe M\u00e9ndez, a las autoridades regionales que llegaron hasta la comuna para conocer las principales iniciativas [&hellip;]<\/p>\n","protected":false},"author":2,"featured_media":70990,"comment_status":"closed","ping_status":"open","sticky":false,"template":"","format":"standard","meta":{"footnotes":""},"categories":[35],"tags":[],"_links":{"self":[{"href":"https:\/\/web.molina.cl\/index.php?rest_route=\/wp\/v2\/posts\/70989"}],"collection":[{"href":"https:\/\/web.molina.cl\/index.php?rest_route=\/wp\/v2\/posts"}],"about":[{"href":"https:\/\/web.molina.cl\/index.php?rest_route=\/wp\/v2\/types\/post"}],"author":[{"embeddable":true,"href":"https:\/\/web.molina.cl\/index.php?rest_route=\/wp\/v2\/users\/2"}],"replies":[{"embeddable":true,"href":"https:\/\/web.molina.cl\/index.php?rest_route=%2Fwp%2Fv2%2Fcomments&post=70989"}],"version-history":[{"count":1,"href":"https:\/\/web.molina.cl\/index.php?rest_route=\/wp\/v2\/posts\/70989\/revisions"}],"predecessor-version":[{"id":70992,"href":"https:\/\/web.molina.cl\/index.php?rest_route=\/wp\/v2\/posts\/70989\/revisions\/70992"}],"wp:featuredmedia":[{"embeddable":true,"href":"https:\/\/web.molina.cl\/index.php?rest_route=\/wp\/v2\/media\/70990"}],"wp:attachment":[{"href":"https:\/\/web.molina.cl\/index.php?rest_route=%2Fwp%2Fv2%2Fmedia&parent=70989"}],"wp:term":[{"taxonomy":"category","embeddable":true,"href":"https:\/\/web.molina.cl\/index.php?rest_route=%2Fwp%2Fv2%2Fcategories&post=70989"},{"taxonomy":"post_tag","embeddable":true,"href":"https:\/\/web.molina.cl\/index.php?rest_route=%2Fwp%2Fv2%2Ftags&post=70989"}],"curies":[{"name":"wp","href":"https:\/\/api.w.org\/{rel}","templated":true}]}}