{"id":70980,"date":"2025-01-24T09:29:27","date_gmt":"2025-01-24T13:29:27","guid":{"rendered":"https:\/\/web.molina.cl\/?p=70980"},"modified":"2025-01-24T09:29:28","modified_gmt":"2025-01-24T13:29:28","slug":"el-primero-de-la-region-del-maule-aprueban-construccion-de-centro-de-cuidados-en-lontue","status":"publish","type":"post","link":"https:\/\/web.molina.cl\/?p=70980","title":{"rendered":"El primero de la Regi\u00f3n del Maule: Aprueban construcci\u00f3n de Centro de Cuidados en Lontu\u00e9"},"content":{"rendered":"\n<h2 class=\"wp-block-heading\">La inversi\u00f3n del Minvu para el proyecto municipal es cercana a los 340 millones de pesos.<\/h2>\n\n\n\n<p>Tras una serie de gestiones que comenzaron desde el momento en que comenz\u00f3 su administraci\u00f3n municipal, el alcalde de Molina, Felipe M\u00e9ndez, anunci\u00f3 la aprobaci\u00f3n de un importante proyecto para la comuna: el Centro Comunitario de Cuidado y Protecci\u00f3n.<\/p>\n\n\n\n<p>Se trata del primer recinto de su tipo en la Regi\u00f3n del Maule y estar\u00e1 ubicado en la hist\u00f3rica ciudad de Lontu\u00e9, espec\u00edficamente, a un costado de la sede social de la villa San Sebasti\u00e1n.<\/p>\n\n\n\n<p>En concreto, el Ministerio de Vivienda aprob\u00f3 8.800 UF (alrededor de 340 millones de pesos) para ejecutar las obras, mientras que el municipio aportar\u00e1 880 UF (34 millones de pesos aproximadamente) de forma complementaria.<\/p>\n\n\n\n<p><strong>GESTIONES PREVIAS<\/strong><\/p>\n\n\n\n<p>Tras conocer la noticia, el jefe comunal molinense manifest\u00f3 que \u201ces un proyecto que logramos destrabar, porque desde que llegamos a la administraci\u00f3n municipal hicimos todas las gestiones en Santiago junto a la Subsecretaria de Vivienda y Urbanismo, Gabriela Elgueta, tendientes a lograr los recursos necesarios para su construcci\u00f3n. Es el primer centro comunitario para cuidadoras que se instalar\u00e1 en la Regi\u00f3n del Maule y comenzaremos prontamente, una vez que emitan la resoluci\u00f3n y lleguen los recursos al municipio\u201d.<\/p>\n\n\n\n<p>Las instalaciones contar\u00e1n con 178,71 metros cuadrados construidos, acceso universal con estacionamiento demarcado, bicicleteros, patio con sombreadero y bancas, zonas multifuncionales y equipos termosolares.<\/p>\n\n\n\n<figure class=\"wp-block-gallery has-nested-images columns-default is-cropped wp-block-gallery-1 is-layout-flex wp-block-gallery-is-layout-flex\">\n<figure class=\"wp-block-image size-large\"><img loading=\"lazy\" decoding=\"async\" width=\"1024\" height=\"576\" data-id=\"70982\" src=\"https:\/\/web.molina.cl\/wp-content\/uploads\/2025\/01\/Foto-1-3-1024x576.jpeg\" alt=\"\" class=\"wp-image-70982\" srcset=\"https:\/\/web.molina.cl\/wp-content\/uploads\/2025\/01\/Foto-1-3-1024x576.jpeg 1024w, https:\/\/web.molina.cl\/wp-content\/uploads\/2025\/01\/Foto-1-3-300x169.jpeg 300w, https:\/\/web.molina.cl\/wp-content\/uploads\/2025\/01\/Foto-1-3-768x432.jpeg 768w, https:\/\/web.molina.cl\/wp-content\/uploads\/2025\/01\/Foto-1-3-1536x864.jpeg 1536w, https:\/\/web.molina.cl\/wp-content\/uploads\/2025\/01\/Foto-1-3-747x420.jpeg 747w, https:\/\/web.molina.cl\/wp-content\/uploads\/2025\/01\/Foto-1-3-696x392.jpeg 696w, https:\/\/web.molina.cl\/wp-content\/uploads\/2025\/01\/Foto-1-3-1068x601.jpeg 1068w, https:\/\/web.molina.cl\/wp-content\/uploads\/2025\/01\/Foto-1-3.jpeg 1600w\" sizes=\"(max-width: 1024px) 100vw, 1024px\" \/><\/figure>\n\n\n\n<figure class=\"wp-block-image size-large\"><img loading=\"lazy\" decoding=\"async\" width=\"1024\" height=\"574\" data-id=\"70983\" src=\"https:\/\/web.molina.cl\/wp-content\/uploads\/2025\/01\/Foto-2-1024x574.png\" alt=\"\" class=\"wp-image-70983\" srcset=\"https:\/\/web.molina.cl\/wp-content\/uploads\/2025\/01\/Foto-2-1024x574.png 1024w, https:\/\/web.molina.cl\/wp-content\/uploads\/2025\/01\/Foto-2-300x168.png 300w, https:\/\/web.molina.cl\/wp-content\/uploads\/2025\/01\/Foto-2-768x430.png 768w, https:\/\/web.molina.cl\/wp-content\/uploads\/2025\/01\/Foto-2-1536x860.png 1536w, https:\/\/web.molina.cl\/wp-content\/uploads\/2025\/01\/Foto-2-2048x1147.png 2048w, https:\/\/web.molina.cl\/wp-content\/uploads\/2025\/01\/Foto-2-750x420.png 750w, https:\/\/web.molina.cl\/wp-content\/uploads\/2025\/01\/Foto-2-696x390.png 696w, https:\/\/web.molina.cl\/wp-content\/uploads\/2025\/01\/Foto-2-1068x598.png 1068w, https:\/\/web.molina.cl\/wp-content\/uploads\/2025\/01\/Foto-2-1920x1075.png 1920w\" sizes=\"(max-width: 1024px) 100vw, 1024px\" \/><figcaption class=\"wp-element-caption\">El alcalde Felipe M\u00e9ndez mostr\u00f3 el terreno donde se construir\u00e1n las obras<\/figcaption><\/figure>\n\n\n\n<figure class=\"wp-block-image size-large\"><img loading=\"lazy\" decoding=\"async\" width=\"1024\" height=\"576\" data-id=\"70981\" src=\"https:\/\/web.molina.cl\/wp-content\/uploads\/2025\/01\/Foto-3-3-1024x576.jpeg\" alt=\"\" class=\"wp-image-70981\" srcset=\"https:\/\/web.molina.cl\/wp-content\/uploads\/2025\/01\/Foto-3-3-1024x576.jpeg 1024w, https:\/\/web.molina.cl\/wp-content\/uploads\/2025\/01\/Foto-3-3-300x169.jpeg 300w, https:\/\/web.molina.cl\/wp-content\/uploads\/2025\/01\/Foto-3-3-768x432.jpeg 768w, https:\/\/web.molina.cl\/wp-content\/uploads\/2025\/01\/Foto-3-3-1536x864.jpeg 1536w, https:\/\/web.molina.cl\/wp-content\/uploads\/2025\/01\/Foto-3-3-747x420.jpeg 747w, https:\/\/web.molina.cl\/wp-content\/uploads\/2025\/01\/Foto-3-3-696x392.jpeg 696w, https:\/\/web.molina.cl\/wp-content\/uploads\/2025\/01\/Foto-3-3-1068x601.jpeg 1068w, https:\/\/web.molina.cl\/wp-content\/uploads\/2025\/01\/Foto-3-3.jpeg 1600w\" sizes=\"(max-width: 1024px) 100vw, 1024px\" \/><\/figure>\n<\/figure>\n","protected":false},"excerpt":{"rendered":"<p>La inversi\u00f3n del Minvu para el proyecto municipal es cercana a los 340 millones de pesos. Tras una serie de gestiones que comenzaron desde el momento en que comenz\u00f3 su administraci\u00f3n municipal, el alcalde de Molina, Felipe M\u00e9ndez, anunci\u00f3 la aprobaci\u00f3n de un importante proyecto para la comuna: el Centro Comunitario de Cuidado y Protecci\u00f3n. [&hellip;]<\/p>\n","protected":false},"author":2,"featured_media":70982,"comment_status":"closed","ping_status":"open","sticky":false,"template":"","format":"standard","meta":{"footnotes":""},"categories":[80,3,21],"tags":[],"_links":{"self":[{"href":"https:\/\/web.molina.cl\/index.php?rest_route=\/wp\/v2\/posts\/70980"}],"collection":[{"href":"https:\/\/web.molina.cl\/index.php?rest_route=\/wp\/v2\/posts"}],"about":[{"href":"https:\/\/web.molina.cl\/index.php?rest_route=\/wp\/v2\/types\/post"}],"author":[{"embeddable":true,"href":"https:\/\/web.molina.cl\/index.php?rest_route=\/wp\/v2\/users\/2"}],"replies":[{"embeddable":true,"href":"https:\/\/web.molina.cl\/index.php?rest_route=%2Fwp%2Fv2%2Fcomments&post=70980"}],"version-history":[{"count":1,"href":"https:\/\/web.molina.cl\/index.php?rest_route=\/wp\/v2\/posts\/70980\/revisions"}],"predecessor-version":[{"id":70985,"href":"https:\/\/web.molina.cl\/index.php?rest_route=\/wp\/v2\/posts\/70980\/revisions\/70985"}],"wp:featuredmedia":[{"embeddable":true,"href":"https:\/\/web.molina.cl\/index.php?rest_route=\/wp\/v2\/media\/70982"}],"wp:attachment":[{"href":"https:\/\/web.molina.cl\/index.php?rest_route=%2Fwp%2Fv2%2Fmedia&parent=70980"}],"wp:term":[{"taxonomy":"category","embeddable":true,"href":"https:\/\/web.molina.cl\/index.php?rest_route=%2Fwp%2Fv2%2Fcategories&post=70980"},{"taxonomy":"post_tag","embeddable":true,"href":"https:\/\/web.molina.cl\/index.php?rest_route=%2Fwp%2Fv2%2Ftags&post=70980"}],"curies":[{"name":"wp","href":"https:\/\/api.w.org\/{rel}","templated":true}]}}