{"id":70977,"date":"2025-01-24T09:26:07","date_gmt":"2025-01-24T13:26:07","guid":{"rendered":"https:\/\/web.molina.cl\/?p=70977"},"modified":"2025-01-24T09:26:08","modified_gmt":"2025-01-24T13:26:08","slug":"alcalde-de-molina-y-gobernador-del-maule-acuerdan-apoyo-para-grandes-proyectos-de-la-comuna","status":"publish","type":"post","link":"https:\/\/web.molina.cl\/?p=70977","title":{"rendered":"Alcalde de Molina y Gobernador del Maule acuerdan apoyo para grandes proyectos de la comuna"},"content":{"rendered":"\n<h2 class=\"wp-block-heading\">El jefe comunal molinense destac\u00f3 la buena recepci\u00f3n que tuvo del mandam\u00e1s regional.<\/h2>\n\n\n\n<p>Una extensa reuni\u00f3n abordando la cartera de proyectos de la comuna sostuvo el alcalde de Molina, Felipe M\u00e9ndez, con el Gobernador Regional del Maule, Pedro \u00c1lvarez-Salamanca.<\/p>\n\n\n\n<p>En las dependencias de la capital maulina, ambas autoridades sostuvieron el primer encuentro para analizar las iniciativas que el municipio impulsar\u00e1 y de las que requerir\u00e1 financiamiento.<\/p>\n\n\n\n<p><strong>PROYECTOS GRANDES<\/strong><\/p>\n\n\n\n<p>\u201cHa sido una reuni\u00f3n muy gratificante y fruct\u00edfera, porque avanzaremos en proyectos emblem\u00e1ticos para nuestra comuna\u201d, parti\u00f3 diciendo el alcalde Felipe M\u00e9ndez.<\/p>\n\n\n\n<p>Sobre el tenor de las iniciativas a presentar, el jefe comunal afirm\u00f3 categ\u00f3rico que \u201cen nuestra administraci\u00f3n municipal queremos trabajar en proyectos grandes, de infraestructura, para que Molina siga creciendo, desarroll\u00e1ndose y enamorando cada d\u00eda. El detalle lo daremos a conocer durante los pr\u00f3ximos meses, pero lo importante es que hemos encontrado una excelente recepci\u00f3n\u201d.<\/p>\n\n\n\n<p>Por su parte, el Gobernador Regional, Pedro \u00c1lvarez-Salamanca, se\u00f1al\u00f3 que \u201cestamos muy contentos de recibir al alcalde Felipe M\u00e9ndez, a quien conozco y s\u00e9 de su trayectoria como un buen servidor p\u00fablico. Estamos dando todas las facilidades para que Molina siga creciendo, hubo distintas iniciativas que \u00e9l me vino a presentar y que ya dar\u00e1 a conocer en su momento\u201d.<\/p>\n\n\n\n<p>La autoridad a\u00f1adi\u00f3 que \u201ctrabajaremos con todos los alcaldes, independiente de su color pol\u00edtico y esto es una muestra de aquello. As\u00ed que seguiremos trabajando muy de la mano con su equipo municipal y sus concejales\u201d.<\/p>\n\n\n\n<figure class=\"wp-block-image size-large\"><img loading=\"lazy\" decoding=\"async\" width=\"1024\" height=\"769\" src=\"https:\/\/web.molina.cl\/wp-content\/uploads\/2025\/01\/Reunion-Gobernador-1024x769.jpeg\" alt=\"\" class=\"wp-image-70978\" srcset=\"https:\/\/web.molina.cl\/wp-content\/uploads\/2025\/01\/Reunion-Gobernador-1024x769.jpeg 1024w, https:\/\/web.molina.cl\/wp-content\/uploads\/2025\/01\/Reunion-Gobernador-300x225.jpeg 300w, https:\/\/web.molina.cl\/wp-content\/uploads\/2025\/01\/Reunion-Gobernador-768x577.jpeg 768w, https:\/\/web.molina.cl\/wp-content\/uploads\/2025\/01\/Reunion-Gobernador-1536x1153.jpeg 1536w, https:\/\/web.molina.cl\/wp-content\/uploads\/2025\/01\/Reunion-Gobernador-2048x1537.jpeg 2048w, https:\/\/web.molina.cl\/wp-content\/uploads\/2025\/01\/Reunion-Gobernador-559x420.jpeg 559w, https:\/\/web.molina.cl\/wp-content\/uploads\/2025\/01\/Reunion-Gobernador-80x60.jpeg 80w, https:\/\/web.molina.cl\/wp-content\/uploads\/2025\/01\/Reunion-Gobernador-696x523.jpeg 696w, https:\/\/web.molina.cl\/wp-content\/uploads\/2025\/01\/Reunion-Gobernador-1068x802.jpeg 1068w, https:\/\/web.molina.cl\/wp-content\/uploads\/2025\/01\/Reunion-Gobernador-1920x1441.jpeg 1920w, https:\/\/web.molina.cl\/wp-content\/uploads\/2025\/01\/Reunion-Gobernador-265x198.jpeg 265w\" sizes=\"(max-width: 1024px) 100vw, 1024px\" \/><\/figure>\n","protected":false},"excerpt":{"rendered":"<p>El jefe comunal molinense destac\u00f3 la buena recepci\u00f3n que tuvo del mandam\u00e1s regional. Una extensa reuni\u00f3n abordando la cartera de proyectos de la comuna sostuvo el alcalde de Molina, Felipe M\u00e9ndez, con el Gobernador Regional del Maule, Pedro \u00c1lvarez-Salamanca. En las dependencias de la capital maulina, ambas autoridades sostuvieron el primer encuentro para analizar las [&hellip;]<\/p>\n","protected":false},"author":2,"featured_media":70978,"comment_status":"closed","ping_status":"open","sticky":false,"template":"","format":"standard","meta":{"footnotes":""},"categories":[4],"tags":[],"_links":{"self":[{"href":"https:\/\/web.molina.cl\/index.php?rest_route=\/wp\/v2\/posts\/70977"}],"collection":[{"href":"https:\/\/web.molina.cl\/index.php?rest_route=\/wp\/v2\/posts"}],"about":[{"href":"https:\/\/web.molina.cl\/index.php?rest_route=\/wp\/v2\/types\/post"}],"author":[{"embeddable":true,"href":"https:\/\/web.molina.cl\/index.php?rest_route=\/wp\/v2\/users\/2"}],"replies":[{"embeddable":true,"href":"https:\/\/web.molina.cl\/index.php?rest_route=%2Fwp%2Fv2%2Fcomments&post=70977"}],"version-history":[{"count":1,"href":"https:\/\/web.molina.cl\/index.php?rest_route=\/wp\/v2\/posts\/70977\/revisions"}],"predecessor-version":[{"id":70979,"href":"https:\/\/web.molina.cl\/index.php?rest_route=\/wp\/v2\/posts\/70977\/revisions\/70979"}],"wp:featuredmedia":[{"embeddable":true,"href":"https:\/\/web.molina.cl\/index.php?rest_route=\/wp\/v2\/media\/70978"}],"wp:attachment":[{"href":"https:\/\/web.molina.cl\/index.php?rest_route=%2Fwp%2Fv2%2Fmedia&parent=70977"}],"wp:term":[{"taxonomy":"category","embeddable":true,"href":"https:\/\/web.molina.cl\/index.php?rest_route=%2Fwp%2Fv2%2Fcategories&post=70977"},{"taxonomy":"post_tag","embeddable":true,"href":"https:\/\/web.molina.cl\/index.php?rest_route=%2Fwp%2Fv2%2Ftags&post=70977"}],"curies":[{"name":"wp","href":"https:\/\/api.w.org\/{rel}","templated":true}]}}