{"id":70973,"date":"2025-01-24T09:23:52","date_gmt":"2025-01-24T13:23:52","guid":{"rendered":"https:\/\/web.molina.cl\/?p=70973"},"modified":"2025-01-24T09:23:53","modified_gmt":"2025-01-24T13:23:53","slug":"estudiantes-de-molina-reciben-reconocimiento-por-ingresar-a-la-universidad-con-proyecto-semilla-ucm","status":"publish","type":"post","link":"https:\/\/web.molina.cl\/?p=70973","title":{"rendered":"Estudiantes de Molina reciben reconocimiento por ingresar a la Universidad con proyecto Semilla UCM"},"content":{"rendered":"\n<h2 class=\"wp-block-heading\">El alcalde, Felipe M\u00e9ndez, manifest\u00f3 que buscar\u00e1n potenciar este tipo de iniciativas con otras Casas de Estudios.<\/h2>\n\n\n\n<p>Un especial reconocimiento recibieron cuatro j\u00f3venes de Molina que, tras un arduo a\u00f1o escolar, lograron ingresar a estudiar en la Educaci\u00f3n Superior gracias al programa Semilla de la Universidad Cat\u00f3lica del Maule (UCM), luego de haber rendido la prueba PAES.<\/p>\n\n\n\n<p>Se trata de cuatro alumnos que formaron parte de esta iniciativa que comienza en 8\u00b0 B\u00e1sico y permite detectar a alumnos con altas capacidades intelectuales, los que a trav\u00e9s de cursos y talleres pueden potenciar sus habilidades y dotaciones innatas.<\/p>\n\n\n\n<p>Las felicitaciones se dirigieron hacia Constanza Mu\u00f1oz, quien ingres\u00f3 a la carrera de Derecho (Utal); Carlos Ch\u00e1vez, que entr\u00f3 a Ingenier\u00eda Comercial (Utal); Francisca Osses, que accedi\u00f3 a Derecho (UCM); y Nataly Verdejo, quien cursar\u00e1 Biotecnolog\u00eda (UCM).<\/p>\n\n\n\n<p><strong>APOYO MUNICIPAL<\/strong><\/p>\n\n\n\n<p>Todos ellos acudieron al edificio consistorial del municipio para recibir el saludo del alcalde de Molina, Felipe M\u00e9ndez, quien manifest\u00f3 que \u201cnuestra intenci\u00f3n es trabajar para potenciar estas iniciativas y establecer nuevos convenios con las diversas Casas de Estudios de nuestra regi\u00f3n. Adem\u00e1s, hicimos un compromiso con cada uno de ellos para poder ayudarlos en este camino que inician con sus carreras\u201d.<\/p>\n\n\n\n<p>Por su parte, Constanza Mu\u00f1oz, egresada del Liceo Juan Morales Gonz\u00e1lez de Lontu\u00e9 y la primera de su familia en ingresar a la universidad, se mostr\u00f3, \u201cmuy agradecida, porque el alcalde se dio el espacio de recibirnos y conversar con nosotros, viendo c\u00f3mo seguir ayudando a los futuros ni\u00f1os que postular\u00e1n al programa. Soy la primera de mi familia, as\u00ed que es un orgullo y eso acompa\u00f1a a muchos j\u00f3venes\u201d.<\/p>\n\n\n\n<figure class=\"wp-block-gallery has-nested-images columns-default is-cropped wp-block-gallery-1 is-layout-flex wp-block-gallery-is-layout-flex\">\n<figure class=\"wp-block-image size-large\"><img loading=\"lazy\" decoding=\"async\" width=\"1024\" height=\"576\" data-id=\"70974\" src=\"https:\/\/web.molina.cl\/wp-content\/uploads\/2025\/01\/Semilla-1024x576.jpeg\" alt=\"\" class=\"wp-image-70974\" srcset=\"https:\/\/web.molina.cl\/wp-content\/uploads\/2025\/01\/Semilla-1024x576.jpeg 1024w, https:\/\/web.molina.cl\/wp-content\/uploads\/2025\/01\/Semilla-300x169.jpeg 300w, https:\/\/web.molina.cl\/wp-content\/uploads\/2025\/01\/Semilla-768x432.jpeg 768w, https:\/\/web.molina.cl\/wp-content\/uploads\/2025\/01\/Semilla-1536x864.jpeg 1536w, https:\/\/web.molina.cl\/wp-content\/uploads\/2025\/01\/Semilla-2048x1152.jpeg 2048w, https:\/\/web.molina.cl\/wp-content\/uploads\/2025\/01\/Semilla-747x420.jpeg 747w, https:\/\/web.molina.cl\/wp-content\/uploads\/2025\/01\/Semilla-696x392.jpeg 696w, https:\/\/web.molina.cl\/wp-content\/uploads\/2025\/01\/Semilla-1068x601.jpeg 1068w, https:\/\/web.molina.cl\/wp-content\/uploads\/2025\/01\/Semilla-1920x1080.jpeg 1920w\" sizes=\"(max-width: 1024px) 100vw, 1024px\" \/><\/figure>\n\n\n\n<figure class=\"wp-block-image size-large\"><img loading=\"lazy\" decoding=\"async\" width=\"1024\" height=\"576\" data-id=\"70975\" src=\"https:\/\/web.molina.cl\/wp-content\/uploads\/2025\/01\/Semilla-2-1024x576.jpeg\" alt=\"\" class=\"wp-image-70975\" srcset=\"https:\/\/web.molina.cl\/wp-content\/uploads\/2025\/01\/Semilla-2-1024x576.jpeg 1024w, https:\/\/web.molina.cl\/wp-content\/uploads\/2025\/01\/Semilla-2-300x169.jpeg 300w, https:\/\/web.molina.cl\/wp-content\/uploads\/2025\/01\/Semilla-2-768x432.jpeg 768w, https:\/\/web.molina.cl\/wp-content\/uploads\/2025\/01\/Semilla-2-1536x864.jpeg 1536w, https:\/\/web.molina.cl\/wp-content\/uploads\/2025\/01\/Semilla-2-2048x1152.jpeg 2048w, https:\/\/web.molina.cl\/wp-content\/uploads\/2025\/01\/Semilla-2-747x420.jpeg 747w, https:\/\/web.molina.cl\/wp-content\/uploads\/2025\/01\/Semilla-2-696x392.jpeg 696w, https:\/\/web.molina.cl\/wp-content\/uploads\/2025\/01\/Semilla-2-1068x601.jpeg 1068w, https:\/\/web.molina.cl\/wp-content\/uploads\/2025\/01\/Semilla-2-1920x1080.jpeg 1920w\" sizes=\"(max-width: 1024px) 100vw, 1024px\" \/><\/figure>\n<\/figure>\n","protected":false},"excerpt":{"rendered":"<p>El alcalde, Felipe M\u00e9ndez, manifest\u00f3 que buscar\u00e1n potenciar este tipo de iniciativas con otras Casas de Estudios. Un especial reconocimiento recibieron cuatro j\u00f3venes de Molina que, tras un arduo a\u00f1o escolar, lograron ingresar a estudiar en la Educaci\u00f3n Superior gracias al programa Semilla de la Universidad Cat\u00f3lica del Maule (UCM), luego de haber rendido la [&hellip;]<\/p>\n","protected":false},"author":2,"featured_media":70974,"comment_status":"closed","ping_status":"open","sticky":false,"template":"","format":"standard","meta":{"footnotes":""},"categories":[3324,5],"tags":[],"_links":{"self":[{"href":"https:\/\/web.molina.cl\/index.php?rest_route=\/wp\/v2\/posts\/70973"}],"collection":[{"href":"https:\/\/web.molina.cl\/index.php?rest_route=\/wp\/v2\/posts"}],"about":[{"href":"https:\/\/web.molina.cl\/index.php?rest_route=\/wp\/v2\/types\/post"}],"author":[{"embeddable":true,"href":"https:\/\/web.molina.cl\/index.php?rest_route=\/wp\/v2\/users\/2"}],"replies":[{"embeddable":true,"href":"https:\/\/web.molina.cl\/index.php?rest_route=%2Fwp%2Fv2%2Fcomments&post=70973"}],"version-history":[{"count":1,"href":"https:\/\/web.molina.cl\/index.php?rest_route=\/wp\/v2\/posts\/70973\/revisions"}],"predecessor-version":[{"id":70976,"href":"https:\/\/web.molina.cl\/index.php?rest_route=\/wp\/v2\/posts\/70973\/revisions\/70976"}],"wp:featuredmedia":[{"embeddable":true,"href":"https:\/\/web.molina.cl\/index.php?rest_route=\/wp\/v2\/media\/70974"}],"wp:attachment":[{"href":"https:\/\/web.molina.cl\/index.php?rest_route=%2Fwp%2Fv2%2Fmedia&parent=70973"}],"wp:term":[{"taxonomy":"category","embeddable":true,"href":"https:\/\/web.molina.cl\/index.php?rest_route=%2Fwp%2Fv2%2Fcategories&post=70973"},{"taxonomy":"post_tag","embeddable":true,"href":"https:\/\/web.molina.cl\/index.php?rest_route=%2Fwp%2Fv2%2Ftags&post=70973"}],"curies":[{"name":"wp","href":"https:\/\/api.w.org\/{rel}","templated":true}]}}