{"id":701,"date":"2014-09-08T13:09:51","date_gmt":"2014-09-08T16:09:51","guid":{"rendered":"http:\/\/web.molina.cl\/?p=701"},"modified":"2020-11-25T08:39:08","modified_gmt":"2020-11-25T12:39:08","slug":"701","status":"publish","type":"post","link":"https:\/\/web.molina.cl\/?p=701","title":{"rendered":"Alcaldesa Priscilla Castillo salud\u00f3 a m\u00e1s de 1.400 adultos mayores en el \u201cPasamos Agosto\u201d"},"content":{"rendered":"<p style=\"text-align: justify;\">La tradicional fiesta del \u201cPasamos agosto\u201d se realiz\u00f3 en Molina el d\u00eda s\u00e1bado 06 de septiembre en la planta de agr\u00edcola Garc\u00e9s. En la ocasi\u00f3n, la alcaldesa de la comuna, Priscilla Castillo e invitados como el Diputado, Roberto Le\u00f3n; el consejero regional, Manuel Amestica; la Seremi de Transportes, Patricia Miranda y Concejales, saludaron a los presentes y compartieron en las distintas mesas de los clubes de adulto mayor.<\/p>\n<p style=\"text-align: justify;\"><!--more--><\/p>\n<p style=\"text-align: justify;\">El \u201cnavegado\u201d fue el mas esperado por quienes estuvieron en la fiesta, que cont\u00f3 con artistas como los doble de Camilo Sesto y Zalo Reyes, Anita Salazar, entre otros, quienes hicieron bailar y cantar a todos los adultos mayores.<\/p>\n<p style=\"text-align: justify;\"><b>SALUDO<\/b><\/p>\n<p style=\"text-align: justify;\">&nbsp;La alcaldesa, Priscilla Castillo, enfatiz\u00f3 su saludo en el compromiso de su administraci\u00f3n municipal con los adultos mayores y los logros que ya se han obtenido \u201cestoy muy contenta de la cantidad de clubes presentes y del entusiasmo de todos ustedes por esta fiesta. Este a\u00f1o ha sido muy bueno, ya que desde que asumi\u00f3 la Presidenta Michelle Bachelet&nbsp; se han aprobado varios proyectos para nuestra comuna. La tan esperada Casa del Adulto Mayor se comenzar\u00e1 a construir pronto, entregamos mas de 26 proyectos y tenemos una infinidad de cosas por hacer\u201d precis\u00f3.<\/p>\n<p style=\"text-align: justify;\">Eduardo Moreira, Dirigente del coro de adultos mayores \u201cCantar es Vivir\u201d, agradeci\u00f3 a la alcaldesa la preocupaci\u00f3n constante por su grupo. \u201cNuestra alcaldesa se la ha jugado por nosotros y como nunca hemos tenido un gran apoyo. Esta es una fiesta nunca antes vista en Molina\u201d.<\/p>\n","protected":false},"excerpt":{"rendered":"<p>La tradicional fiesta del \u201cPasamos agosto\u201d se realiz\u00f3 en Molina el d\u00eda s\u00e1bado 06 de septiembre en la planta de agr\u00edcola Garc\u00e9s. En la ocasi\u00f3n, la alcaldesa de la comuna, Priscilla Castillo e invitados como el Diputado, Roberto Le\u00f3n; el consejero regional, Manuel Amestica; la Seremi de Transportes, Patricia Miranda y Concejales, saludaron a los [&hellip;]<\/p>\n","protected":false},"author":1,"featured_media":702,"comment_status":"open","ping_status":"open","sticky":false,"template":"","format":"standard","meta":{"footnotes":""},"categories":[80,3],"tags":[],"_links":{"self":[{"href":"https:\/\/web.molina.cl\/index.php?rest_route=\/wp\/v2\/posts\/701"}],"collection":[{"href":"https:\/\/web.molina.cl\/index.php?rest_route=\/wp\/v2\/posts"}],"about":[{"href":"https:\/\/web.molina.cl\/index.php?rest_route=\/wp\/v2\/types\/post"}],"author":[{"embeddable":true,"href":"https:\/\/web.molina.cl\/index.php?rest_route=\/wp\/v2\/users\/1"}],"replies":[{"embeddable":true,"href":"https:\/\/web.molina.cl\/index.php?rest_route=%2Fwp%2Fv2%2Fcomments&post=701"}],"version-history":[{"count":1,"href":"https:\/\/web.molina.cl\/index.php?rest_route=\/wp\/v2\/posts\/701\/revisions"}],"predecessor-version":[{"id":42862,"href":"https:\/\/web.molina.cl\/index.php?rest_route=\/wp\/v2\/posts\/701\/revisions\/42862"}],"wp:featuredmedia":[{"embeddable":true,"href":"https:\/\/web.molina.cl\/index.php?rest_route=\/"}],"wp:attachment":[{"href":"https:\/\/web.molina.cl\/index.php?rest_route=%2Fwp%2Fv2%2Fmedia&parent=701"}],"wp:term":[{"taxonomy":"category","embeddable":true,"href":"https:\/\/web.molina.cl\/index.php?rest_route=%2Fwp%2Fv2%2Fcategories&post=701"},{"taxonomy":"post_tag","embeddable":true,"href":"https:\/\/web.molina.cl\/index.php?rest_route=%2Fwp%2Fv2%2Ftags&post=701"}],"curies":[{"name":"wp","href":"https:\/\/api.w.org\/{rel}","templated":true}]}}