{"id":69349,"date":"2024-12-18T16:43:38","date_gmt":"2024-12-18T20:43:38","guid":{"rendered":"https:\/\/web.molina.cl\/?p=69349"},"modified":"2024-12-18T16:43:39","modified_gmt":"2024-12-18T20:43:39","slug":"anuncian-proyecto-de-playas-populares-en-molina","status":"publish","type":"post","link":"https:\/\/web.molina.cl\/?p=69349","title":{"rendered":"Anuncian proyecto de \u201cplayas populares\u201d en Molina"},"content":{"rendered":"\n<h2 class=\"wp-block-heading\">La medida es impulsada por el alcalde Felipe M\u00e9ndez, con apoyo de autoridades como su par de R\u00edo Claro, Am\u00e9rico Guajardo, y el Seremi de Bienes Nacionales, C\u00e9sar Concha.<\/h2>\n\n\n\n<p>Un innovador y llamativo proyecto se anunci\u00f3 en Molina, con la propuesta de \u201cplayas populares\u201d impulsada por el municipio local, en alianza con la vecina comuna de R\u00edo Claro.<\/p>\n\n\n\n<p>Buscando brindar la oportunidad de disfrutar las bondades de la pre-cordillera a todos, sin importar su situaci\u00f3n socioecon\u00f3mica, la iniciativa se realizar\u00e1 en el sector aleda\u00f1o a Radal Siete Tazas, buscando promover tanto un turismo sustentable y fomentar la econom\u00eda local.<\/p>\n\n\n\n<p>De concretarse la medida, estar\u00eda implement\u00e1ndose desde la segunda quincena de enero, por lo que se ver\u00eda incrementada notablemente la afluencia de visitantes hacia la zona.<\/p>\n\n\n\n<p><strong>CAPITAL DEL TURISMO<\/strong><\/p>\n\n\n\n<p>\u201cPara nosotros es un tremendo desaf\u00edo, porque as\u00ed como el sue\u00f1o de ser alcalde lo cumplimos, ahora viene el sue\u00f1o de ser la capital del turismo de la Regi\u00f3n del Maule\u201d, parti\u00f3 diciendo el alcalde de Molina, Felipe M\u00e9ndez.<\/p>\n\n\n\n<p>Es por ello que la m\u00e1xima autoridad local aun\u00f3 voluntades que permitan hacer realidad la iniciativa, puesto que \u201cpara nosotros, que las familias vuelvan a ocupar los espacios p\u00fablicos, como las riberas de los r\u00edos y de los esteros, es fundamental. Tambi\u00e9n es importante lo que podamos hacer con los servicios y para eso nos reunimos con el Seremi de Bienes Nacionales\u201d.<\/p>\n\n\n\n<p>Tras dar a conocer la informaci\u00f3n, el jefe edilicio parti\u00f3 a terreno con las dem\u00e1s autoridades, al tiempo que se\u00f1alaba que \u201chay puntos espec\u00edficos en los que haremos una inspecci\u00f3n para ver los lugares que habilitaremos y esos puntos estar\u00edan en Puente Pancho, como tambi\u00e9n al otro lado del r\u00edo, por lo que invitamos tambi\u00e9n al alcalde de R\u00edo Claro\u201d.<\/p>\n\n\n\n<p><strong>AUTORIDADES APOYAN<\/strong><\/p>\n\n\n\n<p>Acompa\u00f1ando a la comitiva, el alcalde de R\u00edo Claro, Am\u00e9rico Guajardo, manifest\u00f3 que lleg\u00f3 \u201ccon la mejor disposici\u00f3n, ya que, si bien nos separa el r\u00edo, estamos solo a metros de distancia\u201d.<\/p>\n\n\n\n<p>Tras partir hacia la zona pre-cordillerana, la autoridad indic\u00f3 que \u201cveremos en terreno nuestra colaboraci\u00f3n, la que puede ser con maquinaria para limpieza tambi\u00e9n, porque la idea es entregar un lugar digno y acogedor, para mostrar la mejor cara de nuestras comunas\u201d.<\/p>\n\n\n\n<p>En tanto, el Seremi de Bienes Nacionales, C\u00e9sar Concha, coment\u00f3 antes de emprender rumbo hacia Radal Siete Tazas que \u201ces nuestro inter\u00e9s que los ciudadanos puedan disponer de los espacios p\u00fablicos, que puedan llegar a disfrutar con sus familias de r\u00edos, lagos y mar. Por eso, hemos podido articular una fiscalizaci\u00f3n con el objetivo de poder verificar los accesos del r\u00edo Claro\u201d.<\/p>\n\n\n\n<p>El profesional explic\u00f3 que, luego de ello, identificar\u00e1n \u201clos nudos cr\u00edticos donde hoy no existe acceso, para que, a trav\u00e9s de un acto administrativo, podamos fijar el acceso y garantizar a todos los ciudadanos ingresar a playas de r\u00edos, lagos o mar\u201d.<\/p>\n\n\n\n<figure class=\"wp-block-gallery has-nested-images columns-default is-cropped wp-block-gallery-1 is-layout-flex wp-block-gallery-is-layout-flex\">\n<figure class=\"wp-block-image size-large\"><img loading=\"lazy\" decoding=\"async\" width=\"1024\" height=\"570\" data-id=\"69350\" src=\"https:\/\/web.molina.cl\/wp-content\/uploads\/2024\/12\/Foto-1-6-1024x570.jpeg\" alt=\"\" class=\"wp-image-69350\" srcset=\"https:\/\/web.molina.cl\/wp-content\/uploads\/2024\/12\/Foto-1-6-1024x570.jpeg 1024w, https:\/\/web.molina.cl\/wp-content\/uploads\/2024\/12\/Foto-1-6-300x167.jpeg 300w, https:\/\/web.molina.cl\/wp-content\/uploads\/2024\/12\/Foto-1-6-768x428.jpeg 768w, https:\/\/web.molina.cl\/wp-content\/uploads\/2024\/12\/Foto-1-6-1536x855.jpeg 1536w, https:\/\/web.molina.cl\/wp-content\/uploads\/2024\/12\/Foto-1-6-754x420.jpeg 754w, https:\/\/web.molina.cl\/wp-content\/uploads\/2024\/12\/Foto-1-6-696x388.jpeg 696w, https:\/\/web.molina.cl\/wp-content\/uploads\/2024\/12\/Foto-1-6-1068x595.jpeg 1068w, https:\/\/web.molina.cl\/wp-content\/uploads\/2024\/12\/Foto-1-6.jpeg 1600w\" sizes=\"(max-width: 1024px) 100vw, 1024px\" \/><\/figure>\n\n\n\n<figure class=\"wp-block-image size-large\"><img loading=\"lazy\" decoding=\"async\" width=\"1024\" height=\"575\" data-id=\"69353\" src=\"https:\/\/web.molina.cl\/wp-content\/uploads\/2024\/12\/Foto-2-7-1024x575.jpeg\" alt=\"\" class=\"wp-image-69353\" srcset=\"https:\/\/web.molina.cl\/wp-content\/uploads\/2024\/12\/Foto-2-7-1024x575.jpeg 1024w, https:\/\/web.molina.cl\/wp-content\/uploads\/2024\/12\/Foto-2-7-300x168.jpeg 300w, https:\/\/web.molina.cl\/wp-content\/uploads\/2024\/12\/Foto-2-7-768x431.jpeg 768w, https:\/\/web.molina.cl\/wp-content\/uploads\/2024\/12\/Foto-2-7-1536x862.jpeg 1536w, https:\/\/web.molina.cl\/wp-content\/uploads\/2024\/12\/Foto-2-7-2048x1150.jpeg 2048w, https:\/\/web.molina.cl\/wp-content\/uploads\/2024\/12\/Foto-2-7-748x420.jpeg 748w, https:\/\/web.molina.cl\/wp-content\/uploads\/2024\/12\/Foto-2-7-696x391.jpeg 696w, https:\/\/web.molina.cl\/wp-content\/uploads\/2024\/12\/Foto-2-7-1068x599.jpeg 1068w, https:\/\/web.molina.cl\/wp-content\/uploads\/2024\/12\/Foto-2-7-1920x1078.jpeg 1920w\" sizes=\"(max-width: 1024px) 100vw, 1024px\" \/><\/figure>\n\n\n\n<figure class=\"wp-block-image size-large\"><img loading=\"lazy\" decoding=\"async\" width=\"1024\" height=\"575\" data-id=\"69351\" src=\"https:\/\/web.molina.cl\/wp-content\/uploads\/2024\/12\/Foto-3-3-1024x575.jpeg\" alt=\"\" class=\"wp-image-69351\" srcset=\"https:\/\/web.molina.cl\/wp-content\/uploads\/2024\/12\/Foto-3-3-1024x575.jpeg 1024w, https:\/\/web.molina.cl\/wp-content\/uploads\/2024\/12\/Foto-3-3-300x168.jpeg 300w, https:\/\/web.molina.cl\/wp-content\/uploads\/2024\/12\/Foto-3-3-768x431.jpeg 768w, https:\/\/web.molina.cl\/wp-content\/uploads\/2024\/12\/Foto-3-3-1536x862.jpeg 1536w, https:\/\/web.molina.cl\/wp-content\/uploads\/2024\/12\/Foto-3-3-2048x1150.jpeg 2048w, https:\/\/web.molina.cl\/wp-content\/uploads\/2024\/12\/Foto-3-3-748x420.jpeg 748w, https:\/\/web.molina.cl\/wp-content\/uploads\/2024\/12\/Foto-3-3-696x391.jpeg 696w, https:\/\/web.molina.cl\/wp-content\/uploads\/2024\/12\/Foto-3-3-1068x599.jpeg 1068w, https:\/\/web.molina.cl\/wp-content\/uploads\/2024\/12\/Foto-3-3-1920x1078.jpeg 1920w\" sizes=\"(max-width: 1024px) 100vw, 1024px\" \/><\/figure>\n\n\n\n<figure class=\"wp-block-image size-large\"><img loading=\"lazy\" decoding=\"async\" width=\"1024\" height=\"575\" data-id=\"69352\" src=\"https:\/\/web.molina.cl\/wp-content\/uploads\/2024\/12\/WhatsApp-Image-2024-12-17-at-14.52.53-1024x575.jpeg\" alt=\"\" class=\"wp-image-69352\" srcset=\"https:\/\/web.molina.cl\/wp-content\/uploads\/2024\/12\/WhatsApp-Image-2024-12-17-at-14.52.53-1024x575.jpeg 1024w, https:\/\/web.molina.cl\/wp-content\/uploads\/2024\/12\/WhatsApp-Image-2024-12-17-at-14.52.53-300x168.jpeg 300w, https:\/\/web.molina.cl\/wp-content\/uploads\/2024\/12\/WhatsApp-Image-2024-12-17-at-14.52.53-768x431.jpeg 768w, https:\/\/web.molina.cl\/wp-content\/uploads\/2024\/12\/WhatsApp-Image-2024-12-17-at-14.52.53-1536x862.jpeg 1536w, https:\/\/web.molina.cl\/wp-content\/uploads\/2024\/12\/WhatsApp-Image-2024-12-17-at-14.52.53-2048x1150.jpeg 2048w, https:\/\/web.molina.cl\/wp-content\/uploads\/2024\/12\/WhatsApp-Image-2024-12-17-at-14.52.53-748x420.jpeg 748w, https:\/\/web.molina.cl\/wp-content\/uploads\/2024\/12\/WhatsApp-Image-2024-12-17-at-14.52.53-696x391.jpeg 696w, https:\/\/web.molina.cl\/wp-content\/uploads\/2024\/12\/WhatsApp-Image-2024-12-17-at-14.52.53-1068x599.jpeg 1068w, https:\/\/web.molina.cl\/wp-content\/uploads\/2024\/12\/WhatsApp-Image-2024-12-17-at-14.52.53-1920x1078.jpeg 1920w\" sizes=\"(max-width: 1024px) 100vw, 1024px\" \/><\/figure>\n<\/figure>\n","protected":false},"excerpt":{"rendered":"<p>La medida es impulsada por el alcalde Felipe M\u00e9ndez, con apoyo de autoridades como su par de R\u00edo Claro, Am\u00e9rico Guajardo, y el Seremi de Bienes Nacionales, C\u00e9sar Concha. Un innovador y llamativo proyecto se anunci\u00f3 en Molina, con la propuesta de \u201cplayas populares\u201d impulsada por el municipio local, en alianza con la vecina comuna [&hellip;]<\/p>\n","protected":false},"author":2,"featured_media":69352,"comment_status":"closed","ping_status":"open","sticky":false,"template":"","format":"standard","meta":{"footnotes":""},"categories":[3035,8],"tags":[],"_links":{"self":[{"href":"https:\/\/web.molina.cl\/index.php?rest_route=\/wp\/v2\/posts\/69349"}],"collection":[{"href":"https:\/\/web.molina.cl\/index.php?rest_route=\/wp\/v2\/posts"}],"about":[{"href":"https:\/\/web.molina.cl\/index.php?rest_route=\/wp\/v2\/types\/post"}],"author":[{"embeddable":true,"href":"https:\/\/web.molina.cl\/index.php?rest_route=\/wp\/v2\/users\/2"}],"replies":[{"embeddable":true,"href":"https:\/\/web.molina.cl\/index.php?rest_route=%2Fwp%2Fv2%2Fcomments&post=69349"}],"version-history":[{"count":1,"href":"https:\/\/web.molina.cl\/index.php?rest_route=\/wp\/v2\/posts\/69349\/revisions"}],"predecessor-version":[{"id":69354,"href":"https:\/\/web.molina.cl\/index.php?rest_route=\/wp\/v2\/posts\/69349\/revisions\/69354"}],"wp:featuredmedia":[{"embeddable":true,"href":"https:\/\/web.molina.cl\/index.php?rest_route=\/wp\/v2\/media\/69352"}],"wp:attachment":[{"href":"https:\/\/web.molina.cl\/index.php?rest_route=%2Fwp%2Fv2%2Fmedia&parent=69349"}],"wp:term":[{"taxonomy":"category","embeddable":true,"href":"https:\/\/web.molina.cl\/index.php?rest_route=%2Fwp%2Fv2%2Fcategories&post=69349"},{"taxonomy":"post_tag","embeddable":true,"href":"https:\/\/web.molina.cl\/index.php?rest_route=%2Fwp%2Fv2%2Ftags&post=69349"}],"curies":[{"name":"wp","href":"https:\/\/api.w.org\/{rel}","templated":true}]}}