{"id":68698,"date":"2024-11-25T09:50:01","date_gmt":"2024-11-25T13:50:01","guid":{"rendered":"https:\/\/web.molina.cl\/?p=68698"},"modified":"2024-11-25T09:50:02","modified_gmt":"2024-11-25T13:50:02","slug":"solucionada-emergencia-hidrica-en-zona-pre-cordillerana-de-alupenhue-en-molina","status":"publish","type":"post","link":"https:\/\/web.molina.cl\/?p=68698","title":{"rendered":"Solucionada emergencia h\u00eddrica en zona pre-cordillerana de Alupenhue en Molina"},"content":{"rendered":"\n<p>Una situaci\u00f3n cr\u00edtica vivieron los habitantes de Alupenhue, en Molina, debido a la falta de agua potable que se present\u00f3 en horas de la tarde de este jueves.<\/p>\n\n\n\n<p>La emergencia h\u00eddrica se ocasion\u00f3 por una falla en el sistema de Agua Potable Rural (APR) que abastece a la pre-cordillerana zona, junto a la localidad de El Yacal, por lo que fueron necesarios intensos trabajos de reparaci\u00f3n.<\/p>\n\n\n\n<p>La situaci\u00f3n afect\u00f3 a alrededor de 150 familias del lugar, quienes recibieron la ayuda del equipo municipal apenas se tom\u00f3 conocimiento de la contingencia, proporcion\u00e1ndoles el vital elemento mientras se realizaban las obras de reparaci\u00f3n.<\/p>\n\n\n\n<p><strong>TRABAJO EN EQUIPO<\/strong><\/p>\n\n\n\n<p>Buscando entregar una pronta soluci\u00f3n, el alcalde de Molina, Cristian Mart\u00ednez, realiz\u00f3 gestiones a nivel provincial y regional para ir en apoyo de las familias damnificadas.<\/p>\n\n\n\n<p>\u201cCuando nos enteramos, enviamos a nuestro equipo de emergencia de inmediato y nos contactamos con el Delegado Presidencial para la Provincia de Curic\u00f3, Jos\u00e9 Patricio Correa, como tambi\u00e9n con la Gobernadora Regional, Cristina Bravo. As\u00ed, logramos llegar con camiones aljibe a la comunidad y trasladamos la retroexcavadora para acelerar los trabajos\u201d, se\u00f1al\u00f3 el jefe comunal tras apersonarse en la localidad junto al alcalde electo, Felipe M\u00e9ndez.<\/p>\n\n\n\n<p>Por tal motivo, a eso del mediod\u00eda, la autoridad afirm\u00f3 que \u201cfue reparada la falla y pudimos dar soluci\u00f3n a esta urgente situaci\u00f3n. Esperamos darle tranquilidad a las vecinas y vecinos, porque este alcalde est\u00e1 atento y alerta para solucionar todas las problem\u00e1ticas que ocurran\u201d.<\/p>\n\n\n\n<figure class=\"wp-block-image size-large\"><img loading=\"lazy\" decoding=\"async\" width=\"1024\" height=\"576\" src=\"https:\/\/web.molina.cl\/wp-content\/uploads\/2024\/11\/Foto-2-1-1024x576.jpeg\" alt=\"\" class=\"wp-image-68699\" srcset=\"https:\/\/web.molina.cl\/wp-content\/uploads\/2024\/11\/Foto-2-1-1024x576.jpeg 1024w, https:\/\/web.molina.cl\/wp-content\/uploads\/2024\/11\/Foto-2-1-300x169.jpeg 300w, https:\/\/web.molina.cl\/wp-content\/uploads\/2024\/11\/Foto-2-1-768x432.jpeg 768w, https:\/\/web.molina.cl\/wp-content\/uploads\/2024\/11\/Foto-2-1-1536x864.jpeg 1536w, https:\/\/web.molina.cl\/wp-content\/uploads\/2024\/11\/Foto-2-1-747x420.jpeg 747w, https:\/\/web.molina.cl\/wp-content\/uploads\/2024\/11\/Foto-2-1-696x392.jpeg 696w, https:\/\/web.molina.cl\/wp-content\/uploads\/2024\/11\/Foto-2-1-1068x601.jpeg 1068w, https:\/\/web.molina.cl\/wp-content\/uploads\/2024\/11\/Foto-2-1.jpeg 1600w\" sizes=\"(max-width: 1024px) 100vw, 1024px\" \/><\/figure>\n\n\n\n<figure class=\"wp-block-image size-large\"><img loading=\"lazy\" decoding=\"async\" width=\"627\" height=\"1024\" src=\"https:\/\/web.molina.cl\/wp-content\/uploads\/2024\/11\/Foto-1-627x1024.jpg\" alt=\"\" class=\"wp-image-68700\" srcset=\"https:\/\/web.molina.cl\/wp-content\/uploads\/2024\/11\/Foto-1-627x1024.jpg 627w, https:\/\/web.molina.cl\/wp-content\/uploads\/2024\/11\/Foto-1-184x300.jpg 184w, https:\/\/web.molina.cl\/wp-content\/uploads\/2024\/11\/Foto-1-768x1255.jpg 768w, https:\/\/web.molina.cl\/wp-content\/uploads\/2024\/11\/Foto-1-940x1536.jpg 940w, https:\/\/web.molina.cl\/wp-content\/uploads\/2024\/11\/Foto-1-257x420.jpg 257w, https:\/\/web.molina.cl\/wp-content\/uploads\/2024\/11\/Foto-1-696x1137.jpg 696w, https:\/\/web.molina.cl\/wp-content\/uploads\/2024\/11\/Foto-1.jpg 1016w\" sizes=\"(max-width: 627px) 100vw, 627px\" \/><figcaption class=\"wp-element-caption\">Screenshot<\/figcaption><\/figure>\n","protected":false},"excerpt":{"rendered":"<p>Una situaci\u00f3n cr\u00edtica vivieron los habitantes de Alupenhue, en Molina, debido a la falta de agua potable que se present\u00f3 en horas de la tarde de este jueves. La emergencia h\u00eddrica se ocasion\u00f3 por una falla en el sistema de Agua Potable Rural (APR) que abastece a la pre-cordillerana zona, junto a la localidad de [&hellip;]<\/p>\n","protected":false},"author":2,"featured_media":68699,"comment_status":"closed","ping_status":"open","sticky":false,"template":"","format":"standard","meta":{"footnotes":""},"categories":[3249],"tags":[],"_links":{"self":[{"href":"https:\/\/web.molina.cl\/index.php?rest_route=\/wp\/v2\/posts\/68698"}],"collection":[{"href":"https:\/\/web.molina.cl\/index.php?rest_route=\/wp\/v2\/posts"}],"about":[{"href":"https:\/\/web.molina.cl\/index.php?rest_route=\/wp\/v2\/types\/post"}],"author":[{"embeddable":true,"href":"https:\/\/web.molina.cl\/index.php?rest_route=\/wp\/v2\/users\/2"}],"replies":[{"embeddable":true,"href":"https:\/\/web.molina.cl\/index.php?rest_route=%2Fwp%2Fv2%2Fcomments&post=68698"}],"version-history":[{"count":1,"href":"https:\/\/web.molina.cl\/index.php?rest_route=\/wp\/v2\/posts\/68698\/revisions"}],"predecessor-version":[{"id":68701,"href":"https:\/\/web.molina.cl\/index.php?rest_route=\/wp\/v2\/posts\/68698\/revisions\/68701"}],"wp:featuredmedia":[{"embeddable":true,"href":"https:\/\/web.molina.cl\/index.php?rest_route=\/wp\/v2\/media\/68699"}],"wp:attachment":[{"href":"https:\/\/web.molina.cl\/index.php?rest_route=%2Fwp%2Fv2%2Fmedia&parent=68698"}],"wp:term":[{"taxonomy":"category","embeddable":true,"href":"https:\/\/web.molina.cl\/index.php?rest_route=%2Fwp%2Fv2%2Fcategories&post=68698"},{"taxonomy":"post_tag","embeddable":true,"href":"https:\/\/web.molina.cl\/index.php?rest_route=%2Fwp%2Fv2%2Ftags&post=68698"}],"curies":[{"name":"wp","href":"https:\/\/api.w.org\/{rel}","templated":true}]}}