{"id":68695,"date":"2024-11-25T09:46:58","date_gmt":"2024-11-25T13:46:58","guid":{"rendered":"https:\/\/web.molina.cl\/?p=68695"},"modified":"2024-11-25T09:46:59","modified_gmt":"2024-11-25T13:46:59","slug":"se-prepara-el-cambio-de-mando-alcalde-cristian-martinez-recibe-al-alcalde-electo-felipe-mendez-en-molina","status":"publish","type":"post","link":"https:\/\/web.molina.cl\/?p=68695","title":{"rendered":"Se prepara el cambio de mando: alcalde Cristian Mart\u00ednez recibe al alcalde electo Felipe M\u00e9ndez en Molina"},"content":{"rendered":"\n<h2 class=\"wp-block-heading\">La reuni\u00f3n de trabajo entre ambos equipos de profesionales permiti\u00f3 avanzar en lo que ser\u00e1 la instalaci\u00f3n de la autoridad que dirigir\u00e1 el destino de la comuna durante los pr\u00f3ximos cuatro a\u00f1os.<\/h2>\n\n\n\n<p>Un \u201cencuentro de alcaldes\u201d tuvo lugar en el municipio de Molina, con la visita del jefe comunal electo, Felipe M\u00e9ndez, al edificio consistorial.<\/p>\n\n\n\n<p>En el lugar, el actual alcalde, Cristian Mart\u00ednez, recibi\u00f3 a la comitiva de la autoridad que tomar\u00e1 posesi\u00f3n de su cargo el pr\u00f3ximo 6 de diciembre, iniciando as\u00ed las conversaciones para lo que ser\u00e1 el traspaso de la administraci\u00f3n.<\/p>\n\n\n\n<p>\u201cComenzamos una mesa de trabajo bastante productiva junto a los profesionales de nuestro alcalde electo y esperamos, con mucho entusiasmo, poder entregarle el municipio de la mejor manera, mediante un proceso transparente y con la plena confianza de que el destino de nuestra querida comuna quedar\u00e1 en buenas manos\u201d, se\u00f1al\u00f3 Mart\u00ednez tras la cita.<\/p>\n\n\n\n<p>Por su parte, el vencedor de los comicios de octubre, Felipe M\u00e9ndez, se mostr\u00f3 agradecido por el buen recibimiento para \u201ccomenzar a trabajar desde ya por nuestra comuna. La idea es que la instalaci\u00f3n tome el menor tiempo posible, ya que la comunidad requiere que avancemos sin tardanza en brindar soluciones a sentidas necesidades durante mucho tiempo postergadas por lo que fue la antigua administraci\u00f3n\u201d.<\/p>\n\n\n\n<figure class=\"wp-block-image size-large\"><img loading=\"lazy\" decoding=\"async\" width=\"1024\" height=\"865\" src=\"https:\/\/web.molina.cl\/wp-content\/uploads\/2024\/11\/Visita-Protocolar-1024x865.jpg\" alt=\"\" class=\"wp-image-68696\" srcset=\"https:\/\/web.molina.cl\/wp-content\/uploads\/2024\/11\/Visita-Protocolar-1024x865.jpg 1024w, https:\/\/web.molina.cl\/wp-content\/uploads\/2024\/11\/Visita-Protocolar-300x254.jpg 300w, https:\/\/web.molina.cl\/wp-content\/uploads\/2024\/11\/Visita-Protocolar-768x649.jpg 768w, https:\/\/web.molina.cl\/wp-content\/uploads\/2024\/11\/Visita-Protocolar-1536x1298.jpg 1536w, https:\/\/web.molina.cl\/wp-content\/uploads\/2024\/11\/Visita-Protocolar-2048x1731.jpg 2048w, https:\/\/web.molina.cl\/wp-content\/uploads\/2024\/11\/Visita-Protocolar-497x420.jpg 497w, https:\/\/web.molina.cl\/wp-content\/uploads\/2024\/11\/Visita-Protocolar-696x588.jpg 696w, https:\/\/web.molina.cl\/wp-content\/uploads\/2024\/11\/Visita-Protocolar-1068x903.jpg 1068w, https:\/\/web.molina.cl\/wp-content\/uploads\/2024\/11\/Visita-Protocolar-1920x1623.jpg 1920w\" sizes=\"(max-width: 1024px) 100vw, 1024px\" \/><\/figure>\n","protected":false},"excerpt":{"rendered":"<p>La reuni\u00f3n de trabajo entre ambos equipos de profesionales permiti\u00f3 avanzar en lo que ser\u00e1 la instalaci\u00f3n de la autoridad que dirigir\u00e1 el destino de la comuna durante los pr\u00f3ximos cuatro a\u00f1os. Un \u201cencuentro de alcaldes\u201d tuvo lugar en el municipio de Molina, con la visita del jefe comunal electo, Felipe M\u00e9ndez, al edificio consistorial. [&hellip;]<\/p>\n","protected":false},"author":2,"featured_media":68696,"comment_status":"closed","ping_status":"open","sticky":false,"template":"","format":"standard","meta":{"footnotes":""},"categories":[3],"tags":[],"_links":{"self":[{"href":"https:\/\/web.molina.cl\/index.php?rest_route=\/wp\/v2\/posts\/68695"}],"collection":[{"href":"https:\/\/web.molina.cl\/index.php?rest_route=\/wp\/v2\/posts"}],"about":[{"href":"https:\/\/web.molina.cl\/index.php?rest_route=\/wp\/v2\/types\/post"}],"author":[{"embeddable":true,"href":"https:\/\/web.molina.cl\/index.php?rest_route=\/wp\/v2\/users\/2"}],"replies":[{"embeddable":true,"href":"https:\/\/web.molina.cl\/index.php?rest_route=%2Fwp%2Fv2%2Fcomments&post=68695"}],"version-history":[{"count":1,"href":"https:\/\/web.molina.cl\/index.php?rest_route=\/wp\/v2\/posts\/68695\/revisions"}],"predecessor-version":[{"id":68697,"href":"https:\/\/web.molina.cl\/index.php?rest_route=\/wp\/v2\/posts\/68695\/revisions\/68697"}],"wp:featuredmedia":[{"embeddable":true,"href":"https:\/\/web.molina.cl\/index.php?rest_route=\/wp\/v2\/media\/68696"}],"wp:attachment":[{"href":"https:\/\/web.molina.cl\/index.php?rest_route=%2Fwp%2Fv2%2Fmedia&parent=68695"}],"wp:term":[{"taxonomy":"category","embeddable":true,"href":"https:\/\/web.molina.cl\/index.php?rest_route=%2Fwp%2Fv2%2Fcategories&post=68695"},{"taxonomy":"post_tag","embeddable":true,"href":"https:\/\/web.molina.cl\/index.php?rest_route=%2Fwp%2Fv2%2Ftags&post=68695"}],"curies":[{"name":"wp","href":"https:\/\/api.w.org\/{rel}","templated":true}]}}