{"id":677,"date":"2014-11-04T11:47:25","date_gmt":"2014-11-04T14:47:25","guid":{"rendered":"http:\/\/web.molina.cl\/?p=677"},"modified":"2020-11-25T08:38:55","modified_gmt":"2020-11-25T12:38:55","slug":"ministro-alvaro-elizalde-y-alcaldesa-priscilla-castillo-cerraron-la-semana-de-actividades-del-179o-aniversario-de-lontue","status":"publish","type":"post","link":"https:\/\/web.molina.cl\/?p=677","title":{"rendered":"Ministro \u00c1lvaro Elizalde y Alcaldesa Priscilla Castillo cerraron la semana de actividades del 179\u00ba aniversario de Lontu\u00e9"},"content":{"rendered":"<p style=\"text-align: justify;\">El desfile y acto c\u00edvico de Lontu\u00e9 desarrollado el s\u00e1bado 25, fue encabezado por el Ministro Secretario General de Gobierno, \u00c1lvaro Elizalde; la alcaldesa de Molina, Priscilla Castillo, el Intendente del Maule, Hugo Veloso; la Gobernadora Provincial, Cristina Bravo; el Diputado, Roberto Le\u00f3n, la Seremi de Transportes, Patricia Miranda; el Seremi de Gobierno, Hern\u00e1n Nu\u00f1ez ; el Consejero Regional, Boris Tapia y concejales de la comuna, quienes acompa\u00f1aron a la comunidad Lontuenina en uno de los hitos mas tradicionales y t\u00edpicos de la comuna de Molina.<!--more--><\/p>\n<p style=\"text-align: justify;\">&nbsp;Las autoridades destacaron por su ingreso, el cual fue en un carret\u00f3n t\u00edpico de la zona, lo que llamo la atenci\u00f3n de los presentes y fue objeto de sorpresa al ver al Ministro Elizalde sobre este antiguo medio de transporte y carga del trabajador de mimbre Jose Morales.<\/p>\n<p style=\"text-align: justify;\"><b>Hijos Ilustres<\/b><\/p>\n<p style=\"text-align: justify;\">El acto c\u00edvico desarrollado contempl\u00f3 el nombramiento de los Hijos Ilustres, que este a\u00f1o fueron para el futbolista de Colo Colo, Claudio Maldonado, el Gran Compipa, Dioscoro Rojas, el sacerdote, Waldo Agusto y la comerciante Ana Cornejo.<\/p>\n<p style=\"text-align: justify;\">&nbsp;\u201cFeliz, creo que he tenido varios premios a lo largo de mi carrera, pero \u00e9ste tiene un vamos diferente por el reconocimiento que la gente te hace y sobre todo en tu pueblo, creo que eso no tiene precio y me siento muy feliz y contento de haber recibido este gran reconocimiento. Las mejores vibrar para Lontu\u00e9. Cada vez que estoy ac\u00e1 en mi pueblo me siento en casa, me siento feliz, tranquilo. Le mando un gran saludo a toda la gente de Lontu\u00e9, a todos los amigos, a mi familia que aun vive ac\u00e1 y que sigamos creciendo. Lontu\u00e9 tiene todo para seguir creciendo y que eso se haga realidad \u201d<\/p>\n<p style=\"text-align: justify;\">Un sentido homenaje p\u00f3stumo tambi\u00e9n tuvo lugar, en donde el Hijo Ilustre y futbolista Claudio Maldonado, junto a la alcaldesa Priscilla Castillo entregaron una camiseta autografiada por el plantel y cuerpo t\u00e9cnico de Colo Colo al padre y hermano del reciente joven fallecido y barrista Danyelo Castillo.<\/p>\n<p style=\"text-align: justify;\"><b>\u201cTodos importan\u201d<\/b><\/p>\n<p style=\"text-align: justify;\">&nbsp;En su discurso, la alcaldesa Priscilla Castillo, destac\u00f3 los avances que se han tenido estos dos a\u00f1os de gesti\u00f3n y en especial el tiempo de trabajo que tom\u00f3 subsanar la deuda heredada de la administraci\u00f3n municipal anterior. \u201cFant\u00e1stico, muy bonito, para nosotros era muy importante tener estas visitas que le dan realce a este desfile, felicitar el trabajo que se ha hecho, a los funcionarios municipales, el trabajo que ha hecho Alejandro Fuenzalida, junto con todo su equipo, todos lo que estuvieron detr\u00e1s de esta actividad. Fue un hermoso desfile, con los hijos ilustre que se distinguieron, a\u00fan queda mucha gente tom\u00e1ndose fotos con ellos. Estamos muy entusiasmados con estas visitas a la altura de los 179 a\u00f1os de Lontu\u00e9 y con un regalo especial, que fue la ambulancia que hoy inauguramos, que obviamente, sirve mucho a la comunidad. Estuvo muy bonito, que el ministro Elizalde nos acompa\u00f1ara, \u00e9l es amigo personal de Di\u00f3scoro Rojas. Nos sentimos muy orgullosos que haberlo tenido en nuestra comuna, celebrando un aniversario m\u00e1s de Lontu\u00e9\u201d<\/p>\n<p style=\"text-align: justify;\">&nbsp;Por su parte, el diputado Roberto Le\u00f3n agradeci\u00f3 a la alcaldesa y al pueblo de Lontu\u00e9 por el gran evento y desfile desarrollado \u201cLo encontr\u00e9 extraordinario, he venido en varias ocasiones, pero me qued\u00e9 con la sensaci\u00f3n que ahora hab\u00eda m\u00e1s gente en el p\u00fablico, m\u00e1s gente en el desfile, la alegr\u00eda. Coment\u00e9 con la gobernadora que era muy largo, que la gente se pod\u00eda aburrir, pero no. Ustedes ven, termin\u00f3 el desfile y la gente sigue animada, contenta y feliz, y por lo que nos informaron, la fiesta sigue, as\u00ed que una brazo a todos y espero que lo pasen muy bien. Con la alcaldesa Priscilla Castillo hacemos un equipo, que tenemos un compromiso a favor de la comuna de Molina y en ese sentido, con el apoyo que tiene en el gobierno de la presidenta Michelle Bachelet est\u00e1 logrando los resultados que la propia alcaldesa ha comentado y que la comunidad de Lontu\u00e9 recibi\u00f3 con un cari\u00f1oso aplauso, vamos a seguir en ese compromiso, porque tenemos que recuperar el a\u00f1o 2013, que tal como la alcaldesa lo dijo, por el hecho de haberle quitado el municipio a la UDI, la derecha en el gobierno, no le dio ni un solo peso a la municipalidad de Molina y ahora yo estoy seguro que eso lo vamos a recuperar y al t\u00e9rmino del mandato de la alcaldesa, vamos a poder darnos cuenta de que hemos tenido un gran respaldo y que la vida va a haber cambiado para mejor, aqu\u00ed en la comuna de Molina\u201d<\/p>\n<p style=\"text-align: justify;\">&nbsp;<b>Una semana de actividades<\/b><\/p>\n<p style=\"text-align: justify;\">El aniversario 179\u00ba de Lontu\u00e9 se desarrollo durante toda la semana anterior, el que comenz\u00f3 con actividades de preparaci\u00f3n de candidatas a reina, la inauguraci\u00f3n de la biblioteca de Lontu\u00e9, la noche de folclore, la noche Lontuenina y el gran cierre con el show estelar con el grupo musical \u201cLos Kuatreros del Sur\u201d.<\/p>\n<p style=\"text-align: justify;\">&nbsp;La comunidad de Lontu\u00e9 agradeci\u00f3 a la alcaldesa Priscilla Castillo por la preparaci\u00f3n de esta semana de actividades, que en conjunto al profesor Alejandro Fuenzalida y un equipo de vecinos de la comunidad sacaron adelante esta gran fiesta de la comunidad.<\/p>\n","protected":false},"excerpt":{"rendered":"<p>El desfile y acto c\u00edvico de Lontu\u00e9 desarrollado el s\u00e1bado 25, fue encabezado por el Ministro Secretario General de Gobierno, \u00c1lvaro Elizalde; la alcaldesa de Molina, Priscilla Castillo, el Intendente del Maule, Hugo Veloso; la Gobernadora Provincial, Cristina Bravo; el Diputado, Roberto Le\u00f3n, la Seremi de Transportes, Patricia Miranda; el Seremi de Gobierno, Hern\u00e1n Nu\u00f1ez [&hellip;]<\/p>\n","protected":false},"author":1,"featured_media":678,"comment_status":"open","ping_status":"open","sticky":false,"template":"","format":"standard","meta":{"footnotes":""},"categories":[2,4],"tags":[],"_links":{"self":[{"href":"https:\/\/web.molina.cl\/index.php?rest_route=\/wp\/v2\/posts\/677"}],"collection":[{"href":"https:\/\/web.molina.cl\/index.php?rest_route=\/wp\/v2\/posts"}],"about":[{"href":"https:\/\/web.molina.cl\/index.php?rest_route=\/wp\/v2\/types\/post"}],"author":[{"embeddable":true,"href":"https:\/\/web.molina.cl\/index.php?rest_route=\/wp\/v2\/users\/1"}],"replies":[{"embeddable":true,"href":"https:\/\/web.molina.cl\/index.php?rest_route=%2Fwp%2Fv2%2Fcomments&post=677"}],"version-history":[{"count":1,"href":"https:\/\/web.molina.cl\/index.php?rest_route=\/wp\/v2\/posts\/677\/revisions"}],"predecessor-version":[{"id":42854,"href":"https:\/\/web.molina.cl\/index.php?rest_route=\/wp\/v2\/posts\/677\/revisions\/42854"}],"wp:featuredmedia":[{"embeddable":true,"href":"https:\/\/web.molina.cl\/index.php?rest_route=\/"}],"wp:attachment":[{"href":"https:\/\/web.molina.cl\/index.php?rest_route=%2Fwp%2Fv2%2Fmedia&parent=677"}],"wp:term":[{"taxonomy":"category","embeddable":true,"href":"https:\/\/web.molina.cl\/index.php?rest_route=%2Fwp%2Fv2%2Fcategories&post=677"},{"taxonomy":"post_tag","embeddable":true,"href":"https:\/\/web.molina.cl\/index.php?rest_route=%2Fwp%2Fv2%2Ftags&post=677"}],"curies":[{"name":"wp","href":"https:\/\/api.w.org\/{rel}","templated":true}]}}