{"id":67267,"date":"2024-10-01T11:46:27","date_gmt":"2024-10-01T15:46:27","guid":{"rendered":"https:\/\/web.molina.cl\/?p=67267"},"modified":"2024-10-02T07:14:51","modified_gmt":"2024-10-02T11:14:51","slug":"expo-turismo-de-molina-exhibio-deportes-extremos-gastronomia-y-vinos-en-la-plaza-comunal","status":"publish","type":"post","link":"https:\/\/web.molina.cl\/?p=67267","title":{"rendered":"Expo Turismo de Molina exhibi\u00f3 deportes extremos, gastronom\u00eda y vinos en la Plaza comunal"},"content":{"rendered":"\n<h2 class=\"wp-block-heading\">La iniciativa se enmarc\u00f3 dentro de la celebraci\u00f3n del D\u00eda Mundial del Turismo.<\/h2>\n\n\n\n<p>Congregando a diversos emprendedores, la Expo Turismo de Molina mostr\u00f3 la amplia gama de productos y servicios del \u00e1rea con los que cuenta la comuna.<\/p>\n\n\n\n<p>En plena Plaza de Armas, el equipo municipal junto a la Corporaci\u00f3n del ramo orquest\u00f3 la exhibici\u00f3n de stands con artesan\u00edas, productos alimenticios, atracciones visuales y juegos para ni\u00f1os, entre otros.<\/p>\n\n\n\n<p>Adem\u00e1s, junto al Servicio Nacional de Turismo (Sernatur), se lanz\u00f3 oficialmente la plataforma Turismo Atiende en tierras molinenses.<\/p>\n\n\n\n<p><strong>ATRACCIONES<\/strong><\/p>\n\n\n\n<p>La instancia buscaba dar a conocer, por un lado, las atracciones que se pueden encontrar en las cercan\u00edas de la pre-cordillera, teniendo en cuenta la proximidad del Parque Nacional Radal Siete Tazas. Deportes extremos como el highline y el kayak llamaron la atenci\u00f3n de los sorprendidos transe\u00fantes, quienes pudieron presenciar una demostraci\u00f3n en la pileta p\u00fablica.<\/p>\n\n\n\n<p>Por otro lado, los integrantes de la Asociaci\u00f3n Gastron\u00f3mica de Molina (Agamol) tuvieron la oportunidad de atraer clientes e interactuar con la ciudadan\u00eda al disponer de degustaciones gratuitas de sus ingeniosas preparaciones.<\/p>\n\n\n\n<p>Junto a ellos, no pod\u00eda faltar uno de los brebajes m\u00e1s caracter\u00edsticos de la zona y de la comuna, personificado en el stand de la Ruta del Vino, permitiendo conocer un poco m\u00e1s acerca de la cultura vitivin\u00edcola local.<\/p>\n\n\n\n<p>Adem\u00e1s, se realiz\u00f3 un recorrido patrimonial por los lugares m\u00e1s representativos de la historia molinense, como es la Hacienda Quechereguas, la estaci\u00f3n de ferrocarriles y el paralelo 35\u00b0 Sur.<\/p>\n\n\n\n<p><strong>FOMENTO ECON\u00d3MICO<\/strong><\/p>\n\n\n\n<p>\u201cNuestra alcaldesa Priscilla Castillo nos ha encomendado promover y fortalecer los emprendimientos de nuestra comuna, ya que son muchas las familias cuya econom\u00eda depende de la llegada de visitantes. Agradecemos el apoyo de la Corporaci\u00f3n de Turismo, de Agamol y de todos los que le dieron vida a esta instancia donde hemos exhibido de buena forma los grandes atractivos que se encuentran en Molina\u201d, se\u00f1al\u00f3 David Bugue\u00f1o, Director de Desarrollo Econ\u00f3mico Local (Didel).<\/p>\n\n\n\n<p>La ceremonia de apertura cont\u00f3 con la participaci\u00f3n de autoridades como la Directora(s) Regional de Sernatur, Andrea Espinoza; la Secretaria Regional Ministerial (Seremi) de Gobierno, Nataly Rojas; y el Seremi de Bienes Nacionales, C\u00e9sar Concha. Este \u00faltimo afirm\u00f3 que \u201cel turismo tiene una potencialidad en s\u00ed mismo y por lo mismo llamamos a los actores privados o p\u00fablicos, a que se sumen y tengan la responsabilidad con el turismo puesto que lo podemos transformar en un motor de desarrollo econ\u00f3mico y social que puede perdurar en el tiempo\u201d.<\/p>\n\n\n\n<figure class=\"wp-block-image size-large is-resized\"><img loading=\"lazy\" decoding=\"async\" width=\"1024\" height=\"683\" src=\"https:\/\/web.molina.cl\/wp-content\/uploads\/2024\/10\/Foto-1-1024x683.jpg\" alt=\"\" class=\"wp-image-67268\" style=\"width:1068px;height:auto\" srcset=\"https:\/\/web.molina.cl\/wp-content\/uploads\/2024\/10\/Foto-1-1024x683.jpg 1024w, https:\/\/web.molina.cl\/wp-content\/uploads\/2024\/10\/Foto-1-300x200.jpg 300w, https:\/\/web.molina.cl\/wp-content\/uploads\/2024\/10\/Foto-1-768x512.jpg 768w, https:\/\/web.molina.cl\/wp-content\/uploads\/2024\/10\/Foto-1-1536x1024.jpg 1536w, https:\/\/web.molina.cl\/wp-content\/uploads\/2024\/10\/Foto-1-2048x1365.jpg 2048w, https:\/\/web.molina.cl\/wp-content\/uploads\/2024\/10\/Foto-1-630x420.jpg 630w, https:\/\/web.molina.cl\/wp-content\/uploads\/2024\/10\/Foto-1-696x464.jpg 696w, https:\/\/web.molina.cl\/wp-content\/uploads\/2024\/10\/Foto-1-1068x712.jpg 1068w, https:\/\/web.molina.cl\/wp-content\/uploads\/2024\/10\/Foto-1-1920x1280.jpg 1920w\" sizes=\"(max-width: 1024px) 100vw, 1024px\" \/><\/figure>\n\n\n\n<figure class=\"wp-block-image size-large\"><img loading=\"lazy\" decoding=\"async\" width=\"1024\" height=\"683\" src=\"https:\/\/web.molina.cl\/wp-content\/uploads\/2024\/10\/Foto-2-1024x683.jpg\" alt=\"\" class=\"wp-image-67269\" srcset=\"https:\/\/web.molina.cl\/wp-content\/uploads\/2024\/10\/Foto-2-1024x683.jpg 1024w, https:\/\/web.molina.cl\/wp-content\/uploads\/2024\/10\/Foto-2-300x200.jpg 300w, https:\/\/web.molina.cl\/wp-content\/uploads\/2024\/10\/Foto-2-768x512.jpg 768w, https:\/\/web.molina.cl\/wp-content\/uploads\/2024\/10\/Foto-2-1536x1024.jpg 1536w, https:\/\/web.molina.cl\/wp-content\/uploads\/2024\/10\/Foto-2-2048x1365.jpg 2048w, https:\/\/web.molina.cl\/wp-content\/uploads\/2024\/10\/Foto-2-630x420.jpg 630w, https:\/\/web.molina.cl\/wp-content\/uploads\/2024\/10\/Foto-2-696x464.jpg 696w, https:\/\/web.molina.cl\/wp-content\/uploads\/2024\/10\/Foto-2-1068x712.jpg 1068w, https:\/\/web.molina.cl\/wp-content\/uploads\/2024\/10\/Foto-2-1920x1280.jpg 1920w\" sizes=\"(max-width: 1024px) 100vw, 1024px\" \/><\/figure>\n\n\n\n<figure class=\"wp-block-image size-large\"><img loading=\"lazy\" decoding=\"async\" width=\"683\" height=\"1024\" src=\"https:\/\/web.molina.cl\/wp-content\/uploads\/2024\/10\/Foto-3-683x1024.jpg\" alt=\"\" class=\"wp-image-67270\" srcset=\"https:\/\/web.molina.cl\/wp-content\/uploads\/2024\/10\/Foto-3-683x1024.jpg 683w, https:\/\/web.molina.cl\/wp-content\/uploads\/2024\/10\/Foto-3-200x300.jpg 200w, https:\/\/web.molina.cl\/wp-content\/uploads\/2024\/10\/Foto-3-768x1152.jpg 768w, https:\/\/web.molina.cl\/wp-content\/uploads\/2024\/10\/Foto-3-1024x1536.jpg 1024w, https:\/\/web.molina.cl\/wp-content\/uploads\/2024\/10\/Foto-3-1365x2048.jpg 1365w, https:\/\/web.molina.cl\/wp-content\/uploads\/2024\/10\/Foto-3-280x420.jpg 280w, https:\/\/web.molina.cl\/wp-content\/uploads\/2024\/10\/Foto-3-696x1044.jpg 696w, https:\/\/web.molina.cl\/wp-content\/uploads\/2024\/10\/Foto-3-1068x1602.jpg 1068w, https:\/\/web.molina.cl\/wp-content\/uploads\/2024\/10\/Foto-3-1920x2880.jpg 1920w, https:\/\/web.molina.cl\/wp-content\/uploads\/2024\/10\/Foto-3-scaled.jpg 1707w\" sizes=\"(max-width: 683px) 100vw, 683px\" \/><\/figure>\n\n\n\n<figure class=\"wp-block-image size-large\"><img loading=\"lazy\" decoding=\"async\" width=\"1024\" height=\"683\" src=\"https:\/\/web.molina.cl\/wp-content\/uploads\/2024\/10\/Foto-4-1024x683.jpg\" alt=\"\" class=\"wp-image-67271\" srcset=\"https:\/\/web.molina.cl\/wp-content\/uploads\/2024\/10\/Foto-4-1024x683.jpg 1024w, https:\/\/web.molina.cl\/wp-content\/uploads\/2024\/10\/Foto-4-300x200.jpg 300w, https:\/\/web.molina.cl\/wp-content\/uploads\/2024\/10\/Foto-4-768x512.jpg 768w, https:\/\/web.molina.cl\/wp-content\/uploads\/2024\/10\/Foto-4-1536x1024.jpg 1536w, https:\/\/web.molina.cl\/wp-content\/uploads\/2024\/10\/Foto-4-2048x1365.jpg 2048w, https:\/\/web.molina.cl\/wp-content\/uploads\/2024\/10\/Foto-4-630x420.jpg 630w, https:\/\/web.molina.cl\/wp-content\/uploads\/2024\/10\/Foto-4-696x464.jpg 696w, https:\/\/web.molina.cl\/wp-content\/uploads\/2024\/10\/Foto-4-1068x712.jpg 1068w, https:\/\/web.molina.cl\/wp-content\/uploads\/2024\/10\/Foto-4-1920x1280.jpg 1920w\" sizes=\"(max-width: 1024px) 100vw, 1024px\" \/><\/figure>\n","protected":false},"excerpt":{"rendered":"<p>La iniciativa se enmarc\u00f3 dentro de la celebraci\u00f3n del D\u00eda Mundial del Turismo. Congregando a diversos emprendedores, la Expo Turismo de Molina mostr\u00f3 la amplia gama de productos y servicios del \u00e1rea con los que cuenta la comuna. En plena Plaza de Armas, el equipo municipal junto a la Corporaci\u00f3n del ramo orquest\u00f3 la exhibici\u00f3n [&hellip;]<\/p>\n","protected":false},"author":2,"featured_media":67270,"comment_status":"closed","ping_status":"open","sticky":false,"template":"","format":"standard","meta":{"footnotes":""},"categories":[8],"tags":[],"_links":{"self":[{"href":"https:\/\/web.molina.cl\/index.php?rest_route=\/wp\/v2\/posts\/67267"}],"collection":[{"href":"https:\/\/web.molina.cl\/index.php?rest_route=\/wp\/v2\/posts"}],"about":[{"href":"https:\/\/web.molina.cl\/index.php?rest_route=\/wp\/v2\/types\/post"}],"author":[{"embeddable":true,"href":"https:\/\/web.molina.cl\/index.php?rest_route=\/wp\/v2\/users\/2"}],"replies":[{"embeddable":true,"href":"https:\/\/web.molina.cl\/index.php?rest_route=%2Fwp%2Fv2%2Fcomments&post=67267"}],"version-history":[{"count":1,"href":"https:\/\/web.molina.cl\/index.php?rest_route=\/wp\/v2\/posts\/67267\/revisions"}],"predecessor-version":[{"id":67272,"href":"https:\/\/web.molina.cl\/index.php?rest_route=\/wp\/v2\/posts\/67267\/revisions\/67272"}],"wp:featuredmedia":[{"embeddable":true,"href":"https:\/\/web.molina.cl\/index.php?rest_route=\/wp\/v2\/media\/67270"}],"wp:attachment":[{"href":"https:\/\/web.molina.cl\/index.php?rest_route=%2Fwp%2Fv2%2Fmedia&parent=67267"}],"wp:term":[{"taxonomy":"category","embeddable":true,"href":"https:\/\/web.molina.cl\/index.php?rest_route=%2Fwp%2Fv2%2Fcategories&post=67267"},{"taxonomy":"post_tag","embeddable":true,"href":"https:\/\/web.molina.cl\/index.php?rest_route=%2Fwp%2Fv2%2Ftags&post=67267"}],"curies":[{"name":"wp","href":"https:\/\/api.w.org\/{rel}","templated":true}]}}