{"id":66838,"date":"2024-09-11T10:14:58","date_gmt":"2024-09-11T14:14:58","guid":{"rendered":"https:\/\/web.molina.cl\/?p=66838"},"modified":"2024-09-11T10:32:02","modified_gmt":"2024-09-11T14:32:02","slug":"vecinos-de-historica-villa-parque-ingles-de-molina-reciben-esperada-sede-social","status":"publish","type":"post","link":"https:\/\/web.molina.cl\/?p=66838","title":{"rendered":"Vecinos de hist\u00f3rica villa \u201cParque Ingl\u00e9s\u201d de Molina obtienen esperada sede social"},"content":{"rendered":"\n<h2 class=\"wp-block-heading\">El proyecto fue dise\u00f1ado por el municipio y financiado por el Ministerio de Vivienda y Urbanismo (Minvu).<\/h2>\n\n\n\n<p><strong>.<\/strong> A 45 a\u00f1os desde su fundaci\u00f3n, la villa \u201cParque Ingl\u00e9s\u201d de Molina cuenta, a partir de hoy, con la anhelada sede social para sus habitantes.<\/p>\n\n\n\n<p>La espera, reuniones y contratiempos quedaron atr\u00e1s para los vecinos que celebraron junto a las autoridades la inauguraci\u00f3n del recinto ubicado en Avenida Oriente y que contempla 133 metros cuadrados construidos, estacionamiento universal y acceso para personas en situaci\u00f3n de discapacidad.<\/p>\n\n\n\n<p><strong>IMPORTANCIA DE LAS SEDES<\/strong><\/p>\n\n\n\n<p>Compartiendo la alegr\u00eda con los residentes de la c\u00e9ntrica poblaci\u00f3n, la alcaldesa molinense, Priscilla Castillo, reconoci\u00f3 que \u201choy es un d\u00eda muy emocionante, porque la villa no ten\u00eda sede social y gracias al trabajo municipal junto al Minvu, pudimos hacer realidad este sue\u00f1o. Normalmente, los vecinos se reun\u00edan en la capilla, as\u00ed que agradecemos la disposici\u00f3n de prestar el espacio todos estos a\u00f1os\u201d.<\/p>\n\n\n\n<p>La jefa comunal tambi\u00e9n record\u00f3 que una de las prioridades de su administraci\u00f3n ha sido la edificaci\u00f3n de este tipo de recintos, se\u00f1alando que \u201cya son m\u00e1s de ocho sedes las que hemos construido con este programa del Minvu y estamos muy contentos de haber cumplido\u201d.<\/p>\n\n\n\n<p><strong>FINANCIAMIENTO<\/strong><\/p>\n\n\n\n<p>Este proyecto dise\u00f1ado por el municipio de Molina se hizo realidad gracias al financiamiento del Ministerio de Vivienda y Urbanismo (Minvu), entidad que aport\u00f3 con 145 millones de pesos para ejecutar las obras a cargo de la Constructora Anun, teniendo a la Egis Municipal como entidad patrocinante.<\/p>\n\n\n\n<p>Durante todo el proceso, un aspecto que destac\u00f3 la Directora Regional del Serviu, Paula Oliva, es \u201ceste c\u00edrculo virtuoso entre la comunidad, el municipio y el Minvu a trav\u00e9s del programa de Ciudades Justas\u201d, ya que \u201ceste tipo de proyectos se postulan con las organizaciones\u201d, trabajo que se facilita al contar tambi\u00e9n con la Egis Municipal.<\/p>\n\n\n\n<p>La profesional afirm\u00f3 tambi\u00e9n que \u201cestamos trabajando para mejorar sedes existentes y construirlas donde no las hay\u201d, a\u00f1adiendo que \u201cuna de las l\u00edneas importantes de trabajo tiene que ver con el mejoramiento de barrios y viviendas y el Decreto N\u00b027 es el que permite la construcci\u00f3n de infraestructura de equipamiento urbano, como lo es la sede social\u201d.<\/p>\n\n\n\n<p><strong>COMODIDADES<\/strong><\/p>\n\n\n\n<p>Por su parte, la presidenta de la Junta de Vecinos de la villa Parque Ingl\u00e9s, Mercedes Jara, record\u00f3 los problemas que ten\u00edan al no contar con un espacio propio, calificando a la situaci\u00f3n como \u201cuna necesidad de mucho tiempo. En el invierno pr\u00e1cticamente no nos pod\u00edamos reunir, ten\u00edamos que esperar al tiempo m\u00e1s agradable para juntarnos en la Plaza o en la capilla\u201d.<\/p>\n\n\n\n<p>En cambio, la dirigente admite que \u201cahora, estamos muy contentos de tener nuestra sede con todas las comodidades. Tiene hermosos ba\u00f1os, hasta para personas con discapacidad, mudadores y amplios espacios para cualquier actividad\u201d.<\/p>\n\n\n\n<p>La sede social de la villa Parque Ingl\u00e9s de Molina posee aislaci\u00f3n t\u00e9rmica incluso superior a la exigida por la normativa, cierre perimetral y protecciones, extintor y red h\u00fameda contra incendios, luminarias exteriores, un sal\u00f3n multiuso, servicios higi\u00e9nicos, cocina y dos bodegas.<\/p>\n\n\n\n<figure class=\"wp-block-gallery has-nested-images columns-default is-cropped wp-block-gallery-1 is-layout-flex wp-block-gallery-is-layout-flex\">\n<figure class=\"wp-block-image size-large\"><img loading=\"lazy\" decoding=\"async\" width=\"1024\" height=\"768\" data-id=\"66840\" src=\"https:\/\/web.molina.cl\/wp-content\/uploads\/2024\/09\/Foto-1-1024x768.jpeg\" alt=\"\" class=\"wp-image-66840\" srcset=\"https:\/\/web.molina.cl\/wp-content\/uploads\/2024\/09\/Foto-1-1024x768.jpeg 1024w, https:\/\/web.molina.cl\/wp-content\/uploads\/2024\/09\/Foto-1-300x225.jpeg 300w, https:\/\/web.molina.cl\/wp-content\/uploads\/2024\/09\/Foto-1-768x576.jpeg 768w, https:\/\/web.molina.cl\/wp-content\/uploads\/2024\/09\/Foto-1-1536x1152.jpeg 1536w, https:\/\/web.molina.cl\/wp-content\/uploads\/2024\/09\/Foto-1-2048x1536.jpeg 2048w, https:\/\/web.molina.cl\/wp-content\/uploads\/2024\/09\/Foto-1-560x420.jpeg 560w, https:\/\/web.molina.cl\/wp-content\/uploads\/2024\/09\/Foto-1-80x60.jpeg 80w, https:\/\/web.molina.cl\/wp-content\/uploads\/2024\/09\/Foto-1-696x522.jpeg 696w, https:\/\/web.molina.cl\/wp-content\/uploads\/2024\/09\/Foto-1-1068x801.jpeg 1068w, https:\/\/web.molina.cl\/wp-content\/uploads\/2024\/09\/Foto-1-1920x1440.jpeg 1920w, https:\/\/web.molina.cl\/wp-content\/uploads\/2024\/09\/Foto-1-265x198.jpeg 265w\" sizes=\"(max-width: 1024px) 100vw, 1024px\" \/><\/figure>\n\n\n\n\n\n\n\n\n\n<figure class=\"wp-block-image size-large\"><img loading=\"lazy\" decoding=\"async\" width=\"1024\" height=\"576\" data-id=\"66839\" src=\"https:\/\/web.molina.cl\/wp-content\/uploads\/2024\/09\/Foto-5-1024x576.jpg\" alt=\"\" class=\"wp-image-66839\" srcset=\"https:\/\/web.molina.cl\/wp-content\/uploads\/2024\/09\/Foto-5-1024x576.jpg 1024w, https:\/\/web.molina.cl\/wp-content\/uploads\/2024\/09\/Foto-5-300x169.jpg 300w, https:\/\/web.molina.cl\/wp-content\/uploads\/2024\/09\/Foto-5-768x432.jpg 768w, https:\/\/web.molina.cl\/wp-content\/uploads\/2024\/09\/Foto-5-1536x864.jpg 1536w, https:\/\/web.molina.cl\/wp-content\/uploads\/2024\/09\/Foto-5-747x420.jpg 747w, https:\/\/web.molina.cl\/wp-content\/uploads\/2024\/09\/Foto-5-696x392.jpg 696w, https:\/\/web.molina.cl\/wp-content\/uploads\/2024\/09\/Foto-5-1068x601.jpg 1068w, https:\/\/web.molina.cl\/wp-content\/uploads\/2024\/09\/Foto-5.jpg 1920w\" sizes=\"(max-width: 1024px) 100vw, 1024px\" \/><\/figure>\n<\/figure>\n","protected":false},"excerpt":{"rendered":"<p>El proyecto fue dise\u00f1ado por el municipio y financiado por el Ministerio de Vivienda y Urbanismo (Minvu). . A 45 a\u00f1os desde su fundaci\u00f3n, la villa \u201cParque Ingl\u00e9s\u201d de Molina cuenta, a partir de hoy, con la anhelada sede social para sus habitantes. La espera, reuniones y contratiempos quedaron atr\u00e1s para los vecinos que celebraron [&hellip;]<\/p>\n","protected":false},"author":2,"featured_media":66840,"comment_status":"closed","ping_status":"open","sticky":false,"template":"","format":"standard","meta":{"footnotes":""},"categories":[3],"tags":[],"_links":{"self":[{"href":"https:\/\/web.molina.cl\/index.php?rest_route=\/wp\/v2\/posts\/66838"}],"collection":[{"href":"https:\/\/web.molina.cl\/index.php?rest_route=\/wp\/v2\/posts"}],"about":[{"href":"https:\/\/web.molina.cl\/index.php?rest_route=\/wp\/v2\/types\/post"}],"author":[{"embeddable":true,"href":"https:\/\/web.molina.cl\/index.php?rest_route=\/wp\/v2\/users\/2"}],"replies":[{"embeddable":true,"href":"https:\/\/web.molina.cl\/index.php?rest_route=%2Fwp%2Fv2%2Fcomments&post=66838"}],"version-history":[{"count":2,"href":"https:\/\/web.molina.cl\/index.php?rest_route=\/wp\/v2\/posts\/66838\/revisions"}],"predecessor-version":[{"id":66850,"href":"https:\/\/web.molina.cl\/index.php?rest_route=\/wp\/v2\/posts\/66838\/revisions\/66850"}],"wp:featuredmedia":[{"embeddable":true,"href":"https:\/\/web.molina.cl\/index.php?rest_route=\/wp\/v2\/media\/66840"}],"wp:attachment":[{"href":"https:\/\/web.molina.cl\/index.php?rest_route=%2Fwp%2Fv2%2Fmedia&parent=66838"}],"wp:term":[{"taxonomy":"category","embeddable":true,"href":"https:\/\/web.molina.cl\/index.php?rest_route=%2Fwp%2Fv2%2Fcategories&post=66838"},{"taxonomy":"post_tag","embeddable":true,"href":"https:\/\/web.molina.cl\/index.php?rest_route=%2Fwp%2Fv2%2Ftags&post=66838"}],"curies":[{"name":"wp","href":"https:\/\/api.w.org\/{rel}","templated":true}]}}