{"id":66616,"date":"2024-09-04T08:20:03","date_gmt":"2024-09-04T12:20:03","guid":{"rendered":"https:\/\/web.molina.cl\/?p=66616"},"modified":"2024-09-04T08:20:04","modified_gmt":"2024-09-04T12:20:04","slug":"pacientes-podran-retirar-medicamentos-de-farmacia-curico-en-molina","status":"publish","type":"post","link":"https:\/\/web.molina.cl\/?p=66616","title":{"rendered":"Pacientes podr\u00e1n retirar medicamentos de Farmacia Curic\u00f3 en Molina"},"content":{"rendered":"\n<h2 class=\"wp-block-heading\">El convenio entre el municipio y el Hospital de Curic\u00f3 permite una r\u00e1pida entrega de los remedios.<\/h2>\n\n\n\n<p>A trav\u00e9s de un trabajo colaborativo entre instituciones, la alcaldesa de Molina, Priscilla Castillo, inform\u00f3 a la comunidad que los pacientes ya no tendr\u00e1n que viajar hasta Curic\u00f3 para retirar sus medicamentos.<\/p>\n\n\n\n<p>Esto porque, a contar de hoy, comenz\u00f3 a funcionar la Farmacia del Hospital de la capital provincial en el Anexo Oriente del Cesfam molinense, recinto ubicado frente a la plaza comunal.<\/p>\n\n\n\n<p>De esta forma, los vecinos podr\u00e1n ahorrarse importantes costos de traslado e inversi\u00f3n de tiempo para adquirir sus remedios, algo que fue destacado por la primera autoridad local.<\/p>\n\n\n\n<p><strong>FUNCIONAMIENTO INMEDIATO<\/strong><\/p>\n\n\n\n<p>Apenas comenz\u00f3 a atender el recinto, la alcaldesa de Molina, Priscilla Castillo, inform\u00f3 a los vecinos que \u201ctenemos una espectacular noticia para todos los molinenses, porque hoy d\u00eda ya comenzamos a funcionar con la Farmacia Curic\u00f3 en Molina. Esto es muy relevante para todos aquellos pacientes que ten\u00edan que viajar hasta Curic\u00f3 invirtiendo en locomoci\u00f3n y en tiempo para retirar sus medicamentos, mientras que hoy lo pueden hacer en nuestras instalaciones del Anexo Oriente. Son m\u00e1s de 2.800 las personas que todos los meses podr\u00e1n recibir aqu\u00ed sus remedios\u201d.<\/p>\n\n\n\n<p>Por su parte, el Director del Hospital de Curic\u00f3, Jorge Canteros, afirm\u00f3 que \u201cnos parece que es un tremendo logro para la Provincia, obviamente tambi\u00e9n para la comuna y tambi\u00e9n para el Hospital afianzar este tipo de relaciones que significan poner a la gente en el centro de nuestro quehacer\u201d.<\/p>\n\n\n\n<p>El profesional de la salud a\u00f1adi\u00f3 que \u201cen los pr\u00f3ximos d\u00edas se est\u00e1 habilitando la toma de muestras, por lo que m\u00e1s de 3 mil personas mensualmente podr\u00e1n resolver sus problemas ac\u00e1\u201d.<\/p>\n\n\n\n<p>Adem\u00e1s del Anexo Oriente, los medicamentos ser\u00e1n distribuidos en las Postas Rurales, por lo que los pacientes solo deber\u00e1n acudir con su receta y esperar el llamado por sus remedios.<\/p>\n\n\n\n<figure class=\"wp-block-gallery has-nested-images columns-default is-cropped wp-block-gallery-1 is-layout-flex wp-block-gallery-is-layout-flex\">\n<figure class=\"wp-block-image size-large\"><img loading=\"lazy\" decoding=\"async\" width=\"1024\" height=\"576\" data-id=\"66617\" src=\"https:\/\/web.molina.cl\/wp-content\/uploads\/2024\/09\/Foto-2-1024x576.jpg\" alt=\"\" class=\"wp-image-66617\" srcset=\"https:\/\/web.molina.cl\/wp-content\/uploads\/2024\/09\/Foto-2-1024x576.jpg 1024w, https:\/\/web.molina.cl\/wp-content\/uploads\/2024\/09\/Foto-2-300x169.jpg 300w, https:\/\/web.molina.cl\/wp-content\/uploads\/2024\/09\/Foto-2-768x432.jpg 768w, https:\/\/web.molina.cl\/wp-content\/uploads\/2024\/09\/Foto-2-1536x864.jpg 1536w, https:\/\/web.molina.cl\/wp-content\/uploads\/2024\/09\/Foto-2-747x420.jpg 747w, https:\/\/web.molina.cl\/wp-content\/uploads\/2024\/09\/Foto-2-696x392.jpg 696w, https:\/\/web.molina.cl\/wp-content\/uploads\/2024\/09\/Foto-2-1068x601.jpg 1068w, https:\/\/web.molina.cl\/wp-content\/uploads\/2024\/09\/Foto-2.jpg 1920w\" sizes=\"(max-width: 1024px) 100vw, 1024px\" \/><\/figure>\n\n\n\n<figure class=\"wp-block-image size-large\"><img loading=\"lazy\" decoding=\"async\" width=\"1024\" height=\"683\" data-id=\"66618\" src=\"https:\/\/web.molina.cl\/wp-content\/uploads\/2024\/09\/Foto-1-1024x683.jpg\" alt=\"\" class=\"wp-image-66618\" srcset=\"https:\/\/web.molina.cl\/wp-content\/uploads\/2024\/09\/Foto-1-1024x683.jpg 1024w, https:\/\/web.molina.cl\/wp-content\/uploads\/2024\/09\/Foto-1-300x200.jpg 300w, https:\/\/web.molina.cl\/wp-content\/uploads\/2024\/09\/Foto-1-768x512.jpg 768w, https:\/\/web.molina.cl\/wp-content\/uploads\/2024\/09\/Foto-1-1536x1024.jpg 1536w, https:\/\/web.molina.cl\/wp-content\/uploads\/2024\/09\/Foto-1-2048x1365.jpg 2048w, https:\/\/web.molina.cl\/wp-content\/uploads\/2024\/09\/Foto-1-630x420.jpg 630w, https:\/\/web.molina.cl\/wp-content\/uploads\/2024\/09\/Foto-1-696x464.jpg 696w, https:\/\/web.molina.cl\/wp-content\/uploads\/2024\/09\/Foto-1-1068x712.jpg 1068w, https:\/\/web.molina.cl\/wp-content\/uploads\/2024\/09\/Foto-1-1920x1280.jpg 1920w\" sizes=\"(max-width: 1024px) 100vw, 1024px\" \/><\/figure>\n<\/figure>\n","protected":false},"excerpt":{"rendered":"<p>El convenio entre el municipio y el Hospital de Curic\u00f3 permite una r\u00e1pida entrega de los remedios. A trav\u00e9s de un trabajo colaborativo entre instituciones, la alcaldesa de Molina, Priscilla Castillo, inform\u00f3 a la comunidad que los pacientes ya no tendr\u00e1n que viajar hasta Curic\u00f3 para retirar sus medicamentos. Esto porque, a contar de hoy, [&hellip;]<\/p>\n","protected":false},"author":2,"featured_media":66618,"comment_status":"closed","ping_status":"open","sticky":false,"template":"","format":"standard","meta":{"footnotes":""},"categories":[7],"tags":[],"_links":{"self":[{"href":"https:\/\/web.molina.cl\/index.php?rest_route=\/wp\/v2\/posts\/66616"}],"collection":[{"href":"https:\/\/web.molina.cl\/index.php?rest_route=\/wp\/v2\/posts"}],"about":[{"href":"https:\/\/web.molina.cl\/index.php?rest_route=\/wp\/v2\/types\/post"}],"author":[{"embeddable":true,"href":"https:\/\/web.molina.cl\/index.php?rest_route=\/wp\/v2\/users\/2"}],"replies":[{"embeddable":true,"href":"https:\/\/web.molina.cl\/index.php?rest_route=%2Fwp%2Fv2%2Fcomments&post=66616"}],"version-history":[{"count":1,"href":"https:\/\/web.molina.cl\/index.php?rest_route=\/wp\/v2\/posts\/66616\/revisions"}],"predecessor-version":[{"id":66620,"href":"https:\/\/web.molina.cl\/index.php?rest_route=\/wp\/v2\/posts\/66616\/revisions\/66620"}],"wp:featuredmedia":[{"embeddable":true,"href":"https:\/\/web.molina.cl\/index.php?rest_route=\/wp\/v2\/media\/66618"}],"wp:attachment":[{"href":"https:\/\/web.molina.cl\/index.php?rest_route=%2Fwp%2Fv2%2Fmedia&parent=66616"}],"wp:term":[{"taxonomy":"category","embeddable":true,"href":"https:\/\/web.molina.cl\/index.php?rest_route=%2Fwp%2Fv2%2Fcategories&post=66616"},{"taxonomy":"post_tag","embeddable":true,"href":"https:\/\/web.molina.cl\/index.php?rest_route=%2Fwp%2Fv2%2Ftags&post=66616"}],"curies":[{"name":"wp","href":"https:\/\/api.w.org\/{rel}","templated":true}]}}