{"id":65993,"date":"2024-07-31T16:05:37","date_gmt":"2024-07-31T20:05:37","guid":{"rendered":"https:\/\/web.molina.cl\/?p=65993"},"modified":"2024-07-31T16:05:37","modified_gmt":"2024-07-31T20:05:37","slug":"renuevan-por-completo-la-posta-de-salud-de-tres-esquinas-en-molina-con-inversion-municipal","status":"publish","type":"post","link":"https:\/\/web.molina.cl\/?p=65993","title":{"rendered":"Renuevan por completo la Posta de Salud de Tres Esquinas en Molina con inversi\u00f3n municipal"},"content":{"rendered":"\n<h2 class=\"wp-block-heading\">Las nuevas instalaciones cuentan con una amplia y c\u00f3moda sala de espera, climatizaci\u00f3n y una mayor dotaci\u00f3n de profesionales para atender al p\u00fablico.<\/h2>\n\n\n\n<p>M\u00e1s de cinco mil habitantes de las zonas rurales de Molina se ver\u00e1n beneficiados con las renovadas instalaciones de la Posta de Salud de Tres Esquinas.<\/p>\n\n\n\n<p>En el hist\u00f3rico recinto, se realizaron trabajos de ampliaci\u00f3n de la sala de espera, mejoramiento de los box de atenci\u00f3n y se dot\u00f3 de una mayor implementaci\u00f3n para atender a los pacientes.<\/p>\n\n\n\n<p>Tras dar mostrar a la comunidad el \u201ccambio de cara\u201d al establecimiento, la alcaldesa de Molina, Priscilla Castillo, se\u00f1al\u00f3 que \u201cen este proceso de mejoramiento de la infraestructura, una de las cosas que nos hemos propuesto y que ha sido tambi\u00e9n solicitud de los funcionarios, es optimizar las instalaciones de cada servicio de salud que tenemos en la comuna. Por eso, estamos haciendo varios trabajos en el Cesfam de Lontu\u00e9, en el Servicio de Urgencia, en la Posta de Pichingal y hoy en Tres Esquinas\u201d.<\/p>\n\n\n\n<p>Sobre este \u00faltimo establecimiento, la jefa comunal se\u00f1al\u00f3 que \u201ceste recinto tiene mejores condiciones para las personas, algo que han constatado tambi\u00e9n los vecinos de La Palmilla, San Jorge de Romeral, Buena Paz y La Valdesina, que acudieron a la ceremonia\u201d.<\/p>\n\n\n\n<figure class=\"wp-block-image size-large\"><img loading=\"lazy\" decoding=\"async\" width=\"1024\" height=\"576\" src=\"https:\/\/web.molina.cl\/wp-content\/uploads\/2024\/07\/Foto-2-1-1024x576.jpeg\" alt=\"\" class=\"wp-image-65994\" srcset=\"https:\/\/web.molina.cl\/wp-content\/uploads\/2024\/07\/Foto-2-1-1024x576.jpeg 1024w, https:\/\/web.molina.cl\/wp-content\/uploads\/2024\/07\/Foto-2-1-300x169.jpeg 300w, https:\/\/web.molina.cl\/wp-content\/uploads\/2024\/07\/Foto-2-1-768x432.jpeg 768w, https:\/\/web.molina.cl\/wp-content\/uploads\/2024\/07\/Foto-2-1-1536x864.jpeg 1536w, https:\/\/web.molina.cl\/wp-content\/uploads\/2024\/07\/Foto-2-1-747x420.jpeg 747w, https:\/\/web.molina.cl\/wp-content\/uploads\/2024\/07\/Foto-2-1-696x392.jpeg 696w, https:\/\/web.molina.cl\/wp-content\/uploads\/2024\/07\/Foto-2-1-1068x601.jpeg 1068w, https:\/\/web.molina.cl\/wp-content\/uploads\/2024\/07\/Foto-2-1.jpeg 1600w\" sizes=\"(max-width: 1024px) 100vw, 1024px\" \/><\/figure>\n\n\n\n<p><strong>COMODIDAD Y MODERNIDAD<\/strong><\/p>\n\n\n\n<p>Para ejecutar las obras, se requiri\u00f3 una inversi\u00f3n total de 55 millones de pesos, la que fue financiada de forma \u00edntegra por el municipio tras aprobaci\u00f3n del Concejo Municipal.<\/p>\n\n\n\n<p>De esta forma, no solamente los funcionarios tendr\u00e1n mejores condiciones de trabajo, sino que tambi\u00e9n los usuarios, algo que destac\u00f3 el Director Comunal de Salud, Gabriel Silva.<\/p>\n\n\n\n<p>\u201cEstamos enfocados en entregar las mejores herramientas y los mejores profesionales para nuestros usuarios. Hoy, estamos logrando un hito muy importante: la inauguraci\u00f3n de los trabajos de renovaci\u00f3n de infraestructura en esta Posta. Con ello, entregamos a cada usuario un lugar c\u00f3modo, climatizado para invierno y verano, adem\u00e1s de aumentar la cantidad de profesionales que atender\u00e1n. En el equipamiento y mobiliario hubo un cambio que cost\u00f3 m\u00e1s de 30 millones de pesos, porque la idea es que la comunidad se sienta c\u00f3moda\u201d, afirm\u00f3 el profesional.<\/p>\n\n\n\n<figure class=\"wp-block-image size-large\"><img loading=\"lazy\" decoding=\"async\" width=\"1024\" height=\"576\" src=\"https:\/\/web.molina.cl\/wp-content\/uploads\/2024\/07\/Foto-3-1024x576.jpeg\" alt=\"\" class=\"wp-image-65995\" srcset=\"https:\/\/web.molina.cl\/wp-content\/uploads\/2024\/07\/Foto-3-1024x576.jpeg 1024w, https:\/\/web.molina.cl\/wp-content\/uploads\/2024\/07\/Foto-3-300x169.jpeg 300w, https:\/\/web.molina.cl\/wp-content\/uploads\/2024\/07\/Foto-3-768x432.jpeg 768w, https:\/\/web.molina.cl\/wp-content\/uploads\/2024\/07\/Foto-3-1536x864.jpeg 1536w, https:\/\/web.molina.cl\/wp-content\/uploads\/2024\/07\/Foto-3-747x420.jpeg 747w, https:\/\/web.molina.cl\/wp-content\/uploads\/2024\/07\/Foto-3-696x392.jpeg 696w, https:\/\/web.molina.cl\/wp-content\/uploads\/2024\/07\/Foto-3-1068x601.jpeg 1068w, https:\/\/web.molina.cl\/wp-content\/uploads\/2024\/07\/Foto-3.jpeg 1600w\" sizes=\"(max-width: 1024px) 100vw, 1024px\" \/><\/figure>\n\n\n\n<p><strong>TESTIMONIO<\/strong><\/p>\n\n\n\n<p>Para la ceremonia de inauguraci\u00f3n acudieron no solamente vecinos de la localidad rural de Tres Esquinas, sino que tambi\u00e9n de sectores m\u00e1s alejados, como La Valdesina. Desde dicha zona, Irma Vidal dedic\u00f3 especiales palabras recordando lo que fue en sus inicios la Posta de Salud, versus los avances que se aprecian hoy en d\u00eda.<\/p>\n\n\n\n<p>Visiblemente emocionada, la paciente relat\u00f3 que \u201cyo empec\u00e9 a venir a la Posta en 1987 y he visto c\u00f3mo han pasado personas con muy buena voluntad trabajando, a veces con muy pocos recursos. Recordemos que la Posta parti\u00f3 con tres box, con la farmacia estando en el mismo box donde atend\u00eda el doctor\u201d.<\/p>\n\n\n\n<p>A su juicio, en la actualidad, \u201cal que necesite, se le atiende bien\u201d, lo que se ve reflejado en que \u201ca veces no tenemos ni la tarjeta que nos piden, pero igual con la misma buena voluntad se nos atiende\u201d.<\/p>\n\n\n\n<figure class=\"wp-block-image size-large\"><img loading=\"lazy\" decoding=\"async\" width=\"1024\" height=\"576\" src=\"https:\/\/web.molina.cl\/wp-content\/uploads\/2024\/07\/Foto-1-1-1024x576.jpg\" alt=\"\" class=\"wp-image-65996\" srcset=\"https:\/\/web.molina.cl\/wp-content\/uploads\/2024\/07\/Foto-1-1-1024x576.jpg 1024w, https:\/\/web.molina.cl\/wp-content\/uploads\/2024\/07\/Foto-1-1-300x169.jpg 300w, https:\/\/web.molina.cl\/wp-content\/uploads\/2024\/07\/Foto-1-1-768x432.jpg 768w, https:\/\/web.molina.cl\/wp-content\/uploads\/2024\/07\/Foto-1-1-1536x864.jpg 1536w, https:\/\/web.molina.cl\/wp-content\/uploads\/2024\/07\/Foto-1-1-747x420.jpg 747w, https:\/\/web.molina.cl\/wp-content\/uploads\/2024\/07\/Foto-1-1-696x392.jpg 696w, https:\/\/web.molina.cl\/wp-content\/uploads\/2024\/07\/Foto-1-1-1068x601.jpg 1068w, https:\/\/web.molina.cl\/wp-content\/uploads\/2024\/07\/Foto-1-1.jpg 1920w\" sizes=\"(max-width: 1024px) 100vw, 1024px\" \/><\/figure>\n\n\n\n<figure class=\"wp-block-image size-large\"><img loading=\"lazy\" decoding=\"async\" width=\"1024\" height=\"576\" src=\"https:\/\/web.molina.cl\/wp-content\/uploads\/2024\/07\/Foto-5-1024x576.jpeg\" alt=\"\" class=\"wp-image-65997\" srcset=\"https:\/\/web.molina.cl\/wp-content\/uploads\/2024\/07\/Foto-5-1024x576.jpeg 1024w, https:\/\/web.molina.cl\/wp-content\/uploads\/2024\/07\/Foto-5-300x169.jpeg 300w, https:\/\/web.molina.cl\/wp-content\/uploads\/2024\/07\/Foto-5-768x432.jpeg 768w, https:\/\/web.molina.cl\/wp-content\/uploads\/2024\/07\/Foto-5-1536x864.jpeg 1536w, https:\/\/web.molina.cl\/wp-content\/uploads\/2024\/07\/Foto-5-747x420.jpeg 747w, https:\/\/web.molina.cl\/wp-content\/uploads\/2024\/07\/Foto-5-696x392.jpeg 696w, https:\/\/web.molina.cl\/wp-content\/uploads\/2024\/07\/Foto-5-1068x601.jpeg 1068w, https:\/\/web.molina.cl\/wp-content\/uploads\/2024\/07\/Foto-5.jpeg 1600w\" sizes=\"(max-width: 1024px) 100vw, 1024px\" \/><\/figure>\n","protected":false},"excerpt":{"rendered":"<p>Las nuevas instalaciones cuentan con una amplia y c\u00f3moda sala de espera, climatizaci\u00f3n y una mayor dotaci\u00f3n de profesionales para atender al p\u00fablico. M\u00e1s de cinco mil habitantes de las zonas rurales de Molina se ver\u00e1n beneficiados con las renovadas instalaciones de la Posta de Salud de Tres Esquinas. En el hist\u00f3rico recinto, se realizaron [&hellip;]<\/p>\n","protected":false},"author":2,"featured_media":65996,"comment_status":"closed","ping_status":"open","sticky":false,"template":"","format":"standard","meta":{"footnotes":""},"categories":[7,2026],"tags":[],"_links":{"self":[{"href":"https:\/\/web.molina.cl\/index.php?rest_route=\/wp\/v2\/posts\/65993"}],"collection":[{"href":"https:\/\/web.molina.cl\/index.php?rest_route=\/wp\/v2\/posts"}],"about":[{"href":"https:\/\/web.molina.cl\/index.php?rest_route=\/wp\/v2\/types\/post"}],"author":[{"embeddable":true,"href":"https:\/\/web.molina.cl\/index.php?rest_route=\/wp\/v2\/users\/2"}],"replies":[{"embeddable":true,"href":"https:\/\/web.molina.cl\/index.php?rest_route=%2Fwp%2Fv2%2Fcomments&post=65993"}],"version-history":[{"count":1,"href":"https:\/\/web.molina.cl\/index.php?rest_route=\/wp\/v2\/posts\/65993\/revisions"}],"predecessor-version":[{"id":65998,"href":"https:\/\/web.molina.cl\/index.php?rest_route=\/wp\/v2\/posts\/65993\/revisions\/65998"}],"wp:featuredmedia":[{"embeddable":true,"href":"https:\/\/web.molina.cl\/index.php?rest_route=\/wp\/v2\/media\/65996"}],"wp:attachment":[{"href":"https:\/\/web.molina.cl\/index.php?rest_route=%2Fwp%2Fv2%2Fmedia&parent=65993"}],"wp:term":[{"taxonomy":"category","embeddable":true,"href":"https:\/\/web.molina.cl\/index.php?rest_route=%2Fwp%2Fv2%2Fcategories&post=65993"},{"taxonomy":"post_tag","embeddable":true,"href":"https:\/\/web.molina.cl\/index.php?rest_route=%2Fwp%2Fv2%2Ftags&post=65993"}],"curies":[{"name":"wp","href":"https:\/\/api.w.org\/{rel}","templated":true}]}}