{"id":65985,"date":"2024-07-30T12:56:11","date_gmt":"2024-07-30T16:56:11","guid":{"rendered":"https:\/\/web.molina.cl\/?p=65985"},"modified":"2024-07-30T12:56:12","modified_gmt":"2024-07-30T16:56:12","slug":"alcaldesa-priscilla-castillo-pidio-a-ministro-montes-asignar-recursos-para-mas-de-600-viviendas-en-molina","status":"publish","type":"post","link":"https:\/\/web.molina.cl\/?p=65985","title":{"rendered":"Alcaldesa Priscilla Castillo pidi\u00f3 a Ministro Montes asignar recursos para m\u00e1s de 600 viviendas en Molina"},"content":{"rendered":"\n<h2 class=\"wp-block-heading\"><em>La autoridad comunal se entrevist\u00f3 con el titular de Vivienda en La Moneda, logrando el compromiso de entregar subsidio a dos comit\u00e9s habitacionales formados por 611 familias.<\/em><\/h2>\n\n\n\n<p>Acompa\u00f1ada de una amplia comitiva, la alcaldesa de Molina, Priscilla Castillo, se reuni\u00f3 en La Moneda con el Ministro de Vivienda, Carlos Montes, para solicitar formalmente la asignaci\u00f3n de recursos para dos conjuntos habitacionales.<\/p>\n\n\n\n<p>Se trata de los comit\u00e9s Parque del Sol 3, integrado por 397 usuarios y Parque del Sol 4, formado por 214 personas. En total, son 611 familias las que ser\u00edan beneficiadas una vez que se materialice el proyecto que fue elaborado por la Egis Municipal.<\/p>\n\n\n\n<p>Por tal motivo y estando en el Palacio de Gobierno, la jefa comunal molinense le pidi\u00f3 al Secretario de Estado otorgar el subsidio correspondiente al DS N\u00b049, que permite financiar la construcci\u00f3n de una casa sin que el beneficiado tenga que pagar dividendo.<\/p>\n\n\n\n<figure class=\"wp-block-gallery has-nested-images columns-default is-cropped wp-block-gallery-1 is-layout-flex wp-block-gallery-is-layout-flex\">\n<figure class=\"wp-block-image size-large\"><img loading=\"lazy\" decoding=\"async\" width=\"962\" height=\"676\" data-id=\"65986\" src=\"https:\/\/web.molina.cl\/wp-content\/uploads\/2024\/07\/Foto-1-1.jpeg\" alt=\"\" class=\"wp-image-65986\" srcset=\"https:\/\/web.molina.cl\/wp-content\/uploads\/2024\/07\/Foto-1-1.jpeg 962w, https:\/\/web.molina.cl\/wp-content\/uploads\/2024\/07\/Foto-1-1-300x211.jpeg 300w, https:\/\/web.molina.cl\/wp-content\/uploads\/2024\/07\/Foto-1-1-768x540.jpeg 768w, https:\/\/web.molina.cl\/wp-content\/uploads\/2024\/07\/Foto-1-1-598x420.jpeg 598w, https:\/\/web.molina.cl\/wp-content\/uploads\/2024\/07\/Foto-1-1-696x489.jpeg 696w, https:\/\/web.molina.cl\/wp-content\/uploads\/2024\/07\/Foto-1-1-100x70.jpeg 100w\" sizes=\"(max-width: 962px) 100vw, 962px\" \/><\/figure>\n<\/figure>\n\n\n\n<p><strong>COMPROMISO<\/strong><\/p>\n\n\n\n<p>\u201cEste lunes estuvimos con los dos grupos habitacionales junto al Ministro Carlos Montes para pedir la adjudicaci\u00f3n de subsidio\u201d, se\u00f1al\u00f3 la alcaldesa, explicando que \u201cson proyectos que ya est\u00e1n calificados en Serviu y lo que hoy necesitamos es que el Gobierno les pueda asignar los recursos\u201d.<\/p>\n\n\n\n<p>Tras presentar el caso al titular de Vivienda, la jefa comunal molinense afirm\u00f3 que \u201clas familias est\u00e1n muy esperanzadas en que puedan obtener el subsidio en agosto o, de lo contrario, en octubre; pero existe ya un compromiso del Ministro de que las 611 familias s\u00ed o s\u00ed obtendr\u00e1n el subsidio durante este a\u00f1o\u201d.<\/p>\n\n\n\n<p>Junto con destacar el apoyo del equipo municipal desde la conformaci\u00f3n de los comit\u00e9s, Priscilla Castillo afirm\u00f3 que \u201cnos vinimos contentos con estas familias, porque es el sue\u00f1o de un nuevo hogar que han esperado por mucho tiempo\u201d, puesto que algunos integrantes vienen luchando por esto desde hace m\u00e1s de ocho a\u00f1os.<\/p>\n\n\n\n<p>El lugar en donde se ubicar\u00e1n las nuevas casas corresponde a los terrenos situados a un costado del Colegio Mar\u00eda Auxiliadora, quedando el proyecto a cargo de Inmobiliaria Los Robles y la edificaci\u00f3n en manos de Constructora Independencia.<\/p>\n\n\n\n<figure class=\"wp-block-image size-large\"><img loading=\"lazy\" decoding=\"async\" width=\"1024\" height=\"576\" src=\"https:\/\/web.molina.cl\/wp-content\/uploads\/2024\/07\/Foto-2-1024x576.jpeg\" alt=\"\" class=\"wp-image-65987\" srcset=\"https:\/\/web.molina.cl\/wp-content\/uploads\/2024\/07\/Foto-2-1024x576.jpeg 1024w, https:\/\/web.molina.cl\/wp-content\/uploads\/2024\/07\/Foto-2-300x169.jpeg 300w, https:\/\/web.molina.cl\/wp-content\/uploads\/2024\/07\/Foto-2-768x432.jpeg 768w, https:\/\/web.molina.cl\/wp-content\/uploads\/2024\/07\/Foto-2-1536x864.jpeg 1536w, https:\/\/web.molina.cl\/wp-content\/uploads\/2024\/07\/Foto-2-2048x1153.jpeg 2048w, https:\/\/web.molina.cl\/wp-content\/uploads\/2024\/07\/Foto-2-746x420.jpeg 746w, https:\/\/web.molina.cl\/wp-content\/uploads\/2024\/07\/Foto-2-696x392.jpeg 696w, https:\/\/web.molina.cl\/wp-content\/uploads\/2024\/07\/Foto-2-1068x601.jpeg 1068w, https:\/\/web.molina.cl\/wp-content\/uploads\/2024\/07\/Foto-2-1920x1081.jpeg 1920w\" sizes=\"(max-width: 1024px) 100vw, 1024px\" \/><\/figure>\n","protected":false},"excerpt":{"rendered":"<p>La autoridad comunal se entrevist\u00f3 con el titular de Vivienda en La Moneda, logrando el compromiso de entregar subsidio a dos comit\u00e9s habitacionales formados por 611 familias. Acompa\u00f1ada de una amplia comitiva, la alcaldesa de Molina, Priscilla Castillo, se reuni\u00f3 en La Moneda con el Ministro de Vivienda, Carlos Montes, para solicitar formalmente la asignaci\u00f3n [&hellip;]<\/p>\n","protected":false},"author":2,"featured_media":65987,"comment_status":"closed","ping_status":"open","sticky":false,"template":"","format":"standard","meta":{"footnotes":""},"categories":[9],"tags":[],"_links":{"self":[{"href":"https:\/\/web.molina.cl\/index.php?rest_route=\/wp\/v2\/posts\/65985"}],"collection":[{"href":"https:\/\/web.molina.cl\/index.php?rest_route=\/wp\/v2\/posts"}],"about":[{"href":"https:\/\/web.molina.cl\/index.php?rest_route=\/wp\/v2\/types\/post"}],"author":[{"embeddable":true,"href":"https:\/\/web.molina.cl\/index.php?rest_route=\/wp\/v2\/users\/2"}],"replies":[{"embeddable":true,"href":"https:\/\/web.molina.cl\/index.php?rest_route=%2Fwp%2Fv2%2Fcomments&post=65985"}],"version-history":[{"count":1,"href":"https:\/\/web.molina.cl\/index.php?rest_route=\/wp\/v2\/posts\/65985\/revisions"}],"predecessor-version":[{"id":65988,"href":"https:\/\/web.molina.cl\/index.php?rest_route=\/wp\/v2\/posts\/65985\/revisions\/65988"}],"wp:featuredmedia":[{"embeddable":true,"href":"https:\/\/web.molina.cl\/index.php?rest_route=\/wp\/v2\/media\/65987"}],"wp:attachment":[{"href":"https:\/\/web.molina.cl\/index.php?rest_route=%2Fwp%2Fv2%2Fmedia&parent=65985"}],"wp:term":[{"taxonomy":"category","embeddable":true,"href":"https:\/\/web.molina.cl\/index.php?rest_route=%2Fwp%2Fv2%2Fcategories&post=65985"},{"taxonomy":"post_tag","embeddable":true,"href":"https:\/\/web.molina.cl\/index.php?rest_route=%2Fwp%2Fv2%2Ftags&post=65985"}],"curies":[{"name":"wp","href":"https:\/\/api.w.org\/{rel}","templated":true}]}}