{"id":65979,"date":"2024-07-26T17:03:29","date_gmt":"2024-07-26T21:03:29","guid":{"rendered":"https:\/\/web.molina.cl\/?p=65979"},"modified":"2024-07-26T17:03:30","modified_gmt":"2024-07-26T21:03:30","slug":"sistema-de-televigilancia-de-molina-mantiene-a-la-comuna-en-top-10-nacional","status":"publish","type":"post","link":"https:\/\/web.molina.cl\/?p=65979","title":{"rendered":"Sistema de televigilancia de Molina mantiene a la comuna en top 10 nacional"},"content":{"rendered":"\n<h2 class=\"wp-block-heading\">De acuerdo al reciente estudio de la Universidad Diego Portales, la tur\u00edstica comuna es la \u00fanica de la Regi\u00f3n del Maule en el selecto grupo de las ciudades con m\u00e1s c\u00e1maras del pa\u00eds.<\/h2>\n\n\n\n<p>Pese a contar con menos presupuesto que las grandes ciudades, Molina aparece en el top 10 nacional de las comunas que mayor cantidad de c\u00e1maras de vigilancia tiene instaladas.<\/p>\n\n\n\n<p>De acuerdo al estudio \u201cMunicipios y Seguridad P\u00fablica Ciudadana\u201d publicado por la Universidad Diego Portales, la municipalidad comandada por Priscilla Castillo est\u00e1 en la d\u00e9cima ubicaci\u00f3n en el ranking de las m\u00e1s han implementado estos dispositivos para monitorear la actividad en sus territorios, siendo la \u00fanica de la Regi\u00f3n del Maule en lo m\u00e1s alto de la tabla.<\/p>\n\n\n\n<p><strong>MONITOREO CONSTANTE<\/strong><\/p>\n\n\n\n<p>Consultado sobre el funcionamiento de su sistema de televigilancia, el Director de Seguridad P\u00fablica de Molina, Fernando Castro, explica que \u201choy en d\u00eda, en nuestra central estamos revisando alrededor de 300 c\u00e1maras instaladas en distintos puntos de la comuna. Durante los siete d\u00edas de la semana y las 24 horas del d\u00eda se mantienen operadores con experiencia en el monitoreo, quienes han detectado diferentes il\u00edcitos y han permitido recuperaciones de veh\u00edculos tambi\u00e9n por el apoyo de los p\u00f3rticos lectores de placa patentes. Todo esto ha servido bastante como evidencias que posteriormente deben presentar las polic\u00edas antes los Tribunales de Justicia\u201d.<\/p>\n\n\n\n<p>Junto con lo anterior, a\u00f1ade que \u201ccuando una persona requiera alg\u00fan tipo de grabaci\u00f3n, puede concurrir a nuestra oficina de atenci\u00f3n de p\u00fablico para generar su petici\u00f3n. Nosotros pedimos antecedentes espec\u00edficos como d\u00eda, horario y sector\u201d, detallando que \u201cuna vez que nuestros operadores encuentran lo que se requiere, descargan las im\u00e1genes y las guardan para que tanto las polic\u00edas como el tribunal puedan solicitarlas de manera formal\u201d.<\/p>\n\n\n\n<p>Por \u00faltimo, Fernando Castro recuerda que la adquisici\u00f3n de las c\u00e1maras no ha implicado mayores costos para el municipio, ya que \u201cse gener\u00f3 una buena pr\u00e1ctica con la creaci\u00f3n de la oficina de apoyo a proyectos en el \u00e1mbito de seguridad p\u00fablica, existiendo profesionales que permanentemente est\u00e1n apoyando a las organizaciones territoriales para la orientaci\u00f3n y confecci\u00f3n del proyecto, como tambi\u00e9n en el cierre de \u00e9stos\u201d.<\/p>\n\n\n\n<figure class=\"wp-block-image size-full is-resized\"><img loading=\"lazy\" decoding=\"async\" width=\"678\" height=\"994\" src=\"https:\/\/web.molina.cl\/wp-content\/uploads\/2024\/07\/Foto-2.png\" alt=\"\" class=\"wp-image-65980\" style=\"width:696px;height:auto\" srcset=\"https:\/\/web.molina.cl\/wp-content\/uploads\/2024\/07\/Foto-2.png 678w, https:\/\/web.molina.cl\/wp-content\/uploads\/2024\/07\/Foto-2-205x300.png 205w, https:\/\/web.molina.cl\/wp-content\/uploads\/2024\/07\/Foto-2-286x420.png 286w\" sizes=\"(max-width: 678px) 100vw, 678px\" \/><\/figure>\n\n\n\n<figure class=\"wp-block-image size-full\"><img loading=\"lazy\" decoding=\"async\" width=\"1024\" height=\"768\" src=\"https:\/\/web.molina.cl\/wp-content\/uploads\/2024\/07\/Foto-1.jpeg\" alt=\"\" class=\"wp-image-65981\" srcset=\"https:\/\/web.molina.cl\/wp-content\/uploads\/2024\/07\/Foto-1.jpeg 1024w, https:\/\/web.molina.cl\/wp-content\/uploads\/2024\/07\/Foto-1-300x225.jpeg 300w, https:\/\/web.molina.cl\/wp-content\/uploads\/2024\/07\/Foto-1-768x576.jpeg 768w, https:\/\/web.molina.cl\/wp-content\/uploads\/2024\/07\/Foto-1-560x420.jpeg 560w, https:\/\/web.molina.cl\/wp-content\/uploads\/2024\/07\/Foto-1-80x60.jpeg 80w, https:\/\/web.molina.cl\/wp-content\/uploads\/2024\/07\/Foto-1-696x522.jpeg 696w, https:\/\/web.molina.cl\/wp-content\/uploads\/2024\/07\/Foto-1-265x198.jpeg 265w\" sizes=\"(max-width: 1024px) 100vw, 1024px\" \/><\/figure>\n","protected":false},"excerpt":{"rendered":"<p>De acuerdo al reciente estudio de la Universidad Diego Portales, la tur\u00edstica comuna es la \u00fanica de la Regi\u00f3n del Maule en el selecto grupo de las ciudades con m\u00e1s c\u00e1maras del pa\u00eds. Pese a contar con menos presupuesto que las grandes ciudades, Molina aparece en el top 10 nacional de las comunas que mayor [&hellip;]<\/p>\n","protected":false},"author":2,"featured_media":65981,"comment_status":"closed","ping_status":"open","sticky":false,"template":"","format":"standard","meta":{"footnotes":""},"categories":[47],"tags":[],"_links":{"self":[{"href":"https:\/\/web.molina.cl\/index.php?rest_route=\/wp\/v2\/posts\/65979"}],"collection":[{"href":"https:\/\/web.molina.cl\/index.php?rest_route=\/wp\/v2\/posts"}],"about":[{"href":"https:\/\/web.molina.cl\/index.php?rest_route=\/wp\/v2\/types\/post"}],"author":[{"embeddable":true,"href":"https:\/\/web.molina.cl\/index.php?rest_route=\/wp\/v2\/users\/2"}],"replies":[{"embeddable":true,"href":"https:\/\/web.molina.cl\/index.php?rest_route=%2Fwp%2Fv2%2Fcomments&post=65979"}],"version-history":[{"count":1,"href":"https:\/\/web.molina.cl\/index.php?rest_route=\/wp\/v2\/posts\/65979\/revisions"}],"predecessor-version":[{"id":65982,"href":"https:\/\/web.molina.cl\/index.php?rest_route=\/wp\/v2\/posts\/65979\/revisions\/65982"}],"wp:featuredmedia":[{"embeddable":true,"href":"https:\/\/web.molina.cl\/index.php?rest_route=\/wp\/v2\/media\/65981"}],"wp:attachment":[{"href":"https:\/\/web.molina.cl\/index.php?rest_route=%2Fwp%2Fv2%2Fmedia&parent=65979"}],"wp:term":[{"taxonomy":"category","embeddable":true,"href":"https:\/\/web.molina.cl\/index.php?rest_route=%2Fwp%2Fv2%2Fcategories&post=65979"},{"taxonomy":"post_tag","embeddable":true,"href":"https:\/\/web.molina.cl\/index.php?rest_route=%2Fwp%2Fv2%2Ftags&post=65979"}],"curies":[{"name":"wp","href":"https:\/\/api.w.org\/{rel}","templated":true}]}}