{"id":65686,"date":"2024-07-25T11:35:12","date_gmt":"2024-07-25T15:35:12","guid":{"rendered":"https:\/\/web.molina.cl\/?p=65686"},"modified":"2024-07-25T11:35:13","modified_gmt":"2024-07-25T15:35:13","slug":"delegacion-de-paredones-visito-molina-para-replicar-modelo-de-prevencion-del-cancer","status":"publish","type":"post","link":"https:\/\/web.molina.cl\/?p=65686","title":{"rendered":"Delegaci\u00f3n de Paredones visit\u00f3 Molina para replicar modelo de prevenci\u00f3n del c\u00e1ncer"},"content":{"rendered":"\n<h2 class=\"wp-block-heading\"><em>El equipo municipal de Salud de Molina comparti\u00f3 sus conocimientos y experiencias con los profesionales de la Regi\u00f3n de O\u2019Higgins tras la exitosa aplicaci\u00f3n de los test de aire espirado.<\/em><\/h2>\n\n\n\n<p>Mostrando los buenos resultados obtenidos en materia preventiva, el equipo municipal de Salud de Molina recibi\u00f3 a una delegaci\u00f3n procedente de Paredones para socializar su modelo de detecci\u00f3n de bacterias cancer\u00edgenas.<\/p>\n\n\n\n<p>En concreto, los profesionales de la Regi\u00f3n de O\u2019Higgins pudieron conocer en terreno la log\u00edstica mediante la que el municipio molinense realiza ex\u00e1menes para confirmar o descartar la presencia de helicobacter pylori, bacilo causante de c\u00e1ncer g\u00e1strico entre la poblaci\u00f3n.<\/p>\n\n\n\n<p>La comitiva fue recibida por la propia alcaldesa Priscilla Castillo, quien sostuvo que \u201csiempre es bueno compartir experiencias entre los distintos municipios del pa\u00eds. Hoy, recibimos esta visita de Paredones que buscaba conocer el trabajo que estamos realizando, a trav\u00e9s de nuestro Departamento de Salud, con los test de aire espirado para determinar la existencia de la helicobacter pylori. Estamos muy dispuestos a colaborar y a compartir la informaci\u00f3n, porque la idea es que nos ayudemos unos con otros\u201d.<\/p>\n\n\n\n<p><strong>GRATA IMPRESI\u00d3N<\/strong><\/p>\n\n\n\n<p>Encabezando a la delegaci\u00f3n, la Directora Comunal de Salud de Paredones, Daniela L\u00f3pez, se\u00f1al\u00f3 que la iniciativa surgi\u00f3 \u201chace un tiempo atr\u00e1s, cuando nuestro alcalde Antonio Carvacho escuch\u00f3 en la radio que en Molina estaban implementando esta medida; ah\u00ed nos pidi\u00f3 que vini\u00e9ramos a saber c\u00f3mo lo hac\u00edan\u201d.<\/p>\n\n\n\n<p>Sobre la jornada vivida, la profesional afirma que \u201cnos vamos con una grata impresi\u00f3n de la comuna y de su hospitalidad. La idea es que en el futuro y, toda vez que el marco presupuestario as\u00ed lo permita, replicar esta estrategia en nuestra comuna para detectar con la debida anticipaci\u00f3n cualquier c\u00e1ncer que pueda existir dentro de la comunidad paredonina, como tambi\u00e9n copiar otras medidas que podr\u00edamos implementar\u201d.<\/p>\n\n\n\n<p>Por su parte, el Director Comunal de Salud de Molina, Gabriel Silva, se\u00f1al\u00f3 que junto a su equipo \u201cestamos muy contentos de poder recibir al equipo del Cesfam de Paredones para que conozcan esta buena pr\u00e1ctica que hemos entregado a la comunidad, como es la detecci\u00f3n temprana de la helicobacter pylori a trav\u00e9s de un m\u00e9todo m\u00e1s efectivo y r\u00e1pido. Las buenas pr\u00e1cticas se deben replicar, as\u00ed que estamos contentos con esta alianza y nosotros tambi\u00e9n seguiremos buscando nuevas estrategias para mejorar la salud de cada uno de los molinenses\u201d.<\/p>\n\n\n\n<figure class=\"wp-block-image size-large\"><img loading=\"lazy\" decoding=\"async\" width=\"1024\" height=\"575\" src=\"https:\/\/web.molina.cl\/wp-content\/uploads\/2024\/07\/Foto-1-1024x575.jpg\" alt=\"\" class=\"wp-image-65687\" srcset=\"https:\/\/web.molina.cl\/wp-content\/uploads\/2024\/07\/Foto-1-1024x575.jpg 1024w, https:\/\/web.molina.cl\/wp-content\/uploads\/2024\/07\/Foto-1-300x168.jpg 300w, https:\/\/web.molina.cl\/wp-content\/uploads\/2024\/07\/Foto-1-768x431.jpg 768w, https:\/\/web.molina.cl\/wp-content\/uploads\/2024\/07\/Foto-1-1536x862.jpg 1536w, https:\/\/web.molina.cl\/wp-content\/uploads\/2024\/07\/Foto-1-2048x1150.jpg 2048w, https:\/\/web.molina.cl\/wp-content\/uploads\/2024\/07\/Foto-1-748x420.jpg 748w, https:\/\/web.molina.cl\/wp-content\/uploads\/2024\/07\/Foto-1-696x391.jpg 696w, https:\/\/web.molina.cl\/wp-content\/uploads\/2024\/07\/Foto-1-1068x600.jpg 1068w, https:\/\/web.molina.cl\/wp-content\/uploads\/2024\/07\/Foto-1-1920x1078.jpg 1920w\" sizes=\"(max-width: 1024px) 100vw, 1024px\" \/><\/figure>\n\n\n\n<figure class=\"wp-block-image size-large\"><img loading=\"lazy\" decoding=\"async\" width=\"1024\" height=\"575\" src=\"https:\/\/web.molina.cl\/wp-content\/uploads\/2024\/07\/Foto-2-1024x575.jpg\" alt=\"\" class=\"wp-image-65688\" srcset=\"https:\/\/web.molina.cl\/wp-content\/uploads\/2024\/07\/Foto-2-1024x575.jpg 1024w, https:\/\/web.molina.cl\/wp-content\/uploads\/2024\/07\/Foto-2-300x168.jpg 300w, https:\/\/web.molina.cl\/wp-content\/uploads\/2024\/07\/Foto-2-768x431.jpg 768w, https:\/\/web.molina.cl\/wp-content\/uploads\/2024\/07\/Foto-2-1536x862.jpg 1536w, https:\/\/web.molina.cl\/wp-content\/uploads\/2024\/07\/Foto-2-2048x1150.jpg 2048w, https:\/\/web.molina.cl\/wp-content\/uploads\/2024\/07\/Foto-2-748x420.jpg 748w, https:\/\/web.molina.cl\/wp-content\/uploads\/2024\/07\/Foto-2-696x391.jpg 696w, https:\/\/web.molina.cl\/wp-content\/uploads\/2024\/07\/Foto-2-1068x600.jpg 1068w, https:\/\/web.molina.cl\/wp-content\/uploads\/2024\/07\/Foto-2-1920x1078.jpg 1920w\" sizes=\"(max-width: 1024px) 100vw, 1024px\" \/><\/figure>\n","protected":false},"excerpt":{"rendered":"<p>El equipo municipal de Salud de Molina comparti\u00f3 sus conocimientos y experiencias con los profesionales de la Regi\u00f3n de O\u2019Higgins tras la exitosa aplicaci\u00f3n de los test de aire espirado. Mostrando los buenos resultados obtenidos en materia preventiva, el equipo municipal de Salud de Molina recibi\u00f3 a una delegaci\u00f3n procedente de Paredones para socializar su [&hellip;]<\/p>\n","protected":false},"author":2,"featured_media":65687,"comment_status":"closed","ping_status":"open","sticky":false,"template":"","format":"standard","meta":{"footnotes":""},"categories":[7],"tags":[84,3436],"_links":{"self":[{"href":"https:\/\/web.molina.cl\/index.php?rest_route=\/wp\/v2\/posts\/65686"}],"collection":[{"href":"https:\/\/web.molina.cl\/index.php?rest_route=\/wp\/v2\/posts"}],"about":[{"href":"https:\/\/web.molina.cl\/index.php?rest_route=\/wp\/v2\/types\/post"}],"author":[{"embeddable":true,"href":"https:\/\/web.molina.cl\/index.php?rest_route=\/wp\/v2\/users\/2"}],"replies":[{"embeddable":true,"href":"https:\/\/web.molina.cl\/index.php?rest_route=%2Fwp%2Fv2%2Fcomments&post=65686"}],"version-history":[{"count":1,"href":"https:\/\/web.molina.cl\/index.php?rest_route=\/wp\/v2\/posts\/65686\/revisions"}],"predecessor-version":[{"id":65689,"href":"https:\/\/web.molina.cl\/index.php?rest_route=\/wp\/v2\/posts\/65686\/revisions\/65689"}],"wp:featuredmedia":[{"embeddable":true,"href":"https:\/\/web.molina.cl\/index.php?rest_route=\/wp\/v2\/media\/65687"}],"wp:attachment":[{"href":"https:\/\/web.molina.cl\/index.php?rest_route=%2Fwp%2Fv2%2Fmedia&parent=65686"}],"wp:term":[{"taxonomy":"category","embeddable":true,"href":"https:\/\/web.molina.cl\/index.php?rest_route=%2Fwp%2Fv2%2Fcategories&post=65686"},{"taxonomy":"post_tag","embeddable":true,"href":"https:\/\/web.molina.cl\/index.php?rest_route=%2Fwp%2Fv2%2Ftags&post=65686"}],"curies":[{"name":"wp","href":"https:\/\/api.w.org\/{rel}","templated":true}]}}