{"id":6239,"date":"2015-12-16T17:30:18","date_gmt":"2015-12-16T20:30:18","guid":{"rendered":"http:\/\/web.molina.cl\/?p=6239"},"modified":"2020-11-24T12:50:02","modified_gmt":"2020-11-24T16:50:02","slug":"tercer-encuentro-de-coros-infantiles-esperando-la-navidad","status":"publish","type":"post","link":"https:\/\/web.molina.cl\/?p=6239","title":{"rendered":"Tercer Encuentro de Coros Infantiles \u00abEsperando la Navidad\u00bb"},"content":{"rendered":"<p>Se realiz\u00f3 en la plaza de Molina, el Tercer Encuentro Coros Infantiles. En la ocasi\u00f3n, cada curso prepar\u00f3 una presentaci\u00f3n de villancicos y cantos infantiles navide\u00f1os.&nbsp;<!--more--><\/p>\n<div><\/div>\n<div><strong>Los participantes fueron los siguientes:&nbsp;<\/strong><\/div>\n<div><\/div>\n<div>\n<div>Jardines Infantiles VTF: Estrellita, Trencito de mis Tesoros, Trigalitos, Las Hormiguitas, Mi Peque\u00f1o Refugio, Arcoiris, Eluney.<\/div>\n<div><\/div>\n<div>Escuela Esperanza , taller danza Cerrillo Bascu\u00f1\u00e1n y We epur\u00fan.<\/div>\n<div><\/div>\n<div>El equipo organizador Jardines VTF, agradece la colaboraci\u00f3n de los siguientes, para los regalos navide\u00f1os: Centro Odontol\u00f3gico Burckhardt, Agr\u00edcola Garces, Curic\u00f3 Libros.<\/div>\n<div><\/div>\n<div>\n\n<\/div>\n<\/div>\n","protected":false},"excerpt":{"rendered":"<p>Se realiz\u00f3 en la plaza de Molina, el Tercer Encuentro Coros Infantiles. En la ocasi\u00f3n, cada curso prepar\u00f3 una presentaci\u00f3n de villancicos y cantos infantiles navide\u00f1os.&nbsp;<\/p>\n","protected":false},"author":1,"featured_media":6240,"comment_status":"open","ping_status":"open","sticky":false,"template":"","format":"standard","meta":{"footnotes":""},"categories":[2,4,5,16,64],"tags":[837,704,838,839,711,366,713,840,718,724,841,733,120,842],"_links":{"self":[{"href":"https:\/\/web.molina.cl\/index.php?rest_route=\/wp\/v2\/posts\/6239"}],"collection":[{"href":"https:\/\/web.molina.cl\/index.php?rest_route=\/wp\/v2\/posts"}],"about":[{"href":"https:\/\/web.molina.cl\/index.php?rest_route=\/wp\/v2\/types\/post"}],"author":[{"embeddable":true,"href":"https:\/\/web.molina.cl\/index.php?rest_route=\/wp\/v2\/users\/1"}],"replies":[{"embeddable":true,"href":"https:\/\/web.molina.cl\/index.php?rest_route=%2Fwp%2Fv2%2Fcomments&post=6239"}],"version-history":[{"count":1,"href":"https:\/\/web.molina.cl\/index.php?rest_route=\/wp\/v2\/posts\/6239\/revisions"}],"predecessor-version":[{"id":42705,"href":"https:\/\/web.molina.cl\/index.php?rest_route=\/wp\/v2\/posts\/6239\/revisions\/42705"}],"wp:featuredmedia":[{"embeddable":true,"href":"https:\/\/web.molina.cl\/index.php?rest_route=\/"}],"wp:attachment":[{"href":"https:\/\/web.molina.cl\/index.php?rest_route=%2Fwp%2Fv2%2Fmedia&parent=6239"}],"wp:term":[{"taxonomy":"category","embeddable":true,"href":"https:\/\/web.molina.cl\/index.php?rest_route=%2Fwp%2Fv2%2Fcategories&post=6239"},{"taxonomy":"post_tag","embeddable":true,"href":"https:\/\/web.molina.cl\/index.php?rest_route=%2Fwp%2Fv2%2Ftags&post=6239"}],"curies":[{"name":"wp","href":"https:\/\/api.w.org\/{rel}","templated":true}]}}