{"id":60038,"date":"2023-10-12T12:01:01","date_gmt":"2023-10-12T16:01:01","guid":{"rendered":"https:\/\/web.molina.cl\/?p=60038"},"modified":"2023-10-12T12:01:04","modified_gmt":"2023-10-12T16:01:04","slug":"reinauguran-patrimonial-plaza-san-bonifacio-de-lontue","status":"publish","type":"post","link":"https:\/\/web.molina.cl\/?p=60038","title":{"rendered":"Reinauguran patrimonial plaza San Bonifacio de Lontu\u00e9"},"content":{"rendered":"\n<p align=\"justify\">Las obras se ejecutaron gracias a un proyecto dise\u00f1ado por el municipio de Molina y financiado por la Subsecretar\u00eda de Desarrollo Regional (Subdere).<\/p>\n\n\n\n<p align=\"justify\">Un inmejorable espacio comunitario fue entregado a los vecinos de Lontu\u00e9, con la reinauguraci\u00f3n de la plaza San Bonifacio.<\/p>\n\n\n\n<p align=\"justify\">El lugar tuvo un completo cambio de cara gracias a un proyecto dise\u00f1ado por el municipio y que contempl\u00f3 la instalaci\u00f3n de un moderno y c\u00f3modo mobiliario, \u00e1reas verdes, especies arb\u00f3reas y papeleros.<\/p>\n\n\n\n<p align=\"justify\">Adem\u00e1s, la arquitectura combina con el estilo patrimonial de todo el sector, teniendo en cuenta que se encuentra entre la parroquia y la Escuela Eduardo Frei Montalva, raz\u00f3n por la que tambi\u00e9n se espera una gran afluencia de p\u00fablico en sus inmediaciones.<\/p>\n\n\n\n<p><strong>OBRAS EN LONTU\u00c9<\/strong><\/p>\n\n\n\n<p align=\"justify\">Destacando que la plaza San Bonifacio \u201ces parte de la identidad de Lontu\u00e9\u201d, la alcaldesa de Molina, Priscilla Castillo, hizo un llamado \u201ca la gente a cuidarla, ocuparla y no entregar este espacio a la delincuencia\u201d.<\/p>\n\n\n\n<p align=\"justify\">Tras compartir con los vecinos durante la ceremonia de inauguraci\u00f3n, la jefa comunal declar\u00f3 que \u201cas\u00ed como ac\u00e1, estamos interviniendo varios espacios lontueninos, como los trabajos de remodelaci\u00f3n de la plaza Francisco Javier Correa, las veredas que estamos construyendo entre el paso bajo nivel y la villa Santa Amalia, o el Quiero Mi Barrio que parti\u00f3 en la villa Primavera. Lo que queremos es que Lontu\u00e9 tenga un mejor vivir\u201d.<\/p>\n\n\n\n<p><strong>FINANCIAMIENTO<\/strong><\/p>\n\n\n\n<p align=\"justify\">Para hacer realidad el proyecto, la Subsecretar\u00eda de Desarrollo Regional (Subdere) entreg\u00f3 financiamiento por m\u00e1s de 60 millones de pesos. El jefe regional de la entidad, Hugo Fuentes, ratific\u00f3 el compromiso del Gobierno central con la comuna al materializar este sue\u00f1o de los vecinos.<\/p>\n\n\n\n<p align=\"justify\">El profesional explic\u00f3 que \u201cla idea es no solo hermosearlo, sino que sea utilizado por la comunidad, los ni\u00f1os j\u00f3venes, adultos y personas mayores\u201d.<\/p>\n\n\n\n<p align=\"justify\">La plaza San Bonifacio se encuentra actualmente abierta no solo para quienes transitan a diario hacia la escuela del lugar o hacia la parroquia, sino que tambi\u00e9n para todos los lontueninos que ven ahora recuperado un espacio lleno de historia y patrimonio cultural.<\/p>\n\n\n\n<figure class=\"wp-block-gallery columns-2 is-cropped wp-block-gallery-1 is-layout-flex wp-block-gallery-is-layout-flex\"><ul class=\"blocks-gallery-grid\"><li class=\"blocks-gallery-item\"><figure><a href=\"https:\/\/web.molina.cl\/wp-content\/uploads\/2023\/10\/Foto-1-scaled.jpg\"><img loading=\"lazy\" decoding=\"async\" width=\"1024\" height=\"576\" src=\"https:\/\/web.molina.cl\/wp-content\/uploads\/2023\/10\/Foto-1-1024x576.jpg\" alt=\"\" data-id=\"60039\" data-full-url=\"https:\/\/web.molina.cl\/wp-content\/uploads\/2023\/10\/Foto-1-scaled.jpg\" data-link=\"https:\/\/web.molina.cl\/?attachment_id=60039\" class=\"wp-image-60039\" srcset=\"https:\/\/web.molina.cl\/wp-content\/uploads\/2023\/10\/Foto-1-1024x576.jpg 1024w, https:\/\/web.molina.cl\/wp-content\/uploads\/2023\/10\/Foto-1-300x169.jpg 300w, https:\/\/web.molina.cl\/wp-content\/uploads\/2023\/10\/Foto-1-768x432.jpg 768w, https:\/\/web.molina.cl\/wp-content\/uploads\/2023\/10\/Foto-1-1536x864.jpg 1536w, https:\/\/web.molina.cl\/wp-content\/uploads\/2023\/10\/Foto-1-2048x1152.jpg 2048w, https:\/\/web.molina.cl\/wp-content\/uploads\/2023\/10\/Foto-1-696x392.jpg 696w, https:\/\/web.molina.cl\/wp-content\/uploads\/2023\/10\/Foto-1-1068x601.jpg 1068w, https:\/\/web.molina.cl\/wp-content\/uploads\/2023\/10\/Foto-1-1920x1080.jpg 1920w, https:\/\/web.molina.cl\/wp-content\/uploads\/2023\/10\/Foto-1-747x420.jpg 747w\" sizes=\"(max-width: 1024px) 100vw, 1024px\" \/><\/a><\/figure><\/li><li class=\"blocks-gallery-item\"><figure><a href=\"https:\/\/web.molina.cl\/wp-content\/uploads\/2023\/10\/Foto-2-scaled.jpg\"><img loading=\"lazy\" decoding=\"async\" width=\"1024\" height=\"576\" src=\"https:\/\/web.molina.cl\/wp-content\/uploads\/2023\/10\/Foto-2-1024x576.jpg\" alt=\"\" data-id=\"60040\" data-full-url=\"https:\/\/web.molina.cl\/wp-content\/uploads\/2023\/10\/Foto-2-scaled.jpg\" data-link=\"https:\/\/web.molina.cl\/?attachment_id=60040\" class=\"wp-image-60040\" srcset=\"https:\/\/web.molina.cl\/wp-content\/uploads\/2023\/10\/Foto-2-1024x576.jpg 1024w, https:\/\/web.molina.cl\/wp-content\/uploads\/2023\/10\/Foto-2-300x169.jpg 300w, https:\/\/web.molina.cl\/wp-content\/uploads\/2023\/10\/Foto-2-768x432.jpg 768w, https:\/\/web.molina.cl\/wp-content\/uploads\/2023\/10\/Foto-2-1536x864.jpg 1536w, https:\/\/web.molina.cl\/wp-content\/uploads\/2023\/10\/Foto-2-2048x1152.jpg 2048w, https:\/\/web.molina.cl\/wp-content\/uploads\/2023\/10\/Foto-2-696x392.jpg 696w, https:\/\/web.molina.cl\/wp-content\/uploads\/2023\/10\/Foto-2-1068x601.jpg 1068w, https:\/\/web.molina.cl\/wp-content\/uploads\/2023\/10\/Foto-2-1920x1080.jpg 1920w, https:\/\/web.molina.cl\/wp-content\/uploads\/2023\/10\/Foto-2-747x420.jpg 747w\" sizes=\"(max-width: 1024px) 100vw, 1024px\" \/><\/a><\/figure><\/li><\/ul><\/figure>\n","protected":false},"excerpt":{"rendered":"<p>Las obras se ejecutaron gracias a un proyecto dise\u00f1ado por el municipio de Molina y financiado por la Subsecretar\u00eda de Desarrollo Regional (Subdere). Un inmejorable espacio comunitario fue entregado a los vecinos de Lontu\u00e9, con la reinauguraci\u00f3n de la plaza San Bonifacio. El lugar tuvo un completo cambio de cara gracias a un proyecto dise\u00f1ado [&hellip;]<\/p>\n","protected":false},"author":7,"featured_media":60039,"comment_status":"closed","ping_status":"open","sticky":false,"template":"","format":"standard","meta":{"footnotes":""},"categories":[3],"tags":[193,3495,2588,2033,533],"_links":{"self":[{"href":"https:\/\/web.molina.cl\/index.php?rest_route=\/wp\/v2\/posts\/60038"}],"collection":[{"href":"https:\/\/web.molina.cl\/index.php?rest_route=\/wp\/v2\/posts"}],"about":[{"href":"https:\/\/web.molina.cl\/index.php?rest_route=\/wp\/v2\/types\/post"}],"author":[{"embeddable":true,"href":"https:\/\/web.molina.cl\/index.php?rest_route=\/wp\/v2\/users\/7"}],"replies":[{"embeddable":true,"href":"https:\/\/web.molina.cl\/index.php?rest_route=%2Fwp%2Fv2%2Fcomments&post=60038"}],"version-history":[{"count":1,"href":"https:\/\/web.molina.cl\/index.php?rest_route=\/wp\/v2\/posts\/60038\/revisions"}],"predecessor-version":[{"id":60041,"href":"https:\/\/web.molina.cl\/index.php?rest_route=\/wp\/v2\/posts\/60038\/revisions\/60041"}],"wp:featuredmedia":[{"embeddable":true,"href":"https:\/\/web.molina.cl\/index.php?rest_route=\/wp\/v2\/media\/60039"}],"wp:attachment":[{"href":"https:\/\/web.molina.cl\/index.php?rest_route=%2Fwp%2Fv2%2Fmedia&parent=60038"}],"wp:term":[{"taxonomy":"category","embeddable":true,"href":"https:\/\/web.molina.cl\/index.php?rest_route=%2Fwp%2Fv2%2Fcategories&post=60038"},{"taxonomy":"post_tag","embeddable":true,"href":"https:\/\/web.molina.cl\/index.php?rest_route=%2Fwp%2Fv2%2Ftags&post=60038"}],"curies":[{"name":"wp","href":"https:\/\/api.w.org\/{rel}","templated":true}]}}