{"id":59877,"date":"2023-09-27T11:51:39","date_gmt":"2023-09-27T15:51:39","guid":{"rendered":"https:\/\/web.molina.cl\/?p=59877"},"modified":"2024-01-17T08:19:01","modified_gmt":"2024-01-17T12:19:01","slug":"aprueban-empresa-para-ansiado-proyecto-de-remodelacion-de-la-plaza-general-maturana-de-molina","status":"publish","type":"post","link":"https:\/\/web.molina.cl\/?p=59877","title":{"rendered":"Aprueban empresa para ansiado proyecto de remodelaci\u00f3n de la Plaza General Maturana de Molina"},"content":{"rendered":"\r\n<p align=\"justify\">La alcaldesa Priscilla Castillo anunci\u00f3 que ser\u00e1 la tercera plaza m\u00e1s importante de toda la comuna.<\/p>\r\n\r\n\r\n\r\n<p align=\"justify\">Tras m\u00e1s de siete a\u00f1os de espera, el proyecto de remodelaci\u00f3n de la Plaza Maturana de Molina por fin ver\u00e1 la luz, tras confirmarse la elecci\u00f3n de la empresa que edificar\u00e1 las obras.<\/p>\r\n\r\n\r\n\r\n<p align=\"justify\">As\u00ed lo indic\u00f3 la alcaldesa Priscilla Castillo, quien afirm\u00f3 que \u201cen los pr\u00f3ximos d\u00edas, se hace la entrega de terreno y comienza la construcci\u00f3n de lo que ser\u00e1 la tercera plaza m\u00e1s importante dentro de la comuna\u201d, siendo solo superada en importancia por las de Molina central y Lontu\u00e9.<\/p>\r\n\r\n\r\n\r\n<p><strong>LARGA ESPERA<\/strong><\/p>\r\n\r\n\r\n\r\n<p align=\"justify\">El proyecto fue dise\u00f1ado por el municipio, pero para su ejecuci\u00f3n, el Servicio de Vivienda y Urbanismo (Serviu) entreg\u00f3 cerca de 1.600 millones de pesos, eligiendo mediante proceso de licitaci\u00f3n a la Constructora Araucaria.<\/p>\r\n\r\n\r\n\r\n<p align=\"justify\">El proceso para determinar a la empresa fue largo, ya que \u201cse hab\u00edan hecho varias licitaciones a trav\u00e9s del Minvu y menos mal que ahora se hicieron las gestiones, as\u00ed que agradecemos tanto a los profesionales del Ministerio como al equipo municipal\u201d, explic\u00f3 la alcaldesa Priscilla Castillo.<\/p>\r\n\r\n\r\n\r\n<p align=\"justify\">Por tal motivo, la jefa comunal no escondi\u00f3 su entusiasmo, considerando que \u201cllev\u00e1bamos casi 8 a\u00f1os esperando este proyecto y ya no ten\u00edamos esperanza, pero gracias al trabajo constante result\u00f3\u201d.<\/p>\r\n\r\n\r\n\r\n<p><strong>MANTENDRAN \u00c1RBOLES ACTUALES<\/strong><\/p>\r\n\r\n\r\n\r\n<p align=\"justify\">Asimismo, la m\u00e1xima autoridad comunal destac\u00f3 que \u201cla plaza es completa, brindar\u00e1 espacios para distintos tipos de circulaci\u00f3n: para trotar, pasear en bicicleta, o hacer caminatas para los adultos mayores. Tiene todo lo necesario\u201d.<\/p>\r\n\r\n\r\n\r\n<p align=\"justify\">Adem\u00e1s, respondiendo a una de las mayores inquietudes de los residentes de lugar, la alcaldesa explic\u00f3 que \u201cuna de las consultas que m\u00e1s nos han hecho es qu\u00e9 va a pasar con los \u00e1rboles que hoy en d\u00eda existen y el proyecto considera que todos ellos se mantendr\u00e1n de forma permanente. Esto se sociabiliz\u00f3 con la comunidad, los vecinos dijeron qu\u00e9 era lo que quer\u00edan, as\u00ed que viene incluso con anfiteatro y pagoda\u201d.<\/p>\r\n\r\n\r\n\r\n<p align=\"justify\">Cabe destacar que la Plaza General Maturana debe su nombre a Marcos Segundo Maturana Molina, quien fue considerado un h\u00e9roe durante la Guerra del Pac\u00edfico y, tras su retiro de las fuerzas castrenses, fund\u00f3 el Museo Nacional de Pinturas; dejando as\u00ed un legado importante en materia cultural para el pa\u00eds.<\/p>\r\n\r\n\r\n\r\n<figure class=\"wp-block-image size-large td-caption-align-https:\/\/web.molina.cl\/wp-content\/uploads\/2023\/09\/Plaza-Maturana.jpeg\"><img loading=\"lazy\" decoding=\"async\" width=\"1024\" height=\"768\" src=\"https:\/\/web.molina.cl\/wp-content\/uploads\/2023\/09\/Plaza-Maturana-1024x768.jpeg\" alt=\"\" class=\"wp-image-59878\" srcset=\"https:\/\/web.molina.cl\/wp-content\/uploads\/2023\/09\/Plaza-Maturana-1024x768.jpeg 1024w, https:\/\/web.molina.cl\/wp-content\/uploads\/2023\/09\/Plaza-Maturana-300x225.jpeg 300w, https:\/\/web.molina.cl\/wp-content\/uploads\/2023\/09\/Plaza-Maturana-768x576.jpeg 768w, https:\/\/web.molina.cl\/wp-content\/uploads\/2023\/09\/Plaza-Maturana-1536x1152.jpeg 1536w, https:\/\/web.molina.cl\/wp-content\/uploads\/2023\/09\/Plaza-Maturana-696x522.jpeg 696w, https:\/\/web.molina.cl\/wp-content\/uploads\/2023\/09\/Plaza-Maturana-1068x801.jpeg 1068w, https:\/\/web.molina.cl\/wp-content\/uploads\/2023\/09\/Plaza-Maturana-560x420.jpeg 560w, https:\/\/web.molina.cl\/wp-content\/uploads\/2023\/09\/Plaza-Maturana-80x60.jpeg 80w, https:\/\/web.molina.cl\/wp-content\/uploads\/2023\/09\/Plaza-Maturana-265x198.jpeg 265w, https:\/\/web.molina.cl\/wp-content\/uploads\/2023\/09\/Plaza-Maturana.jpeg 1600w\" sizes=\"(max-width: 1024px) 100vw, 1024px\" \/><\/figure>\r\n","protected":false},"excerpt":{"rendered":"<p>La alcaldesa Priscilla Castillo anunci\u00f3 que ser\u00e1 la tercera plaza m\u00e1s importante de toda la comuna. Tras m\u00e1s de siete a\u00f1os de espera, el proyecto de remodelaci\u00f3n de la Plaza Maturana de Molina por fin ver\u00e1 la luz, tras confirmarse la elecci\u00f3n de la empresa que edificar\u00e1 las obras. As\u00ed lo indic\u00f3 la alcaldesa Priscilla [&hellip;]<\/p>\n","protected":false},"author":7,"featured_media":59878,"comment_status":"closed","ping_status":"open","sticky":false,"template":"","format":"standard","meta":{"footnotes":""},"categories":[3],"tags":[3493,52],"_links":{"self":[{"href":"https:\/\/web.molina.cl\/index.php?rest_route=\/wp\/v2\/posts\/59877"}],"collection":[{"href":"https:\/\/web.molina.cl\/index.php?rest_route=\/wp\/v2\/posts"}],"about":[{"href":"https:\/\/web.molina.cl\/index.php?rest_route=\/wp\/v2\/types\/post"}],"author":[{"embeddable":true,"href":"https:\/\/web.molina.cl\/index.php?rest_route=\/wp\/v2\/users\/7"}],"replies":[{"embeddable":true,"href":"https:\/\/web.molina.cl\/index.php?rest_route=%2Fwp%2Fv2%2Fcomments&post=59877"}],"version-history":[{"count":2,"href":"https:\/\/web.molina.cl\/index.php?rest_route=\/wp\/v2\/posts\/59877\/revisions"}],"predecessor-version":[{"id":62247,"href":"https:\/\/web.molina.cl\/index.php?rest_route=\/wp\/v2\/posts\/59877\/revisions\/62247"}],"wp:featuredmedia":[{"embeddable":true,"href":"https:\/\/web.molina.cl\/index.php?rest_route=\/wp\/v2\/media\/59878"}],"wp:attachment":[{"href":"https:\/\/web.molina.cl\/index.php?rest_route=%2Fwp%2Fv2%2Fmedia&parent=59877"}],"wp:term":[{"taxonomy":"category","embeddable":true,"href":"https:\/\/web.molina.cl\/index.php?rest_route=%2Fwp%2Fv2%2Fcategories&post=59877"},{"taxonomy":"post_tag","embeddable":true,"href":"https:\/\/web.molina.cl\/index.php?rest_route=%2Fwp%2Fv2%2Ftags&post=59877"}],"curies":[{"name":"wp","href":"https:\/\/api.w.org\/{rel}","templated":true}]}}