{"id":59469,"date":"2023-09-07T11:14:18","date_gmt":"2023-09-07T15:14:18","guid":{"rendered":"https:\/\/web.molina.cl\/?p=59469"},"modified":"2024-01-17T08:18:59","modified_gmt":"2024-01-17T12:18:59","slug":"porticos-lectores-de-patentes-de-molina-permitieron-recuperar-9-vehiculos-con-encargo-por-robo","status":"publish","type":"post","link":"https:\/\/web.molina.cl\/?p=59469","title":{"rendered":"P\u00f3rticos lectores de patentes de Molina permitieron recuperar 9 veh\u00edculos con encargo por robo"},"content":{"rendered":"\r\n<p align=\"justify\">La tecnolog\u00eda es empleada por el equipo municipal de la Direcci\u00f3n de Seguridad P\u00fablica, coordin\u00e1ndose con Carabineros para detener a los infractores de ley.<\/p>\r\n\r\n\r\n\r\n\r\n<p align=\"justify\">Resultados concretos es lo que muestra la puesta en marcha del sistema de p\u00f3rticos lectores de patentes en Molina, logrando detectar 9 autom\u00f3viles con encargo vigente por robo en la tur\u00edstica comuna.<\/p>\r\n\r\n\r\n\r\n<p align=\"justify\">Las cifras arrojan un positivo balance desde la implementaci\u00f3n de esta medida por parte del municipio, en junio de este a\u00f1o, especialmente si se compara con lo que ocurre en comunas como Las Condes, donde han logrado la detenci\u00f3n de 19 individuos desde pr\u00e1cticamente el mismo per\u00edodo.<\/p>\r\n\r\n\r\n\r\n<p><strong>COMPLETO SISTEMA<\/strong><\/p>\r\n\r\n\r\n\r\n<p align=\"justify\">Los procedimientos adoptados en tierras molinenses han sido posibles gracias a un trabajo mancomunado entre la Direcci\u00f3n de Seguridad P\u00fablica del municipio y la Cuarta Comisar\u00eda de Carabineros.<\/p>\r\n\r\n\r\n\r\n<p align=\"justify\">Actualmente, est\u00e1n operativos los p\u00f3rticos lectores de placas patentes en todos los accesos de la comuna, los que emiten una alerta a la central de televigilancia de forma instant\u00e1nea. De esta forma, los inspectores municipales son enviados a terreno, dotados tambi\u00e9n de lectores de patentes en tiempo real.<\/p>\r\n\r\n\r\n\r\n<p align=\"justify\">El sistema se complementa con la r\u00e1pida y oportuna presencial policial una vez que se confirma que un veh\u00edculo est\u00e1 circulando con encargo por robo. En el lugar, los inspectores hacen entrega de los individuos a Carabineros, lo que permite su detenci\u00f3n y posterior formalizaci\u00f3n por el delito de receptaci\u00f3n.<\/p>\r\n\r\n\r\n\r\n<p><strong>TRABAJO EN EQUIPO<\/strong><\/p>\r\n\r\n\r\n\r\n<p align=\"justify\">Tras analizar las cifras, la alcaldesa Priscilla Castillo se\u00f1al\u00f3 que \u201chemos venido realizando un trabajo sostenido, serio y responsable a trav\u00e9s de la Direcci\u00f3n de Seguridad P\u00fablica, monitoreando de forma permanente tanto los accesos de nuestra comuna como los rincones de los barrios para detectar oportunamente el accionar delictivo y brindar mayor sensaci\u00f3n de seguridad a nuestros vecinos\u201d.<\/p>\r\n\r\n\r\n\r\n<p align=\"justify\">Junto a ello, la autoridad tuvo palabras para \u201cagradecer a Carabineros por la buena coordinaci\u00f3n que est\u00e1n efectuando con nuestros inspectores municipales para sacar de las calles a estos veh\u00edculos con encargo por robo, los que por lo general se utilizan para perpetrar otros delitos. Otra muestra de esta exitosa labor conjunta son tambi\u00e9n las patrullas mixtas, que desde agosto est\u00e1n recorriendo todo Molina\u201d.<\/p>\r\n\r\n\r\n\r\n<figure class=\"wp-block-gallery columns-2 is-cropped wp-block-gallery-1 is-layout-flex wp-block-gallery-is-layout-flex\"><ul class=\"blocks-gallery-grid\"><li class=\"blocks-gallery-item\"><figure><a href=\"https:\/\/web.molina.cl\/wp-content\/uploads\/2023\/09\/Foto-2.jpeg\"><img loading=\"lazy\" decoding=\"async\" width=\"1024\" height=\"703\" src=\"https:\/\/web.molina.cl\/wp-content\/uploads\/2023\/09\/Foto-2-1024x703.jpeg\" alt=\"\" data-id=\"59471\" data-full-url=\"https:\/\/web.molina.cl\/wp-content\/uploads\/2023\/09\/Foto-2.jpeg\" data-link=\"https:\/\/web.molina.cl\/?attachment_id=59471\" class=\"wp-image-59471\" srcset=\"https:\/\/web.molina.cl\/wp-content\/uploads\/2023\/09\/Foto-2-1024x703.jpeg 1024w, https:\/\/web.molina.cl\/wp-content\/uploads\/2023\/09\/Foto-2-300x206.jpeg 300w, https:\/\/web.molina.cl\/wp-content\/uploads\/2023\/09\/Foto-2-768x527.jpeg 768w, https:\/\/web.molina.cl\/wp-content\/uploads\/2023\/09\/Foto-2-218x150.jpeg 218w, https:\/\/web.molina.cl\/wp-content\/uploads\/2023\/09\/Foto-2-696x478.jpeg 696w, https:\/\/web.molina.cl\/wp-content\/uploads\/2023\/09\/Foto-2-1068x733.jpeg 1068w, https:\/\/web.molina.cl\/wp-content\/uploads\/2023\/09\/Foto-2-612x420.jpeg 612w, https:\/\/web.molina.cl\/wp-content\/uploads\/2023\/09\/Foto-2-100x70.jpeg 100w, https:\/\/web.molina.cl\/wp-content\/uploads\/2023\/09\/Foto-2.jpeg 1220w\" sizes=\"(max-width: 1024px) 100vw, 1024px\" \/><\/a><\/figure><\/li><li class=\"blocks-gallery-item\"><figure><a href=\"https:\/\/web.molina.cl\/wp-content\/uploads\/2023\/09\/Foto-1.jpeg\"><img loading=\"lazy\" decoding=\"async\" width=\"1024\" height=\"640\" src=\"https:\/\/web.molina.cl\/wp-content\/uploads\/2023\/09\/Foto-1-1024x640.jpeg\" alt=\"\" data-id=\"59470\" data-full-url=\"https:\/\/web.molina.cl\/wp-content\/uploads\/2023\/09\/Foto-1.jpeg\" data-link=\"https:\/\/web.molina.cl\/?attachment_id=59470\" class=\"wp-image-59470\" srcset=\"https:\/\/web.molina.cl\/wp-content\/uploads\/2023\/09\/Foto-1-1024x640.jpeg 1024w, https:\/\/web.molina.cl\/wp-content\/uploads\/2023\/09\/Foto-1-300x188.jpeg 300w, https:\/\/web.molina.cl\/wp-content\/uploads\/2023\/09\/Foto-1-768x480.jpeg 768w, https:\/\/web.molina.cl\/wp-content\/uploads\/2023\/09\/Foto-1-696x435.jpeg 696w, https:\/\/web.molina.cl\/wp-content\/uploads\/2023\/09\/Foto-1-1068x668.jpeg 1068w, https:\/\/web.molina.cl\/wp-content\/uploads\/2023\/09\/Foto-1-672x420.jpeg 672w, https:\/\/web.molina.cl\/wp-content\/uploads\/2023\/09\/Foto-1.jpeg 1121w\" sizes=\"(max-width: 1024px) 100vw, 1024px\" \/><\/a><\/figure><\/li><\/ul><\/figure>\r\n","protected":false},"excerpt":{"rendered":"<p>La tecnolog\u00eda es empleada por el equipo municipal de la Direcci\u00f3n de Seguridad P\u00fablica, coordin\u00e1ndose con Carabineros para detener a los infractores de ley. Resultados concretos es lo que muestra la puesta en marcha del sistema de p\u00f3rticos lectores de patentes en Molina, logrando detectar 9 autom\u00f3viles con encargo vigente por robo en la tur\u00edstica [&hellip;]<\/p>\n","protected":false},"author":7,"featured_media":59471,"comment_status":"closed","ping_status":"open","sticky":false,"template":"","format":"standard","meta":{"footnotes":""},"categories":[47],"tags":[3490,52,3488,3489],"_links":{"self":[{"href":"https:\/\/web.molina.cl\/index.php?rest_route=\/wp\/v2\/posts\/59469"}],"collection":[{"href":"https:\/\/web.molina.cl\/index.php?rest_route=\/wp\/v2\/posts"}],"about":[{"href":"https:\/\/web.molina.cl\/index.php?rest_route=\/wp\/v2\/types\/post"}],"author":[{"embeddable":true,"href":"https:\/\/web.molina.cl\/index.php?rest_route=\/wp\/v2\/users\/7"}],"replies":[{"embeddable":true,"href":"https:\/\/web.molina.cl\/index.php?rest_route=%2Fwp%2Fv2%2Fcomments&post=59469"}],"version-history":[{"count":3,"href":"https:\/\/web.molina.cl\/index.php?rest_route=\/wp\/v2\/posts\/59469\/revisions"}],"predecessor-version":[{"id":62245,"href":"https:\/\/web.molina.cl\/index.php?rest_route=\/wp\/v2\/posts\/59469\/revisions\/62245"}],"wp:featuredmedia":[{"embeddable":true,"href":"https:\/\/web.molina.cl\/index.php?rest_route=\/wp\/v2\/media\/59471"}],"wp:attachment":[{"href":"https:\/\/web.molina.cl\/index.php?rest_route=%2Fwp%2Fv2%2Fmedia&parent=59469"}],"wp:term":[{"taxonomy":"category","embeddable":true,"href":"https:\/\/web.molina.cl\/index.php?rest_route=%2Fwp%2Fv2%2Fcategories&post=59469"},{"taxonomy":"post_tag","embeddable":true,"href":"https:\/\/web.molina.cl\/index.php?rest_route=%2Fwp%2Fv2%2Ftags&post=59469"}],"curies":[{"name":"wp","href":"https:\/\/api.w.org\/{rel}","templated":true}]}}