{"id":59334,"date":"2023-08-11T08:45:12","date_gmt":"2023-08-11T12:45:12","guid":{"rendered":"https:\/\/web.molina.cl\/?p=59334"},"modified":"2024-01-17T08:18:58","modified_gmt":"2024-01-17T12:18:58","slug":"municipio-de-molina-firma-convenio-con-carabineros-para-implementar-patrullas-mixtas","status":"publish","type":"post","link":"https:\/\/web.molina.cl\/?p=59334","title":{"rendered":"Municipio de Molina firma convenio con Carabineros para implementar Patrullas Mixtas"},"content":{"rendered":"\r\n<p><p align=\"justify\">La iniciativa se suma a la serie de proyectos implementados en la comuna, como la central de televigilancia, los p\u00f3rticos de monitoreo y el fono 1462, entre otros.<\/p><\/p>\r\n\r\n\r\n\r\n<p><p align=\"justify\">Con el objetivo de aumentar la sensaci\u00f3n de seguridad en la ciudadan\u00eda, el municipio de Molina suscribi\u00f3 un convenio de colaboraci\u00f3n con Carabineros de Chile, lo que permitir\u00e1 materializar las patrullas mixtas en la comuna.<\/p><\/p>\r\n\r\n\r\n\r\n<p><p align=\"justify\">La medida consiste en contar con un inspector municipal y un carabinero a bordo de los veh\u00edculos de patrullaje preventivo que efect\u00faan rondas por las poblaciones, efectuando as\u00ed un mayor control y fiscalizaci\u00f3n en terreno.<\/p><\/p>\r\n\r\n\r\n\r\n<p><strong>INCIVILIDADES<\/strong><\/p>\r\n\r\n\r\n\r\n<p><p align=\"justify\">Para la ceremonia, acudi\u00f3 la Jefa de la S\u00e9ptima Zona de Carabineros, General Berta Robles, quien se refiri\u00f3 al tipo de procedimientos que abordar\u00e1n los efectivos policiales, los cuales corresponden a las llamadas \u201cincivilidades\u201d.<\/p><\/p>\r\n\r\n\r\n\r\n<p><p align=\"justify\">\u201cGeneralmente, las incivilidades que uno ve como algo tan sencillo, provocan una importante sensaci\u00f3n de inseguridad en la comunidad, algo que corroboran las encuestas sobre la materia. Entonces, con estas patrullas mixtas podemos enfrentar los procedimientos que digan relaci\u00f3n con dichas incivilidades y as\u00ed acrecentar la sensaci\u00f3n de seguridad de los vecinos, al ver que se est\u00e1n atendiendo ese tipo de problemas\u201d, dijo la uniformada.<\/p><\/p>\r\n\r\n\r\n\r\n<p><p align=\"justify\">La m\u00e1xima autoridad policial del Maule a\u00f1adi\u00f3 que esta modalidad de trabajo permitir\u00e1 tambi\u00e9n \u201cdejar que el personal de Carabineros en sus veh\u00edculos policiales se dedique a atender aquellos delitos que atentan contra la propiedad o las personas y que no pueden ser abordados por los inspectores municipales. Con esto, aseguramos presencia en el territorio, mayor sensaci\u00f3n de seguridad y una atenci\u00f3n de mayor cantidad tanto de delitos como de incivilidades en el sector\u201d.<\/p><\/p>\r\n\r\n\r\n\r\n<p><strong>M\u00c1S SEGURIDAD<\/strong><\/p>\r\n\r\n\r\n\r\n<p><p align=\"justify\">Por su parte, la alcaldesa de Molina, Priscilla Castillo, agradeci\u00f3 al apoyo de la instituci\u00f3n de las carabinas cruzadas, expresando que \u201cestamos muy contentos de dar esta noticia a la comunidad y con la presencia de la primera mujer General de la S\u00e9ptima Zona de Carabineros, Berta Robles, todo un orgullo\u201d.<\/p><\/p>\r\n\r\n\r\n\r\n<p><p align=\"justify\">Sobre el convenio, la jefa comunal explic\u00f3 que \u201cpermite que en nuestras patrullas puedan andar no solo los inspectores municipales, sino que puedan trabajar con carabineros a bordo. Hoy, tenemos cuatro veh\u00edculos y en unos d\u00edas m\u00e1s nos llegan dos m\u00e1s, lo que se suma a la central de televigilancia con cerca de 220 c\u00e1maras que monitoreamos, junto a los 9 p\u00f3rticos que cercan la ciudad en sus diferentes accesos para detectar veh\u00edculos robados\u201d.<\/p><\/p>\r\n\r\n\r\n\r\n<p><p align=\"justify\">Por tal motivo, la alcaldesa record\u00f3 que \u201chay muchas iniciativas que estamos implementando usando la tecnolog\u00eda para ponerla al servicio de la comunidad. Por ejemplo, hace unos d\u00edas atr\u00e1s, lanzamos el tel\u00e9fono 1462 principalmente para situaciones que a Carabineros le dificulta abordar, como ruidos molestos, verter basura en lugares no habilitados, botar escombros o veh\u00edculos abandonados\u201d.<\/p><\/p>\r\n\r\n\r\n\r\n<figure class=\"wp-block-gallery columns-3 is-cropped wp-block-gallery-1 is-layout-flex wp-block-gallery-is-layout-flex\" style=\"margin-top:56px\"><ul class=\"blocks-gallery-grid\"><li class=\"blocks-gallery-item\"><figure><a href=\"https:\/\/web.molina.cl\/wp-content\/uploads\/2023\/08\/Foto-1-1-scaled.jpg\"><img loading=\"lazy\" decoding=\"async\" width=\"1024\" height=\"768\" src=\"https:\/\/web.molina.cl\/wp-content\/uploads\/2023\/08\/Foto-1-1-1024x768.jpg\" alt=\"\" data-id=\"59335\" data-full-url=\"https:\/\/web.molina.cl\/wp-content\/uploads\/2023\/08\/Foto-1-1-scaled.jpg\" data-link=\"https:\/\/web.molina.cl\/?attachment_id=59335\" class=\"wp-image-59335\" srcset=\"https:\/\/web.molina.cl\/wp-content\/uploads\/2023\/08\/Foto-1-1-1024x768.jpg 1024w, https:\/\/web.molina.cl\/wp-content\/uploads\/2023\/08\/Foto-1-1-300x225.jpg 300w, https:\/\/web.molina.cl\/wp-content\/uploads\/2023\/08\/Foto-1-1-768x576.jpg 768w, https:\/\/web.molina.cl\/wp-content\/uploads\/2023\/08\/Foto-1-1-1536x1152.jpg 1536w, https:\/\/web.molina.cl\/wp-content\/uploads\/2023\/08\/Foto-1-1-2048x1536.jpg 2048w, https:\/\/web.molina.cl\/wp-content\/uploads\/2023\/08\/Foto-1-1-696x522.jpg 696w, https:\/\/web.molina.cl\/wp-content\/uploads\/2023\/08\/Foto-1-1-1068x801.jpg 1068w, https:\/\/web.molina.cl\/wp-content\/uploads\/2023\/08\/Foto-1-1-1920x1440.jpg 1920w, https:\/\/web.molina.cl\/wp-content\/uploads\/2023\/08\/Foto-1-1-560x420.jpg 560w, https:\/\/web.molina.cl\/wp-content\/uploads\/2023\/08\/Foto-1-1-80x60.jpg 80w, https:\/\/web.molina.cl\/wp-content\/uploads\/2023\/08\/Foto-1-1-265x198.jpg 265w\" sizes=\"(max-width: 1024px) 100vw, 1024px\" \/><\/a><\/figure><\/li><li class=\"blocks-gallery-item\"><figure><a href=\"https:\/\/web.molina.cl\/wp-content\/uploads\/2023\/08\/Foto-2-1-scaled.jpg\"><img loading=\"lazy\" decoding=\"async\" width=\"1024\" height=\"768\" src=\"https:\/\/web.molina.cl\/wp-content\/uploads\/2023\/08\/Foto-2-1-1024x768.jpg\" alt=\"\" data-id=\"59336\" data-full-url=\"https:\/\/web.molina.cl\/wp-content\/uploads\/2023\/08\/Foto-2-1-scaled.jpg\" data-link=\"https:\/\/web.molina.cl\/?attachment_id=59336\" class=\"wp-image-59336\" srcset=\"https:\/\/web.molina.cl\/wp-content\/uploads\/2023\/08\/Foto-2-1-1024x768.jpg 1024w, https:\/\/web.molina.cl\/wp-content\/uploads\/2023\/08\/Foto-2-1-300x225.jpg 300w, https:\/\/web.molina.cl\/wp-content\/uploads\/2023\/08\/Foto-2-1-768x576.jpg 768w, https:\/\/web.molina.cl\/wp-content\/uploads\/2023\/08\/Foto-2-1-1536x1152.jpg 1536w, https:\/\/web.molina.cl\/wp-content\/uploads\/2023\/08\/Foto-2-1-2048x1536.jpg 2048w, https:\/\/web.molina.cl\/wp-content\/uploads\/2023\/08\/Foto-2-1-696x522.jpg 696w, https:\/\/web.molina.cl\/wp-content\/uploads\/2023\/08\/Foto-2-1-1068x801.jpg 1068w, https:\/\/web.molina.cl\/wp-content\/uploads\/2023\/08\/Foto-2-1-1920x1440.jpg 1920w, https:\/\/web.molina.cl\/wp-content\/uploads\/2023\/08\/Foto-2-1-560x420.jpg 560w, https:\/\/web.molina.cl\/wp-content\/uploads\/2023\/08\/Foto-2-1-80x60.jpg 80w, https:\/\/web.molina.cl\/wp-content\/uploads\/2023\/08\/Foto-2-1-265x198.jpg 265w\" sizes=\"(max-width: 1024px) 100vw, 1024px\" \/><\/a><\/figure><\/li><li class=\"blocks-gallery-item\"><figure><a href=\"https:\/\/web.molina.cl\/wp-content\/uploads\/2023\/08\/Foto-3-scaled.jpg\"><img loading=\"lazy\" decoding=\"async\" width=\"1024\" height=\"768\" src=\"https:\/\/web.molina.cl\/wp-content\/uploads\/2023\/08\/Foto-3-1024x768.jpg\" alt=\"\" data-id=\"59337\" data-full-url=\"https:\/\/web.molina.cl\/wp-content\/uploads\/2023\/08\/Foto-3-scaled.jpg\" data-link=\"https:\/\/web.molina.cl\/?attachment_id=59337\" class=\"wp-image-59337\" srcset=\"https:\/\/web.molina.cl\/wp-content\/uploads\/2023\/08\/Foto-3-1024x768.jpg 1024w, https:\/\/web.molina.cl\/wp-content\/uploads\/2023\/08\/Foto-3-300x225.jpg 300w, https:\/\/web.molina.cl\/wp-content\/uploads\/2023\/08\/Foto-3-768x576.jpg 768w, https:\/\/web.molina.cl\/wp-content\/uploads\/2023\/08\/Foto-3-1536x1152.jpg 1536w, https:\/\/web.molina.cl\/wp-content\/uploads\/2023\/08\/Foto-3-2048x1536.jpg 2048w, https:\/\/web.molina.cl\/wp-content\/uploads\/2023\/08\/Foto-3-696x522.jpg 696w, https:\/\/web.molina.cl\/wp-content\/uploads\/2023\/08\/Foto-3-1068x801.jpg 1068w, https:\/\/web.molina.cl\/wp-content\/uploads\/2023\/08\/Foto-3-1920x1440.jpg 1920w, https:\/\/web.molina.cl\/wp-content\/uploads\/2023\/08\/Foto-3-560x420.jpg 560w, https:\/\/web.molina.cl\/wp-content\/uploads\/2023\/08\/Foto-3-80x60.jpg 80w, https:\/\/web.molina.cl\/wp-content\/uploads\/2023\/08\/Foto-3-265x198.jpg 265w\" sizes=\"(max-width: 1024px) 100vw, 1024px\" \/><\/a><\/figure><\/li><\/ul><\/figure>\r\n","protected":false},"excerpt":{"rendered":"<p>La iniciativa se suma a la serie de proyectos implementados en la comuna, como la central de televigilancia, los p\u00f3rticos de monitoreo y el fono 1462, entre otros. Con el objetivo de aumentar la sensaci\u00f3n de seguridad en la ciudadan\u00eda, el municipio de Molina suscribi\u00f3 un convenio de colaboraci\u00f3n con Carabineros de Chile, lo que [&hellip;]<\/p>\n","protected":false},"author":7,"featured_media":59336,"comment_status":"closed","ping_status":"open","sticky":false,"template":"","format":"standard","meta":{"footnotes":""},"categories":[47,1],"tags":[3487,753,193,52,2951,3488,50],"_links":{"self":[{"href":"https:\/\/web.molina.cl\/index.php?rest_route=\/wp\/v2\/posts\/59334"}],"collection":[{"href":"https:\/\/web.molina.cl\/index.php?rest_route=\/wp\/v2\/posts"}],"about":[{"href":"https:\/\/web.molina.cl\/index.php?rest_route=\/wp\/v2\/types\/post"}],"author":[{"embeddable":true,"href":"https:\/\/web.molina.cl\/index.php?rest_route=\/wp\/v2\/users\/7"}],"replies":[{"embeddable":true,"href":"https:\/\/web.molina.cl\/index.php?rest_route=%2Fwp%2Fv2%2Fcomments&post=59334"}],"version-history":[{"count":3,"href":"https:\/\/web.molina.cl\/index.php?rest_route=\/wp\/v2\/posts\/59334\/revisions"}],"predecessor-version":[{"id":62244,"href":"https:\/\/web.molina.cl\/index.php?rest_route=\/wp\/v2\/posts\/59334\/revisions\/62244"}],"wp:featuredmedia":[{"embeddable":true,"href":"https:\/\/web.molina.cl\/index.php?rest_route=\/wp\/v2\/media\/59336"}],"wp:attachment":[{"href":"https:\/\/web.molina.cl\/index.php?rest_route=%2Fwp%2Fv2%2Fmedia&parent=59334"}],"wp:term":[{"taxonomy":"category","embeddable":true,"href":"https:\/\/web.molina.cl\/index.php?rest_route=%2Fwp%2Fv2%2Fcategories&post=59334"},{"taxonomy":"post_tag","embeddable":true,"href":"https:\/\/web.molina.cl\/index.php?rest_route=%2Fwp%2Fv2%2Ftags&post=59334"}],"curies":[{"name":"wp","href":"https:\/\/api.w.org\/{rel}","templated":true}]}}