{"id":58528,"date":"2023-07-10T17:16:49","date_gmt":"2023-07-10T21:16:49","guid":{"rendered":"https:\/\/web.molina.cl\/?p=58528"},"modified":"2024-01-17T08:18:50","modified_gmt":"2024-01-17T12:18:50","slug":"ninos-y-jovenes-de-lontue-accedieron-a-corte-de-cabello-gratuito","status":"publish","type":"post","link":"https:\/\/web.molina.cl\/?p=58528","title":{"rendered":"Ni\u00f1os y j\u00f3venes de Lontu\u00e9 accedieron a corte de cabello gratuito"},"content":{"rendered":"\r\n<p><em><strong>Se trata de una iniciativa financiada por el municipio de Molina para promover el comercio local y beneficiar a las familias durante las vacaciones de invierno.<\/strong><\/em><\/p>\r\n\r\n\r\n\r\n<p>Bajo el lema \u201cvuelve a clases con estilo\u201d, el municipio de Molina dispuso de un operativo de corte de cabello gratuito en el gimnasio de Lontu\u00e9.<\/p>\r\n\r\n\r\n\r\n<p>Pese a la lluvia sabatina, la jornada se llev\u00f3 a cabo con importante convocatoria de ni\u00f1os y j\u00f3venes que llegaron al recinto para recibir el beneficio entregado por peluqueros y estilistas de la propia ciudad, con financiamiento de la Direcci\u00f3n de Desarrollo Econ\u00f3mico Local (Didel).<\/p>\r\n\r\n\r\n\r\n<p><strong>IMPORTANTE AHORRO<\/strong><\/p>\r\n\r\n\r\n\r\n<p>Vecinos de diversas villas lontueninas acudieron al operativo con sus hijos, para adelantarse al retorno de las vacaciones de invierno y llegar con un corte de cabello nuevo a la sala de clases.<\/p>\r\n\r\n\r\n\r\n<p>Tal fue el caso de Mar\u00eda Jos\u00e9 Cisterna, residente de la poblaci\u00f3n Francisco Javier Correa, quien se\u00f1al\u00f3 que \u201ces una s\u00faper buena iniciativa, sobre todo porque es d\u00eda s\u00e1bado y lo hace m\u00e1s accesible a todas las personas, siendo tambi\u00e9n un ahorro de unos 5 mil pesos por ni\u00f1o\u201d.<\/p>\r\n\r\n\r\n\r\n<p>La usuaria tambi\u00e9n se refiri\u00f3 a la emoci\u00f3n que se genera en los menores, afirmando que \u201cmi hijo ya sab\u00eda, as\u00ed estaba entusiasmado y me preguntaba cu\u00e1nto faltaba. Lo bueno tambi\u00e9n es que son peluqueros de por aqu\u00ed, a quienes uno conoce\u201d.<\/p>\r\n\r\n\r\n\r\n<p><strong>EMPRENDEDORES LOCALES<\/strong><\/p>\r\n\r\n\r\n\r\n<p>Fue \u00e9ste, precisamente, uno de los aspectos que destacaron los peluqueros y estilistas del operativo: el llamado a emprendedores locales para la ocasi\u00f3n. As\u00ed lo explic\u00f3 Catherine Y\u00e9venes, quien indica que \u201ces una instancia s\u00faper buena, porque podemos darnos a conocer como rubro de la peluquer\u00eda y brindar un servicio a la gente que quiz\u00e1, en este momento, no tiene recursos econ\u00f3micos para llevar a sus tres o cuatro hijos. Creo que a todos los colegas les baja el flujo de gente, as\u00ed que la oportunidad es buena.\u201d<\/p>\r\n\r\n\r\n\r\n<figure class=\"wp-block-image size-large td-caption-align-https:\/\/web.molina.cl\/wp-content\/uploads\/2023\/07\/CORTE-DE-PELO-1.jpg\"><img loading=\"lazy\" decoding=\"async\" width=\"1024\" height=\"577\" src=\"https:\/\/web.molina.cl\/wp-content\/uploads\/2023\/07\/CORTE-DE-PELO-1-1024x577.jpg\" alt=\"\" class=\"wp-image-58530\" srcset=\"https:\/\/web.molina.cl\/wp-content\/uploads\/2023\/07\/CORTE-DE-PELO-1-1024x577.jpg 1024w, https:\/\/web.molina.cl\/wp-content\/uploads\/2023\/07\/CORTE-DE-PELO-1-300x169.jpg 300w, https:\/\/web.molina.cl\/wp-content\/uploads\/2023\/07\/CORTE-DE-PELO-1-768x433.jpg 768w, https:\/\/web.molina.cl\/wp-content\/uploads\/2023\/07\/CORTE-DE-PELO-1-696x392.jpg 696w, https:\/\/web.molina.cl\/wp-content\/uploads\/2023\/07\/CORTE-DE-PELO-1-1068x602.jpg 1068w, https:\/\/web.molina.cl\/wp-content\/uploads\/2023\/07\/CORTE-DE-PELO-1-746x420.jpg 746w, https:\/\/web.molina.cl\/wp-content\/uploads\/2023\/07\/CORTE-DE-PELO-1.jpg 1280w\" sizes=\"(max-width: 1024px) 100vw, 1024px\" \/><\/figure>\r\n\r\n\r\n\r\n<p>El programa obedece a una iniciativa municipal ejecutad a trav\u00e9s de la Direcci\u00f3n de Desarrollo Econ\u00f3mico Local (Didel). La directora de esta unidad, Margot Lueiza, se\u00f1al\u00f3 que \u201cel sentido que le quisimos dar a este programa que nos encomend\u00f3 la alcaldesa Priscilla Castillo es entregar una oportunidad a los estilistas y peluqueros de nuestra comuna, especialmente de Lontu\u00e9, promoviendo la actividad comercial\u201d. Para este s\u00e1bado se repetir\u00e1 el operativo de corte de cabello en el gimnasio de Molina, desde las 15:00 horas, contando con emprendedores de la comuna que atender\u00e1n de forma gratuita a la comunidad.<\/p>\r\n","protected":false},"excerpt":{"rendered":"<p>Se trata de una iniciativa financiada por el municipio de Molina para promover el comercio local y beneficiar a las familias durante las vacaciones de invierno. Bajo el lema \u201cvuelve a clases con estilo\u201d, el municipio de Molina dispuso de un operativo de corte de cabello gratuito en el gimnasio de Lontu\u00e9. Pese a la [&hellip;]<\/p>\n","protected":false},"author":1,"featured_media":58529,"comment_status":"closed","ping_status":"open","sticky":false,"template":"","format":"standard","meta":{"footnotes":""},"categories":[5,16,40,21],"tags":[3467,3466,3469,193,2187,3468,135],"_links":{"self":[{"href":"https:\/\/web.molina.cl\/index.php?rest_route=\/wp\/v2\/posts\/58528"}],"collection":[{"href":"https:\/\/web.molina.cl\/index.php?rest_route=\/wp\/v2\/posts"}],"about":[{"href":"https:\/\/web.molina.cl\/index.php?rest_route=\/wp\/v2\/types\/post"}],"author":[{"embeddable":true,"href":"https:\/\/web.molina.cl\/index.php?rest_route=\/wp\/v2\/users\/1"}],"replies":[{"embeddable":true,"href":"https:\/\/web.molina.cl\/index.php?rest_route=%2Fwp%2Fv2%2Fcomments&post=58528"}],"version-history":[{"count":2,"href":"https:\/\/web.molina.cl\/index.php?rest_route=\/wp\/v2\/posts\/58528\/revisions"}],"predecessor-version":[{"id":62236,"href":"https:\/\/web.molina.cl\/index.php?rest_route=\/wp\/v2\/posts\/58528\/revisions\/62236"}],"wp:featuredmedia":[{"embeddable":true,"href":"https:\/\/web.molina.cl\/index.php?rest_route=\/wp\/v2\/media\/58529"}],"wp:attachment":[{"href":"https:\/\/web.molina.cl\/index.php?rest_route=%2Fwp%2Fv2%2Fmedia&parent=58528"}],"wp:term":[{"taxonomy":"category","embeddable":true,"href":"https:\/\/web.molina.cl\/index.php?rest_route=%2Fwp%2Fv2%2Fcategories&post=58528"},{"taxonomy":"post_tag","embeddable":true,"href":"https:\/\/web.molina.cl\/index.php?rest_route=%2Fwp%2Fv2%2Ftags&post=58528"}],"curies":[{"name":"wp","href":"https:\/\/api.w.org\/{rel}","templated":true}]}}