{"id":58338,"date":"2023-07-03T17:04:30","date_gmt":"2023-07-03T21:04:30","guid":{"rendered":"https:\/\/web.molina.cl\/?p=58338"},"modified":"2024-01-17T08:18:48","modified_gmt":"2024-01-17T12:18:48","slug":"alcaldesa-priscilla-castillo-pide-a-ministros-bonos-para-agricultores-defensas-en-el-rio-lontue-y-critica-ineficiencia-y-burocracia-de-vialidad","status":"publish","type":"post","link":"https:\/\/web.molina.cl\/?p=58338","title":{"rendered":"Alcaldesa Priscilla Castillo pide a Ministros bonos para agricultores, defensas en el R\u00edo Lontu\u00e9 y critica \u201cineficiencia y burocracia\u201d de Vialidad"},"content":{"rendered":"\r\n<p align=\"justify\">La jefa comunal de Molina hizo sus descargos por las inundaciones del reciente sistema frontal en reuni\u00f3n con los titulares de Agricultura, Esteban Valenzuela, y de Desarrollo Social, Giorgio Jackson.<\/p>\r\n\r\n\r\n\r\n<p align=\"justify\">Con car\u00e1cter de urgencia, la alcaldesa de Molina, Priscilla Castillo, manifest\u00f3 su preocupaci\u00f3n por las consecuencias que dej\u00f3 el sistema frontal que azot\u00f3 a la zona y que dej\u00f3 a 30 familias damnificadas en su territorio.<\/p>\r\n\r\n\r\n\r\n<p align=\"justify\">La jefa comunal aprovech\u00f3 la reuni\u00f3n convocada por el Ministro de Agricultura, Esteban Valenzuela, junto a su par de Desarrollo Social, Giorgio Jackson, en Talca.<\/p>\r\n\r\n\r\n\r\n<p align=\"justify\">En la oportunidad, la autoridad molinense parti\u00f3 diciendo que \u201cen el antes de una emergencia, todav\u00eda tenemos mucho que avanzar\u201d, recordando que \u201cya est\u00e1 en vigencia la Ley 21.364, que obliga a partir del 7 de agosto tener la unidad de riesgo de desastre creada en los municipios. Como es habitual, el Parlamento hace leyes sin financiamiento y esto es un ejemplo, porque nos obliga a contratar el personal, pero sin viene recursos adicionales. Lo que nos interesa es que se vayan haciendo programas que nos ayuden a hacer prevenci\u00f3n\u201d.<\/p>\r\n\r\n\r\n\r\n<p><strong>RESPUESTA A LA EMERGENCIA<\/strong><\/p>\r\n\r\n\r\n\r\n<p align=\"justify\">Respecto a la situaci\u00f3n vivida en Molina, la alcaldesa se\u00f1al\u00f3 que \u201ctuvimos 30 viviendas inundadas, as\u00ed que agradecemos el bono de enseres, porque llega a la gente y ellos saben en qu\u00e9 lo gastan\u201d.<\/p>\r\n\r\n\r\n\r\n<p align=\"justify\">Sin embargo, tambi\u00e9n hizo ver que \u201cnecesitamos preparar a nuestra gente, porque cuando uno revisa la ficha FIBE y el Informe Alfa, se va dando cuenta de que los equipos cometen errores en la informaci\u00f3n; entonces, es importante hacer la capacitaci\u00f3n interna\u201d.<\/p>\r\n\r\n\r\n\r\n<p align=\"justify\">De igual manera, destac\u00f3 las viviendas de emergencia \u201cque entrega el Servicio Nacional de Prevenci\u00f3n y Respuesta ante Desastres (Senapred), porque son diferentes a las mediaguas comunes: vienen mucho m\u00e1s equipadas, con sistema el\u00e9ctrico y hasta ba\u00f1o\u201d.<\/p>\r\n\r\n\r\n\r\n<p><strong>ABANDONO DE VIALIDAD<\/strong><\/p>\r\n\r\n\r\n\r\n<p align=\"justify\">Uno de los puntos que m\u00e1s fuerza impuls\u00f3 Priscilla Castillo fue que \u201cla Direcci\u00f3n de Vialidad del MOP nos tiene botadas a todas las comunas de la Regi\u00f3n del Maule. No tenemos empresa global hace m\u00e1s de un a\u00f1o\u201d, afirm\u00f3 categ\u00f3ricamente la autoridad.<\/p>\r\n\r\n\r\n\r\n<p align=\"justify\">En la cita, la alcaldesa record\u00f3 que \u201cmandaron a una compa\u00f1\u00eda por unos 5 meses, que con suerte pasaba la m\u00e1quina, no instalaba se\u00f1al\u00e9ticas ni pod\u00eda instalar un puente; en definitiva, no sirvi\u00f3 para nada\u201d.<\/p>\r\n\r\n\r\n\r\n<p align=\"justify\">A juicio de la jefa comunal, \u201ceso es de una ineficiencia y burocracia que no merece la gente\u201d, reiterando que \u201cla respuesta de Vialidad es que tendremos que esperar un a\u00f1o m\u00e1s para tener reci\u00e9n un contrato\u201d.<\/p>\r\n\r\n\r\n\r\n<p align=\"justify\">De igual forma, agradeci\u00f3 la disposici\u00f3n de la Gobernadora Regional y el Consejo Regional, a\u00f1adiendo que \u201cnos gustar\u00eda que existiera un fondo que nos permita contratar maquinaria y materiales para arreglar nuestros caminos, ya que qued\u00f3 la escoba en los caminos vecinales\u201d.<\/p>\r\n\r\n\r\n\r\n<p><strong>BONO A LOS AGRICULTORES<\/strong><\/p>\r\n\r\n\r\n\r\n<p align=\"justify\">En Molina, el desborde de los r\u00edos Lontu\u00e9 y Claro afect\u00f3 a localidades como Carrizal, La Valdesina y El Toro. Sin embargo, la alcaldesa explica que tambi\u00e9n hay problemas con uno de los principales rubros productivos de la comuna.<\/p>\r\n\r\n\r\n\r\n<p align=\"justify\">\u201cEl da\u00f1o a la agricultura es tremendo y nuestros agricultores necesitan capital de trabajo. Por tanto, se necesita un bono para comprar semillas o arreglar terrenos. No basta solo condonar las deudas, sino que debemos darle alg\u00fan incentivo para que puedan salir de la tragedia\u201d, declar\u00f3.<\/p>\r\n\r\n\r\n\r\n<p><strong>DEFENSAS FLUVIALES<\/strong><\/p>\r\n\r\n\r\n\r\n<p align=\"justify\">Por \u00faltimo, Priscilla Castillo record\u00f3 a los presentes que \u201cen 1986, el R\u00edo Lontu\u00e9 dej\u00f3 el desastre m\u00e1s grande de nuestra historia. Esta vez, nos salvamos por obra y gracia de Dios, de que casi 15 mil lontueninos fueran damnificados\u201d.<\/p>\r\n\r\n\r\n\r\n<p align=\"justify\">Por tal motivo, insisti\u00f3 en que \u201cnecesitamos construir las defensas fluviales. Las de 1986 funcionan hasta hoy, pero tenemos actualmente problemas aguas abajo y es necesario construirlas para evitar un desastre. Estamos muy preocupados por las pr\u00f3ximas lluvias, porque el r\u00edo se puede salir en tres partes distintas\u201d.<\/p>\r\n\r\n\r\n\r\n<p align=\"justify\">De igual manera, la jefa comunal de Molina se\u00f1al\u00f3 que \u201ccomo Provincia de Curic\u00f3, necesitamos el embalse para Lontu\u00e9; porque si bien hoy hay mucha agua, tendremos sequ\u00eda en el verano. Nuestros agricultores est\u00e1n yendo al sur a sembrar, porque no hay agua\u201d.<\/p>\r\n","protected":false},"excerpt":{"rendered":"<p>La jefa comunal de Molina hizo sus descargos por las inundaciones del reciente sistema frontal en reuni\u00f3n con los titulares de Agricultura, Esteban Valenzuela, y de Desarrollo Social, Giorgio Jackson. Con car\u00e1cter de urgencia, la alcaldesa de Molina, Priscilla Castillo, manifest\u00f3 su preocupaci\u00f3n por las consecuencias que dej\u00f3 el sistema frontal que azot\u00f3 a la [&hellip;]<\/p>\n","protected":false},"author":7,"featured_media":58337,"comment_status":"closed","ping_status":"open","sticky":false,"template":"","format":"standard","meta":{"footnotes":""},"categories":[3],"tags":[3458,3457,3456,52,50,3459],"_links":{"self":[{"href":"https:\/\/web.molina.cl\/index.php?rest_route=\/wp\/v2\/posts\/58338"}],"collection":[{"href":"https:\/\/web.molina.cl\/index.php?rest_route=\/wp\/v2\/posts"}],"about":[{"href":"https:\/\/web.molina.cl\/index.php?rest_route=\/wp\/v2\/types\/post"}],"author":[{"embeddable":true,"href":"https:\/\/web.molina.cl\/index.php?rest_route=\/wp\/v2\/users\/7"}],"replies":[{"embeddable":true,"href":"https:\/\/web.molina.cl\/index.php?rest_route=%2Fwp%2Fv2%2Fcomments&post=58338"}],"version-history":[{"count":1,"href":"https:\/\/web.molina.cl\/index.php?rest_route=\/wp\/v2\/posts\/58338\/revisions"}],"predecessor-version":[{"id":58340,"href":"https:\/\/web.molina.cl\/index.php?rest_route=\/wp\/v2\/posts\/58338\/revisions\/58340"}],"wp:featuredmedia":[{"embeddable":true,"href":"https:\/\/web.molina.cl\/index.php?rest_route=\/wp\/v2\/media\/58337"}],"wp:attachment":[{"href":"https:\/\/web.molina.cl\/index.php?rest_route=%2Fwp%2Fv2%2Fmedia&parent=58338"}],"wp:term":[{"taxonomy":"category","embeddable":true,"href":"https:\/\/web.molina.cl\/index.php?rest_route=%2Fwp%2Fv2%2Fcategories&post=58338"},{"taxonomy":"post_tag","embeddable":true,"href":"https:\/\/web.molina.cl\/index.php?rest_route=%2Fwp%2Fv2%2Ftags&post=58338"}],"curies":[{"name":"wp","href":"https:\/\/api.w.org\/{rel}","templated":true}]}}