{"id":58276,"date":"2023-06-30T12:05:02","date_gmt":"2023-06-30T16:05:02","guid":{"rendered":"https:\/\/web.molina.cl\/?p=58276"},"modified":"2024-01-17T08:18:47","modified_gmt":"2024-01-17T12:18:47","slug":"alcaldesa-de-molina-exige-al-mop-instalar-defensas-fluviales-para-evitar-posibles-catastrofes-en-lontue","status":"publish","type":"post","link":"https:\/\/web.molina.cl\/?p=58276","title":{"rendered":"Alcaldesa de Molina exige al MOP instalar defensas fluviales para evitar posibles cat\u00e1strofes en Lontu\u00e9"},"content":{"rendered":"\r\n<p><strong><em>La autoridad trajo al equipo de la Direcci\u00f3n de Obras Hidr\u00e1ulicas (DOH) del MOP para recorrer en terreno los lugares donde se desbord\u00f3 el r\u00edo y acelerar las inversiones en el lugar.<\/em><\/strong><\/p>\r\n\r\n\r\n\r\n<p>Un fuerte llamado de atenci\u00f3n a las autoridades hizo la alcaldesa Priscilla Castillo, con motivo de la devastaci\u00f3n ocurrida en algunos sectores rurales de Molina durante el sistema frontal.<\/p>\r\n\r\n\r\n\r\n<p>De forma categ\u00f3rica, la alcaldesa se\u00f1al\u00f3 que \u201cestamos exigiendo al Gobierno y al Ministro de Obras P\u00fablicas que se construyan nuevas defensas en el R\u00edo Lontu\u00e9, espec\u00edficamente en la bocatoma del Estero Seco\u201d.<\/p>\r\n\r\n\r\n\r\n<p>La jefa comunal record\u00f3 que \u201cen 1986, Lontu\u00e9 tuvo una tremenda cat\u00e1strofe con la salida del r\u00edo\u201d, episodio que todav\u00eda se encuentra en la memoria colectiva de los habitantes de la ciudad.<\/p>\r\n\r\n\r\n\r\n<p>Con ello en mente, Castillo afirm\u00f3 que \u201cdespu\u00e9s de este temporal, la evidencia indica que el cauce se carg\u00f3 hacia el lado de Carrizal, Pirihu\u00edn y Lontu\u00e9. Tuvimos riesgo de que se rompieran las compuertas del Estero Seco y se produjera una inundaci\u00f3n\u201d.<\/p>\r\n\r\n\r\n\r\n<p><strong>VISITA EN TERRENO<\/strong><\/p>\r\n\r\n\r\n\r\n<p>Durante el fin de semana, localidades como Carrizal y La Valdesina sufrieron producto del desborde de los cursos de agua que ocasion\u00f3 anegamiento y p\u00e9rdida total de enseres en decenas de viviendas.<\/p>\r\n\r\n\r\n\r\n<p>Por tal motivo, la alcaldesa Priscilla Castillo invit\u00f3 al equipo de la Direcci\u00f3n de Obras Hidr\u00e1ulicas (DOH) a recorrer los puntos cr\u00edticos del R\u00edo Lontu\u00e9, \u201cpara ver d\u00f3nde se deber\u00eda construir el espig\u00f3n, pero necesitamos urgente que se hagan estos trabajos. Creemos que, si vendr\u00e1 una nueva crecida del r\u00edo, corremos mucho riesgo de que \u00e9ste desborde en Pirihu\u00edn, Carrizal y Lontu\u00e9\u201d.<\/p>\r\n\r\n\r\n\r\n<p>Tras visitar el terreno y conversar con lugare\u00f1os, el Director Regional de la DOH, H\u00e9ctor Manosalva, se\u00f1al\u00f3 que \u201cestamos en conversaciones con nuestro nivel central para definir las obras inmediatas de urgencia para toda la regi\u00f3n. \u00c9ste es un punto importante al que le daremos prioridad, para ojal\u00e1 la pr\u00f3xima semana poder estar con inversi\u00f3n en el lugar para evitar o mitigar futuras crecidas del r\u00edo. Para nosotros, es muy importante que todos los estamentos involucrados en una afectaci\u00f3n puedan estar coordinados y trabajando de manera conjunta, porque las municipalidades son los principales inspectores de sus terrenos\u201d.<\/p>\r\n\r\n\r\n\r\n<p><strong>JUNTA DE VIGILANCIA<\/strong><\/p>\r\n\r\n\r\n\r\n<p>Acompa\u00f1ando a las autoridades en el recorrido, la Encargada de Vinculaci\u00f3n de la Junta de Vigilancia del R\u00edo Lontu\u00e9, Catalina Castro, explic\u00f3 que \u201cesta crecida dej\u00f3 expuestos varios canales, como el R\u00edo Seco y Pirihu\u00edn. Efectivamente, se requiere proteger dichas zonas, porque un nuevo aumento de caudal puede ingresar por ah\u00ed eventualmente\u201d.<\/p>\r\n\r\n\r\n\r\n<p>Consultada sobre el comportamiento de las aguas durante las \u00faltimas horas, detall\u00f3 que \u201cse observa una baja importante del r\u00edo, que lleg\u00f3 a transportar 2500 cc con una altura de 5,5 metros en el puente El Yacal durante la emergencia. Sin embargo, el r\u00edo ha dejado en evidencia que cambi\u00f3 su curso, pues hoy en d\u00eda est\u00e1 m\u00e1s cargado hacia la ribera sur, que es donde est\u00e1 Molina\u201d.<\/p>\r\n\r\n\r\n\r\n<p>Por \u00faltimo, Castro indic\u00f3 que \u201csabemos que viene otro frente de mal tiempo, pero creemos que el r\u00edo es capaz de soportar el agua lluvia siempre que la isoterma cero se mantenga en los dos mil. Si vuelve a precipitar donde hay nieve, eso puede traer consecuencias negativas\u201d.<\/p>\r\n\r\n\r\n\r\n<figure class=\"wp-block-gallery columns-3 is-cropped wp-block-gallery-1 is-layout-flex wp-block-gallery-is-layout-flex\"><ul class=\"blocks-gallery-grid\"><li class=\"blocks-gallery-item\"><figure><a href=\"https:\/\/web.molina.cl\/wp-content\/uploads\/2023\/06\/Defensas-fluviales-1.jpeg\"><img loading=\"lazy\" decoding=\"async\" width=\"1024\" height=\"727\" src=\"https:\/\/web.molina.cl\/wp-content\/uploads\/2023\/06\/Defensas-fluviales-1-1024x727.jpeg\" alt=\"\" data-id=\"58277\" data-full-url=\"https:\/\/web.molina.cl\/wp-content\/uploads\/2023\/06\/Defensas-fluviales-1.jpeg\" data-link=\"https:\/\/web.molina.cl\/?attachment_id=58277\" class=\"wp-image-58277\" srcset=\"https:\/\/web.molina.cl\/wp-content\/uploads\/2023\/06\/Defensas-fluviales-1-1024x727.jpeg 1024w, https:\/\/web.molina.cl\/wp-content\/uploads\/2023\/06\/Defensas-fluviales-1-300x213.jpeg 300w, https:\/\/web.molina.cl\/wp-content\/uploads\/2023\/06\/Defensas-fluviales-1-768x545.jpeg 768w, https:\/\/web.molina.cl\/wp-content\/uploads\/2023\/06\/Defensas-fluviales-1-1536x1091.jpeg 1536w, https:\/\/web.molina.cl\/wp-content\/uploads\/2023\/06\/Defensas-fluviales-1-696x494.jpeg 696w, https:\/\/web.molina.cl\/wp-content\/uploads\/2023\/06\/Defensas-fluviales-1-1068x758.jpeg 1068w, https:\/\/web.molina.cl\/wp-content\/uploads\/2023\/06\/Defensas-fluviales-1-592x420.jpeg 592w, https:\/\/web.molina.cl\/wp-content\/uploads\/2023\/06\/Defensas-fluviales-1-100x70.jpeg 100w, https:\/\/web.molina.cl\/wp-content\/uploads\/2023\/06\/Defensas-fluviales-1.jpeg 1600w\" sizes=\"(max-width: 1024px) 100vw, 1024px\" \/><\/a><\/figure><\/li><li class=\"blocks-gallery-item\"><figure><a href=\"https:\/\/web.molina.cl\/wp-content\/uploads\/2023\/06\/Defensas-fluviales-3.jpeg\"><img loading=\"lazy\" decoding=\"async\" width=\"1024\" height=\"576\" src=\"https:\/\/web.molina.cl\/wp-content\/uploads\/2023\/06\/Defensas-fluviales-3-1024x576.jpeg\" alt=\"\" data-id=\"58279\" data-full-url=\"https:\/\/web.molina.cl\/wp-content\/uploads\/2023\/06\/Defensas-fluviales-3.jpeg\" data-link=\"https:\/\/web.molina.cl\/?attachment_id=58279\" class=\"wp-image-58279\" srcset=\"https:\/\/web.molina.cl\/wp-content\/uploads\/2023\/06\/Defensas-fluviales-3-1024x576.jpeg 1024w, https:\/\/web.molina.cl\/wp-content\/uploads\/2023\/06\/Defensas-fluviales-3-300x169.jpeg 300w, https:\/\/web.molina.cl\/wp-content\/uploads\/2023\/06\/Defensas-fluviales-3-768x432.jpeg 768w, https:\/\/web.molina.cl\/wp-content\/uploads\/2023\/06\/Defensas-fluviales-3-1536x864.jpeg 1536w, https:\/\/web.molina.cl\/wp-content\/uploads\/2023\/06\/Defensas-fluviales-3-696x392.jpeg 696w, https:\/\/web.molina.cl\/wp-content\/uploads\/2023\/06\/Defensas-fluviales-3-1068x601.jpeg 1068w, https:\/\/web.molina.cl\/wp-content\/uploads\/2023\/06\/Defensas-fluviales-3-747x420.jpeg 747w, https:\/\/web.molina.cl\/wp-content\/uploads\/2023\/06\/Defensas-fluviales-3.jpeg 1600w\" sizes=\"(max-width: 1024px) 100vw, 1024px\" \/><\/a><\/figure><\/li><li class=\"blocks-gallery-item\"><figure><a href=\"https:\/\/web.molina.cl\/wp-content\/uploads\/2023\/06\/Defensas-fluviales-2.jpeg\"><img loading=\"lazy\" decoding=\"async\" width=\"1024\" height=\"768\" src=\"https:\/\/web.molina.cl\/wp-content\/uploads\/2023\/06\/Defensas-fluviales-2-1024x768.jpeg\" alt=\"\" data-id=\"58278\" data-full-url=\"https:\/\/web.molina.cl\/wp-content\/uploads\/2023\/06\/Defensas-fluviales-2.jpeg\" data-link=\"https:\/\/web.molina.cl\/?attachment_id=58278\" class=\"wp-image-58278\" srcset=\"https:\/\/web.molina.cl\/wp-content\/uploads\/2023\/06\/Defensas-fluviales-2-1024x768.jpeg 1024w, https:\/\/web.molina.cl\/wp-content\/uploads\/2023\/06\/Defensas-fluviales-2-300x225.jpeg 300w, https:\/\/web.molina.cl\/wp-content\/uploads\/2023\/06\/Defensas-fluviales-2-768x576.jpeg 768w, https:\/\/web.molina.cl\/wp-content\/uploads\/2023\/06\/Defensas-fluviales-2-1536x1152.jpeg 1536w, https:\/\/web.molina.cl\/wp-content\/uploads\/2023\/06\/Defensas-fluviales-2-696x522.jpeg 696w, https:\/\/web.molina.cl\/wp-content\/uploads\/2023\/06\/Defensas-fluviales-2-1068x801.jpeg 1068w, https:\/\/web.molina.cl\/wp-content\/uploads\/2023\/06\/Defensas-fluviales-2-560x420.jpeg 560w, https:\/\/web.molina.cl\/wp-content\/uploads\/2023\/06\/Defensas-fluviales-2-80x60.jpeg 80w, https:\/\/web.molina.cl\/wp-content\/uploads\/2023\/06\/Defensas-fluviales-2-265x198.jpeg 265w, https:\/\/web.molina.cl\/wp-content\/uploads\/2023\/06\/Defensas-fluviales-2.jpeg 1600w\" sizes=\"(max-width: 1024px) 100vw, 1024px\" \/><\/a><\/figure><\/li><\/ul><\/figure>\r\n","protected":false},"excerpt":{"rendered":"<p>La autoridad trajo al equipo de la Direcci\u00f3n de Obras Hidr\u00e1ulicas (DOH) del MOP para recorrer en terreno los lugares donde se desbord\u00f3 el r\u00edo y acelerar las inversiones en el lugar. Un fuerte llamado de atenci\u00f3n a las autoridades hizo la alcaldesa Priscilla Castillo, con motivo de la devastaci\u00f3n ocurrida en algunos sectores rurales [&hellip;]<\/p>\n","protected":false},"author":1,"featured_media":58277,"comment_status":"closed","ping_status":"open","sticky":false,"template":"","format":"standard","meta":{"footnotes":""},"categories":[3249,44,21,1011,47],"tags":[3451,3454,3453,285,1657,3455,2732,3452,50,3450],"_links":{"self":[{"href":"https:\/\/web.molina.cl\/index.php?rest_route=\/wp\/v2\/posts\/58276"}],"collection":[{"href":"https:\/\/web.molina.cl\/index.php?rest_route=\/wp\/v2\/posts"}],"about":[{"href":"https:\/\/web.molina.cl\/index.php?rest_route=\/wp\/v2\/types\/post"}],"author":[{"embeddable":true,"href":"https:\/\/web.molina.cl\/index.php?rest_route=\/wp\/v2\/users\/1"}],"replies":[{"embeddable":true,"href":"https:\/\/web.molina.cl\/index.php?rest_route=%2Fwp%2Fv2%2Fcomments&post=58276"}],"version-history":[{"count":2,"href":"https:\/\/web.molina.cl\/index.php?rest_route=\/wp\/v2\/posts\/58276\/revisions"}],"predecessor-version":[{"id":62233,"href":"https:\/\/web.molina.cl\/index.php?rest_route=\/wp\/v2\/posts\/58276\/revisions\/62233"}],"wp:featuredmedia":[{"embeddable":true,"href":"https:\/\/web.molina.cl\/index.php?rest_route=\/wp\/v2\/media\/58277"}],"wp:attachment":[{"href":"https:\/\/web.molina.cl\/index.php?rest_route=%2Fwp%2Fv2%2Fmedia&parent=58276"}],"wp:term":[{"taxonomy":"category","embeddable":true,"href":"https:\/\/web.molina.cl\/index.php?rest_route=%2Fwp%2Fv2%2Fcategories&post=58276"},{"taxonomy":"post_tag","embeddable":true,"href":"https:\/\/web.molina.cl\/index.php?rest_route=%2Fwp%2Fv2%2Ftags&post=58276"}],"curies":[{"name":"wp","href":"https:\/\/api.w.org\/{rel}","templated":true}]}}