{"id":56123,"date":"2023-02-16T08:21:43","date_gmt":"2023-02-16T12:21:43","guid":{"rendered":"https:\/\/web.molina.cl\/?p=56123"},"modified":"2023-02-16T08:21:45","modified_gmt":"2023-02-16T12:21:45","slug":"molina-definio-las-ocho-canciones-que-buscaran-la-gloria-en-el-festival-folclorico-de-la-vendimia","status":"publish","type":"post","link":"https:\/\/web.molina.cl\/?p=56123","title":{"rendered":"Molina defini\u00f3 las ocho canciones que buscar\u00e1n la gloria en el Festival Folcl\u00f3rico de la Vendimia"},"content":{"rendered":"\n<p>El pr\u00f3ximo 10, 11 y 12 de marzo se realizar\u00e1 este tradicional evento cultural y art\u00edstico en el Estadio Municipal de Molina.<\/p>\n\n\n\n<p>Solo es cuesti\u00f3n de semanas para que se realice la versi\u00f3n XLV del Festival Folcl\u00f3rico de la Vendimia Molina 2023, que se desarrollar\u00e1 en el Estadio Municipal de la comuna los pr\u00f3ximos 10, 11 y 12 de marzo.<\/p>\n\n\n\n<p>En ese sentido, tras recibir m\u00e1s de 225 canciones de todo el pa\u00eds, la Ilustre Municipalidad de Molina dio a conocer a los ocho temas seleccionados que participar\u00e1n y buscar\u00e1n alzarse como el nuevo ganador de este tradicional evento art\u00edstico-cultural.<\/p>\n\n\n\n<p>\u201cLlegaron aproximadamente 250 canciones, que son in\u00e9ditas, de autores y compositores a lo largo de todo el pa\u00eds. Ya se seleccion\u00f3 a las ocho canciones en competencia; vienen personas de Melipilla, Santiago, Temuco y Puerto Montt, adem\u00e1s de la canci\u00f3n que representar\u00e1 a la comuna de Molina. Felicitamos a todos y esperamos con ansias la competencia folcl\u00f3rica\u201d, mencion\u00f3 la alcaldesa de la comuna, Priscilla Castillo.<\/p>\n\n\n\n<p>De esta manera, los temas seleccionados son: \u201cEl lamento de mi tierra\u201d de Catalina Cornejo Celed\u00f3n (Melipilla), \u201cCasarata\u201d de Danny Rodr\u00edguez G\u00f3mez (Santiago), \u201cLos ni\u00f1os de la madrugada\u201d de Agust\u00edn Mondaca Zamorano (Santiago), \u201cAmor de mis sue\u00f1os\u201d de Jos\u00e9 Calder\u00f3n Urz\u00faa (Santiago), \u201cLo prohibido\u201d de Javier Ch\u00e1vez (Temuco), \u201cNuevos cantos florecen\u201d de Jos\u00e9 Ch\u00e1vez Saldivia (Temuco), \u201cBreve resumen de las propiedades del vino\u201d de Adri\u00e1n Ojeda C\u00e1rdenas (Puerto Montt) y \u201cDios acompa\u00f1a mi marcha\u201d de Pablo Ibarra con Juan Carlos Rojas (Molina).<\/p>\n\n\n\n<p><strong>\u00bfQu\u00e9 prepara el Festival Folcl\u00f3rico?<\/strong><\/p>\n\n\n\n<p>Sumado a esto, la alcaldesa de Molina se\u00f1al\u00f3 que en los pr\u00f3ximos d\u00edas se realizar\u00e1 una conferencia de prensa para dar a conocer los artistas que ser\u00e1n parte de este Festival, como tambi\u00e9n los humoristas y todos los detalles que contempla esta tradicional fiesta comunal.<\/p>\n\n\n\n<p>\u201cTendremos una gran variedad de stand: de vinos, de artesan\u00edas, una muestra de cervezas, un amplio patio de comida. Adem\u00e1s, vamos a tener la \u2018pisada de uvas\u2019, actividad que tiene como objetivo que la familia pueda vivir una experiencia inolvidable. Con relaci\u00f3n a los artistas, este s\u00e1bado 18 de febrero vamos a tener las novedades de cu\u00e1les vendr\u00e1n al Festival, pero podemos adelantar que tendremos artistas para j\u00f3venes, para adultos y para la gente que gusta del folclore\u201d, sentenci\u00f3 la m\u00e1xima autoridad de Molina.<\/p>\n\n\n\n<figure class=\"wp-block-gallery columns-2 is-cropped wp-block-gallery-1 is-layout-flex wp-block-gallery-is-layout-flex\"><ul class=\"blocks-gallery-grid\"><li class=\"blocks-gallery-item\"><figure><img loading=\"lazy\" decoding=\"async\" width=\"1024\" height=\"700\" src=\"https:\/\/web.molina.cl\/wp-content\/uploads\/2023\/02\/FOTO-1.jpeg\" alt=\"\" data-id=\"56124\" data-full-url=\"https:\/\/web.molina.cl\/wp-content\/uploads\/2023\/02\/FOTO-1.jpeg\" data-link=\"https:\/\/web.molina.cl\/?attachment_id=56124\" class=\"wp-image-56124\" srcset=\"https:\/\/web.molina.cl\/wp-content\/uploads\/2023\/02\/FOTO-1.jpeg 1024w, https:\/\/web.molina.cl\/wp-content\/uploads\/2023\/02\/FOTO-1-300x205.jpeg 300w, https:\/\/web.molina.cl\/wp-content\/uploads\/2023\/02\/FOTO-1-768x525.jpeg 768w, https:\/\/web.molina.cl\/wp-content\/uploads\/2023\/02\/FOTO-1-218x150.jpeg 218w, https:\/\/web.molina.cl\/wp-content\/uploads\/2023\/02\/FOTO-1-696x476.jpeg 696w, https:\/\/web.molina.cl\/wp-content\/uploads\/2023\/02\/FOTO-1-614x420.jpeg 614w\" sizes=\"(max-width: 1024px) 100vw, 1024px\" \/><\/figure><\/li><li class=\"blocks-gallery-item\"><figure><img loading=\"lazy\" decoding=\"async\" width=\"608\" height=\"610\" src=\"https:\/\/web.molina.cl\/wp-content\/uploads\/2023\/02\/FOTO-2.png\" alt=\"\" data-id=\"56125\" data-full-url=\"https:\/\/web.molina.cl\/wp-content\/uploads\/2023\/02\/FOTO-2.png\" data-link=\"https:\/\/web.molina.cl\/?attachment_id=56125\" class=\"wp-image-56125\" srcset=\"https:\/\/web.molina.cl\/wp-content\/uploads\/2023\/02\/FOTO-2.png 608w, https:\/\/web.molina.cl\/wp-content\/uploads\/2023\/02\/FOTO-2-300x300.png 300w, https:\/\/web.molina.cl\/wp-content\/uploads\/2023\/02\/FOTO-2-150x150.png 150w, https:\/\/web.molina.cl\/wp-content\/uploads\/2023\/02\/FOTO-2-419x420.png 419w\" sizes=\"(max-width: 608px) 100vw, 608px\" \/><\/figure><\/li><\/ul><\/figure>\n","protected":false},"excerpt":{"rendered":"<p>El pr\u00f3ximo 10, 11 y 12 de marzo se realizar\u00e1 este tradicional evento cultural y art\u00edstico en el Estadio Municipal de Molina. Solo es cuesti\u00f3n de semanas para que se realice la versi\u00f3n XLV del Festival Folcl\u00f3rico de la Vendimia Molina 2023, que se desarrollar\u00e1 en el Estadio Municipal de la comuna los pr\u00f3ximos 10, [&hellip;]<\/p>\n","protected":false},"author":7,"featured_media":56124,"comment_status":"closed","ping_status":"open","sticky":false,"template":"","format":"standard","meta":{"footnotes":""},"categories":[3],"tags":[52,50,3425],"_links":{"self":[{"href":"https:\/\/web.molina.cl\/index.php?rest_route=\/wp\/v2\/posts\/56123"}],"collection":[{"href":"https:\/\/web.molina.cl\/index.php?rest_route=\/wp\/v2\/posts"}],"about":[{"href":"https:\/\/web.molina.cl\/index.php?rest_route=\/wp\/v2\/types\/post"}],"author":[{"embeddable":true,"href":"https:\/\/web.molina.cl\/index.php?rest_route=\/wp\/v2\/users\/7"}],"replies":[{"embeddable":true,"href":"https:\/\/web.molina.cl\/index.php?rest_route=%2Fwp%2Fv2%2Fcomments&post=56123"}],"version-history":[{"count":1,"href":"https:\/\/web.molina.cl\/index.php?rest_route=\/wp\/v2\/posts\/56123\/revisions"}],"predecessor-version":[{"id":56126,"href":"https:\/\/web.molina.cl\/index.php?rest_route=\/wp\/v2\/posts\/56123\/revisions\/56126"}],"wp:featuredmedia":[{"embeddable":true,"href":"https:\/\/web.molina.cl\/index.php?rest_route=\/wp\/v2\/media\/56124"}],"wp:attachment":[{"href":"https:\/\/web.molina.cl\/index.php?rest_route=%2Fwp%2Fv2%2Fmedia&parent=56123"}],"wp:term":[{"taxonomy":"category","embeddable":true,"href":"https:\/\/web.molina.cl\/index.php?rest_route=%2Fwp%2Fv2%2Fcategories&post=56123"},{"taxonomy":"post_tag","embeddable":true,"href":"https:\/\/web.molina.cl\/index.php?rest_route=%2Fwp%2Fv2%2Ftags&post=56123"}],"curies":[{"name":"wp","href":"https:\/\/api.w.org\/{rel}","templated":true}]}}