{"id":55258,"date":"2023-01-04T12:56:32","date_gmt":"2023-01-04T16:56:32","guid":{"rendered":"https:\/\/web.molina.cl\/?p=55258"},"modified":"2023-06-29T13:25:16","modified_gmt":"2023-06-29T17:25:16","slug":"alcaldesa-priscilla-castillo-pide-mas-regulacion-para-evitar-incendios-forestales-ante-comision-de-emergencias-del-congreso","status":"publish","type":"post","link":"https:\/\/web.molina.cl\/?p=55258","title":{"rendered":"Alcaldesa Priscilla Castillo pide m\u00e1s regulaci\u00f3n para evitar incendios forestales ante Comisi\u00f3n de Emergencias del Congreso"},"content":{"rendered":"\r\n<p align=\"justify\">La jefa comunal tambi\u00e9n llam\u00f3 a modificar las leyes, recordando que los responsables de provocar el mega-incendio de Agua Fr\u00eda se encuentran en libertad pese a haber sido declarados culpables.<\/p>\r\n\r\n\r\n\r\n<p align=\"justify\">Un importante llamado de atenci\u00f3n a la clase pol\u00edtica hizo la alcaldesa de Molina, Priscilla Castillo, durante la \u00faltima sesi\u00f3n de la Comisi\u00f3n de Emergencia, Desastres y Bomberos de la C\u00e1mara de Diputadas y Diputados.<\/p>\r\n\r\n\r\n\r\n<p align=\"justify\">En la oportunidad, la autoridad record\u00f3 la necesidad de modificar las leyes que sancionan a quienes causan deliberadamente incendios, como fue el caso del gigantesco siniestro del a\u00f1o 2020, denominado \u201cAgua Fr\u00eda\u201d.<\/p>\r\n\r\n\r\n\r\n<p><strong>CULPABLES PERO LIBRES<\/strong><\/p>\r\n\r\n\r\n\r\n<p align=\"justify\">En la Comisi\u00f3n, la jefa comunal lament\u00f3 profundamente que los individuos sentenciados como culpables por los Tribunales de Justicia, finalmente no cumplieron penas de c\u00e1rcel y actualmente se encuentran incre\u00edblemente en libertad.<\/p>\r\n\r\n\r\n\r\n<p align=\"justify\">\u201cEn el tema judicial tenemos p\u00e9simas experiencias, porque en el incendio de 15 mil hect\u00e1reas quemadas en el a\u00f1o 2020 se hicieron las denuncias respectivas y hubo un espectacular trabajo de la PDI junto a Carabineros, determinando que una brigada de Conaf provoc\u00f3 cinco incendios distintos de forma intencional en d\u00edas diferentes; causando el incendio mayor de 15 mil hect\u00e1reas\u201d, parti\u00f3 diciendo la alcaldesa.<\/p>\r\n\r\n\r\n\r\n<p align=\"justify\">Sin embargo, la autoridad a\u00f1adi\u00f3 que\u201csi ustedes me preguntan d\u00f3nde est\u00e1n los responsables, hoy est\u00e1n felices y contentos en sus casas, haciendo una vida absolutamente normal. Lo que me llam\u00f3 profundamente la atenci\u00f3n de ese proceso judicial, es que el juez no consider\u00f3 a estos cinco incendios como reiteraci\u00f3n, sino que los abord\u00f3 como un incendio\u201d.<\/p>\r\n\r\n\r\n\r\n<p><strong>FALTA MANTENCI\u00d3N Y REGULACI\u00d3N<\/strong><\/p>\r\n\r\n\r\n\r\n<p align=\"justify\">De igual manera, Priscilla Castillo detall\u00f3 que, en el \u00faltimo incendio ocurrido en noviembre de 2022 y que consumi\u00f3 3.600 hect\u00e1reas de vegetaci\u00f3n, se cont\u00f3 con una r\u00e1pida respuesta tanto de las brigadas de Conaf como del equipo de Onemi tras los aprendizajes de los anteriores siniestros.<\/p>\r\n\r\n\r\n\r\n<p align=\"justify\">No obstante lo anterior, a juicio de la autoridad, \u201ccreemos que la CGE no hace la mantenci\u00f3n que corresponde. Es cuesti\u00f3n de subirse un veh\u00edculo, avanzar hacia la cordillera y darse cuenta de que no hay franja despejada y el trabajo de mantenci\u00f3n de las compa\u00f1\u00edas el\u00e9ctricas, en general, deja mucho que desear.\u201d<\/p>\r\n\r\n\r\n\r\n<p align=\"justify\">Prosiguiendo con su an\u00e1lisis, la jefa comunal denunci\u00f3 que \u201ctambi\u00e9n hay una responsabilidad de los privados, porque nadie les exige que no coloquen \u00e1rboles en sus cercos, puesto que tarde o temprano llegan a los cables y provocan tremendos problemas\u201d. Al final de su exposici\u00f3n en la Comisi\u00f3n de la C\u00e1mara de Diputadas y Diputados, Priscilla Castillo tambi\u00e9n solicit\u00f3 que los parlamentarios tengan en cuenta la inyecci\u00f3n de recursos a los municipios para implementar las leyes que se aprueban sobre prevenci\u00f3n de emergencias, ya que solo as\u00ed \u00e9stas podr\u00e1n saltar del papel a la realidad.<\/p>\r\n\r\n\r\n\r\n<figure class=\"wp-block-gallery columns-2 is-cropped wp-block-gallery-1 is-layout-flex wp-block-gallery-is-layout-flex\"><ul class=\"blocks-gallery-grid\"><li class=\"blocks-gallery-item\"><figure><img loading=\"lazy\" decoding=\"async\" width=\"1024\" height=\"485\" src=\"https:\/\/web.molina.cl\/wp-content\/uploads\/2023\/01\/Foto-1-1024x485.jpg\" alt=\"\" data-id=\"55259\" data-full-url=\"https:\/\/web.molina.cl\/wp-content\/uploads\/2023\/01\/Foto-1.jpg\" data-link=\"https:\/\/web.molina.cl\/?attachment_id=55259\" class=\"wp-image-55259\" srcset=\"https:\/\/web.molina.cl\/wp-content\/uploads\/2023\/01\/Foto-1-1024x485.jpg 1024w, https:\/\/web.molina.cl\/wp-content\/uploads\/2023\/01\/Foto-1-300x142.jpg 300w, https:\/\/web.molina.cl\/wp-content\/uploads\/2023\/01\/Foto-1-768x364.jpg 768w, https:\/\/web.molina.cl\/wp-content\/uploads\/2023\/01\/Foto-1-696x330.jpg 696w, https:\/\/web.molina.cl\/wp-content\/uploads\/2023\/01\/Foto-1-1068x506.jpg 1068w, https:\/\/web.molina.cl\/wp-content\/uploads\/2023\/01\/Foto-1-887x420.jpg 887w, https:\/\/web.molina.cl\/wp-content\/uploads\/2023\/01\/Foto-1.jpg 1292w\" sizes=\"(max-width: 1024px) 100vw, 1024px\" \/><\/figure><\/li><li class=\"blocks-gallery-item\"><figure><img loading=\"lazy\" decoding=\"async\" width=\"1024\" height=\"768\" src=\"https:\/\/web.molina.cl\/wp-content\/uploads\/2023\/01\/Foto-2.jpeg\" alt=\"\" data-id=\"55260\" data-full-url=\"https:\/\/web.molina.cl\/wp-content\/uploads\/2023\/01\/Foto-2.jpeg\" data-link=\"https:\/\/web.molina.cl\/?attachment_id=55260\" class=\"wp-image-55260\" srcset=\"https:\/\/web.molina.cl\/wp-content\/uploads\/2023\/01\/Foto-2.jpeg 1024w, https:\/\/web.molina.cl\/wp-content\/uploads\/2023\/01\/Foto-2-300x225.jpeg 300w, https:\/\/web.molina.cl\/wp-content\/uploads\/2023\/01\/Foto-2-768x576.jpeg 768w, https:\/\/web.molina.cl\/wp-content\/uploads\/2023\/01\/Foto-2-696x522.jpeg 696w, https:\/\/web.molina.cl\/wp-content\/uploads\/2023\/01\/Foto-2-560x420.jpeg 560w, https:\/\/web.molina.cl\/wp-content\/uploads\/2023\/01\/Foto-2-80x60.jpeg 80w, https:\/\/web.molina.cl\/wp-content\/uploads\/2023\/01\/Foto-2-265x198.jpeg 265w\" sizes=\"(max-width: 1024px) 100vw, 1024px\" \/><\/figure><\/li><\/ul><\/figure>\r\n","protected":false},"excerpt":{"rendered":"<p>La jefa comunal tambi\u00e9n llam\u00f3 a modificar las leyes, recordando que los responsables de provocar el mega-incendio de Agua Fr\u00eda se encuentran en libertad pese a haber sido declarados culpables. Un importante llamado de atenci\u00f3n a la clase pol\u00edtica hizo la alcaldesa de Molina, Priscilla Castillo, durante la \u00faltima sesi\u00f3n de la Comisi\u00f3n de Emergencia, [&hellip;]<\/p>\n","protected":false},"author":7,"featured_media":55260,"comment_status":"closed","ping_status":"open","sticky":false,"template":"","format":"standard","meta":{"footnotes":""},"categories":[44],"tags":[3417,3416,3415,52,50],"_links":{"self":[{"href":"https:\/\/web.molina.cl\/index.php?rest_route=\/wp\/v2\/posts\/55258"}],"collection":[{"href":"https:\/\/web.molina.cl\/index.php?rest_route=\/wp\/v2\/posts"}],"about":[{"href":"https:\/\/web.molina.cl\/index.php?rest_route=\/wp\/v2\/types\/post"}],"author":[{"embeddable":true,"href":"https:\/\/web.molina.cl\/index.php?rest_route=\/wp\/v2\/users\/7"}],"replies":[{"embeddable":true,"href":"https:\/\/web.molina.cl\/index.php?rest_route=%2Fwp%2Fv2%2Fcomments&post=55258"}],"version-history":[{"count":2,"href":"https:\/\/web.molina.cl\/index.php?rest_route=\/wp\/v2\/posts\/55258\/revisions"}],"predecessor-version":[{"id":56538,"href":"https:\/\/web.molina.cl\/index.php?rest_route=\/wp\/v2\/posts\/55258\/revisions\/56538"}],"wp:featuredmedia":[{"embeddable":true,"href":"https:\/\/web.molina.cl\/index.php?rest_route=\/wp\/v2\/media\/55260"}],"wp:attachment":[{"href":"https:\/\/web.molina.cl\/index.php?rest_route=%2Fwp%2Fv2%2Fmedia&parent=55258"}],"wp:term":[{"taxonomy":"category","embeddable":true,"href":"https:\/\/web.molina.cl\/index.php?rest_route=%2Fwp%2Fv2%2Fcategories&post=55258"},{"taxonomy":"post_tag","embeddable":true,"href":"https:\/\/web.molina.cl\/index.php?rest_route=%2Fwp%2Fv2%2Ftags&post=55258"}],"curies":[{"name":"wp","href":"https:\/\/api.w.org\/{rel}","templated":true}]}}