{"id":55170,"date":"2022-12-19T08:07:15","date_gmt":"2022-12-19T12:07:15","guid":{"rendered":"https:\/\/web.molina.cl\/?p=55170"},"modified":"2023-06-29T13:25:15","modified_gmt":"2023-06-29T17:25:15","slug":"vecinos-de-villa-santa-magdalena-de-lontue-reciben-la-escritura-de-sus-casas","status":"publish","type":"post","link":"https:\/\/web.molina.cl\/?p=55170","title":{"rendered":"Vecinos de villa Santa Magdalena de Lontu\u00e9 reciben la escritura de sus casas"},"content":{"rendered":"\r\n<p><p align=\"justify\">Los propietarios tuvieron que esperar m\u00e1s de once a\u00f1os para hacer realidad el sue\u00f1o en un sector que albergar\u00e1 soluciones habitacionales para m\u00e1s familias molinenses<\/p><\/p>\r\n\r\n\r\n\r\n<p><p align=\"justify\">La etapa final de un largo proceso vivieron los habitantes del Conjunto Habitacional Santa Magdalena de Lontu\u00e9, con la entrega de los t\u00edtulos de dominio a cada uno de sus integrantes.<\/p><\/p>\r\n\r\n\r\n\r\n<p><p align=\"justify\">La emotiva ceremonia permiti\u00f3 que los ahora felices propietarios pusieran punto final a lo que fue una extensa historia de lucha que se prolong\u00f3 por m\u00e1s de 11 a\u00f1os y en los que hubo incluso miembros que fallecieron en el camino, mientras otros se sumaban.<\/p><\/p>\r\n\r\n\r\n\r\n<p><p align=\"justify\">Finalmente, mediante financiamiento del Servicio de Vivienda y Urbanismo (Serviu) y con las gestiones de diversas autoridades de por medio, las 158 familias pueden decir hoy \u201cmisi\u00f3n cumplida\u201d al recibir los documentos que los acreditan como genuinos due\u00f1os de sus hogares.<\/p><\/p>\r\n\r\n\r\n\r\n<p><strong>NUEVA ETAPA<\/strong><\/p>\r\n\r\n\r\n\r\n<p><p align=\"justify\">Tras recibir las escrituras, la presidenta del comit\u00e9, Nataly Ch\u00e1vez, se mostr\u00f3 feliz de comenzar lo que defini\u00f3 como una \u201cnueva etapa\u201d, puesto que, a partir de ahora, se encuentra \u201cd\u00e1ndolo todo con la Junta de vecinos. Fueron once a\u00f1os de trabajo que lo valen\u201d.<\/p><\/p>\r\n\r\n\r\n\r\n<p><p align=\"justify\">De igual forma, tuvo especiales palabras para \u201cagradecer a la gente que siempre apoy\u00f3, como la alcaldesa Priscilla Castillo, que es uno de los pol\u00edticos colegas\u201d del conjunto.<\/p><\/p>\r\n\r\n\r\n\r\n<p><strong>BUEN BARRIO<\/strong><\/p>\r\n\r\n\r\n\r\n<p><p align=\"justify\">El conjunto Santa Magdalena se ubica en el sector oriente de Lontu\u00e9, al lado de \u201cDon Leoncio\u201d, en cuyas inmediaciones se construir\u00e1n a futuro otros dos complejos habitacionales.<\/p><\/p>\r\n\r\n\r\n\r\n<p><p align=\"justify\">Es por ello que la alcaldesa de Molina, Priscilla Castillo, se\u00f1al\u00f3 que \u201ces un barrio tranquilo, con buenas casas y espacios p\u00fablicos. Agradecemos al Minvu por este documento oficial que los acredita como due\u00f1os de un pedacito de Chile\u201d.<\/p><\/p>\r\n\r\n\r\n\r\n<div class=\"wp-block-group\"><div class=\"wp-block-group__inner-container is-layout-flow wp-block-group-is-layout-flow\">\r\n<figure class=\"wp-block-gallery columns-3 is-cropped wp-block-gallery-1 is-layout-flex wp-block-gallery-is-layout-flex\"><ul class=\"blocks-gallery-grid\"><li class=\"blocks-gallery-item\"><figure><a href=\"https:\/\/web.molina.cl\/wp-content\/uploads\/2022\/12\/Foto-1-scaled.jpg\"><img loading=\"lazy\" decoding=\"async\" width=\"1024\" height=\"683\" src=\"https:\/\/web.molina.cl\/wp-content\/uploads\/2022\/12\/Foto-1-1024x683.jpg\" alt=\"\" data-id=\"55171\" data-full-url=\"https:\/\/web.molina.cl\/wp-content\/uploads\/2022\/12\/Foto-1-scaled.jpg\" data-link=\"https:\/\/web.molina.cl\/?attachment_id=55171\" class=\"wp-image-55171\" srcset=\"https:\/\/web.molina.cl\/wp-content\/uploads\/2022\/12\/Foto-1-1024x683.jpg 1024w, https:\/\/web.molina.cl\/wp-content\/uploads\/2022\/12\/Foto-1-300x200.jpg 300w, https:\/\/web.molina.cl\/wp-content\/uploads\/2022\/12\/Foto-1-768x512.jpg 768w, https:\/\/web.molina.cl\/wp-content\/uploads\/2022\/12\/Foto-1-1536x1024.jpg 1536w, https:\/\/web.molina.cl\/wp-content\/uploads\/2022\/12\/Foto-1-2048x1365.jpg 2048w, https:\/\/web.molina.cl\/wp-content\/uploads\/2022\/12\/Foto-1-696x464.jpg 696w, https:\/\/web.molina.cl\/wp-content\/uploads\/2022\/12\/Foto-1-1068x712.jpg 1068w, https:\/\/web.molina.cl\/wp-content\/uploads\/2022\/12\/Foto-1-1920x1280.jpg 1920w, https:\/\/web.molina.cl\/wp-content\/uploads\/2022\/12\/Foto-1-630x420.jpg 630w\" sizes=\"(max-width: 1024px) 100vw, 1024px\" \/><\/a><figcaption class=\"blocks-gallery-item__caption\">Son 158 familias las que hicieron realidad el sue\u00f1o de la casa propia.<\/figcaption><\/figure><\/li><li class=\"blocks-gallery-item\"><figure><a href=\"https:\/\/web.molina.cl\/wp-content\/uploads\/2022\/12\/Foto-2-scaled.jpg\"><img loading=\"lazy\" decoding=\"async\" width=\"683\" height=\"1024\" src=\"https:\/\/web.molina.cl\/wp-content\/uploads\/2022\/12\/Foto-2-683x1024.jpg\" alt=\"\" data-id=\"55172\" data-full-url=\"https:\/\/web.molina.cl\/wp-content\/uploads\/2022\/12\/Foto-2-scaled.jpg\" data-link=\"https:\/\/web.molina.cl\/?attachment_id=55172\" class=\"wp-image-55172\" srcset=\"https:\/\/web.molina.cl\/wp-content\/uploads\/2022\/12\/Foto-2-683x1024.jpg 683w, https:\/\/web.molina.cl\/wp-content\/uploads\/2022\/12\/Foto-2-200x300.jpg 200w, https:\/\/web.molina.cl\/wp-content\/uploads\/2022\/12\/Foto-2-768x1152.jpg 768w, https:\/\/web.molina.cl\/wp-content\/uploads\/2022\/12\/Foto-2-1024x1536.jpg 1024w, https:\/\/web.molina.cl\/wp-content\/uploads\/2022\/12\/Foto-2-1365x2048.jpg 1365w, https:\/\/web.molina.cl\/wp-content\/uploads\/2022\/12\/Foto-2-696x1044.jpg 696w, https:\/\/web.molina.cl\/wp-content\/uploads\/2022\/12\/Foto-2-1068x1602.jpg 1068w, https:\/\/web.molina.cl\/wp-content\/uploads\/2022\/12\/Foto-2-1920x2880.jpg 1920w, https:\/\/web.molina.cl\/wp-content\/uploads\/2022\/12\/Foto-2-280x420.jpg 280w, https:\/\/web.molina.cl\/wp-content\/uploads\/2022\/12\/Foto-2-scaled.jpg 1707w\" sizes=\"(max-width: 683px) 100vw, 683px\" \/><\/a><figcaption class=\"blocks-gallery-item__caption\">Nataly Ch\u00e1vez, presidenta del comit\u00e9, agradeci\u00f3 a la alcaldesa Priscilla Castillo por sus gestiones<\/figcaption><\/figure><\/li><li class=\"blocks-gallery-item\"><figure><a href=\"https:\/\/web.molina.cl\/wp-content\/uploads\/2022\/12\/Foto-3-scaled.jpg\"><img loading=\"lazy\" decoding=\"async\" width=\"1024\" height=\"683\" src=\"https:\/\/web.molina.cl\/wp-content\/uploads\/2022\/12\/Foto-3-1024x683.jpg\" alt=\"\" data-id=\"55173\" data-full-url=\"https:\/\/web.molina.cl\/wp-content\/uploads\/2022\/12\/Foto-3-scaled.jpg\" data-link=\"https:\/\/web.molina.cl\/?attachment_id=55173\" class=\"wp-image-55173\" srcset=\"https:\/\/web.molina.cl\/wp-content\/uploads\/2022\/12\/Foto-3-1024x683.jpg 1024w, https:\/\/web.molina.cl\/wp-content\/uploads\/2022\/12\/Foto-3-300x200.jpg 300w, https:\/\/web.molina.cl\/wp-content\/uploads\/2022\/12\/Foto-3-768x512.jpg 768w, https:\/\/web.molina.cl\/wp-content\/uploads\/2022\/12\/Foto-3-1536x1024.jpg 1536w, https:\/\/web.molina.cl\/wp-content\/uploads\/2022\/12\/Foto-3-2048x1365.jpg 2048w, https:\/\/web.molina.cl\/wp-content\/uploads\/2022\/12\/Foto-3-696x464.jpg 696w, https:\/\/web.molina.cl\/wp-content\/uploads\/2022\/12\/Foto-3-1068x712.jpg 1068w, https:\/\/web.molina.cl\/wp-content\/uploads\/2022\/12\/Foto-3-1920x1280.jpg 1920w, https:\/\/web.molina.cl\/wp-content\/uploads\/2022\/12\/Foto-3-630x420.jpg 630w\" sizes=\"(max-width: 1024px) 100vw, 1024px\" \/><\/a><figcaption class=\"blocks-gallery-item__caption\">Felices quedaron los ahora propietarios por iniciar una nueva etapa de sus vidas.<\/figcaption><\/figure><\/li><\/ul><\/figure>\r\n<\/div><\/div>\r\n","protected":false},"excerpt":{"rendered":"<p>Los propietarios tuvieron que esperar m\u00e1s de once a\u00f1os para hacer realidad el sue\u00f1o en un sector que albergar\u00e1 soluciones habitacionales para m\u00e1s familias molinenses La etapa final de un largo proceso vivieron los habitantes del Conjunto Habitacional Santa Magdalena de Lontu\u00e9, con la entrega de los t\u00edtulos de dominio a cada uno de sus [&hellip;]<\/p>\n","protected":false},"author":7,"featured_media":55172,"comment_status":"closed","ping_status":"open","sticky":false,"template":"","format":"standard","meta":{"footnotes":""},"categories":[3],"tags":[3412,193,3411],"_links":{"self":[{"href":"https:\/\/web.molina.cl\/index.php?rest_route=\/wp\/v2\/posts\/55170"}],"collection":[{"href":"https:\/\/web.molina.cl\/index.php?rest_route=\/wp\/v2\/posts"}],"about":[{"href":"https:\/\/web.molina.cl\/index.php?rest_route=\/wp\/v2\/types\/post"}],"author":[{"embeddable":true,"href":"https:\/\/web.molina.cl\/index.php?rest_route=\/wp\/v2\/users\/7"}],"replies":[{"embeddable":true,"href":"https:\/\/web.molina.cl\/index.php?rest_route=%2Fwp%2Fv2%2Fcomments&post=55170"}],"version-history":[{"count":4,"href":"https:\/\/web.molina.cl\/index.php?rest_route=\/wp\/v2\/posts\/55170\/revisions"}],"predecessor-version":[{"id":56535,"href":"https:\/\/web.molina.cl\/index.php?rest_route=\/wp\/v2\/posts\/55170\/revisions\/56535"}],"wp:featuredmedia":[{"embeddable":true,"href":"https:\/\/web.molina.cl\/index.php?rest_route=\/wp\/v2\/media\/55172"}],"wp:attachment":[{"href":"https:\/\/web.molina.cl\/index.php?rest_route=%2Fwp%2Fv2%2Fmedia&parent=55170"}],"wp:term":[{"taxonomy":"category","embeddable":true,"href":"https:\/\/web.molina.cl\/index.php?rest_route=%2Fwp%2Fv2%2Fcategories&post=55170"},{"taxonomy":"post_tag","embeddable":true,"href":"https:\/\/web.molina.cl\/index.php?rest_route=%2Fwp%2Fv2%2Ftags&post=55170"}],"curies":[{"name":"wp","href":"https:\/\/api.w.org\/{rel}","templated":true}]}}