{"id":5073,"date":"2015-11-19T13:37:38","date_gmt":"2015-11-19T16:37:38","guid":{"rendered":"http:\/\/web.molina.cl\/?p=5073"},"modified":"2020-11-24T12:49:53","modified_gmt":"2020-11-24T16:49:53","slug":"masiva-participacion-de-carros-alegoricos-en-la-semana-del-parvulo","status":"publish","type":"post","link":"https:\/\/web.molina.cl\/?p=5073","title":{"rendered":"Masiva Participaci\u00f3n de carros aleg\u00f3ricos en la Semana del P\u00e1rvulo"},"content":{"rendered":"<p style=\"text-align: justify;\">Con una gran concurrencia, se realiz\u00f3 en la plaza de Molina, desfile de carros aleg\u00f3ricos de 11 jardines VTF y 1 comunitario de Buena Paz.<!--more--><\/p>\n<p style=\"text-align: justify;\">Los participantes fueron los siguientes:<\/p>\n<p style=\"text-align: justify;\">Jard\u00edn Infantil Arcoiris, Eluney, Estrellita, Frutillita, Las Hormiguitas, Manitos Peque\u00f1as, Mi Peque\u00f1o Refugio, Los Parroncitos, Trencito de Mis Tesoros, Los Trigalitos, Tutti Frutti y Panchito de Buena Paz.<\/p>\n\n","protected":false},"excerpt":{"rendered":"<p>Con una gran concurrencia, se realiz\u00f3 en la plaza de Molina, desfile de carros aleg\u00f3ricos de 11 jardines VTF y 1 comunitario de Buena Paz.<\/p>\n","protected":false},"author":1,"featured_media":5137,"comment_status":"open","ping_status":"open","sticky":false,"template":"","format":"standard","meta":{"footnotes":""},"categories":[4,5,64],"tags":[742,743,744,711,713,745,746,718,721,747,723,724,748,733,735,749],"_links":{"self":[{"href":"https:\/\/web.molina.cl\/index.php?rest_route=\/wp\/v2\/posts\/5073"}],"collection":[{"href":"https:\/\/web.molina.cl\/index.php?rest_route=\/wp\/v2\/posts"}],"about":[{"href":"https:\/\/web.molina.cl\/index.php?rest_route=\/wp\/v2\/types\/post"}],"author":[{"embeddable":true,"href":"https:\/\/web.molina.cl\/index.php?rest_route=\/wp\/v2\/users\/1"}],"replies":[{"embeddable":true,"href":"https:\/\/web.molina.cl\/index.php?rest_route=%2Fwp%2Fv2%2Fcomments&post=5073"}],"version-history":[{"count":1,"href":"https:\/\/web.molina.cl\/index.php?rest_route=\/wp\/v2\/posts\/5073\/revisions"}],"predecessor-version":[{"id":42700,"href":"https:\/\/web.molina.cl\/index.php?rest_route=\/wp\/v2\/posts\/5073\/revisions\/42700"}],"wp:featuredmedia":[{"embeddable":true,"href":"https:\/\/web.molina.cl\/index.php?rest_route=\/"}],"wp:attachment":[{"href":"https:\/\/web.molina.cl\/index.php?rest_route=%2Fwp%2Fv2%2Fmedia&parent=5073"}],"wp:term":[{"taxonomy":"category","embeddable":true,"href":"https:\/\/web.molina.cl\/index.php?rest_route=%2Fwp%2Fv2%2Fcategories&post=5073"},{"taxonomy":"post_tag","embeddable":true,"href":"https:\/\/web.molina.cl\/index.php?rest_route=%2Fwp%2Fv2%2Ftags&post=5073"}],"curies":[{"name":"wp","href":"https:\/\/api.w.org\/{rel}","templated":true}]}}