{"id":50727,"date":"2022-04-28T09:53:36","date_gmt":"2022-04-28T13:53:36","guid":{"rendered":"https:\/\/web.molina.cl\/?p=50727"},"modified":"2022-05-06T11:28:37","modified_gmt":"2022-05-06T15:28:37","slug":"alcaldesa-de-molina-sorprende-al-donar-drones-de-vigilancia-a-carabineros-y-pdi-en-su-cuenta-publica-2021","status":"publish","type":"post","link":"https:\/\/web.molina.cl\/?p=50727","title":{"rendered":"Alcaldesa y concejo municipal de Molina entregan en comodato drones de vigilancia a Carabineros y PDI en su cuenta p\u00fablica 2021"},"content":{"rendered":"\n<p><p align=\"justify\"><em><strong>La ceremonia estuvo marcada por los desaf\u00edos que se avizoran para el futuro en la comuna y las obras que comenzar\u00e1n a ejecutarse, como el Centro de Emergencias y el Cesfam de Molina urbano.<\/strong><\/em><\/p><\/p>\n\n\n\n<p><p align=\"justify\">Con \u00e9nfasis en los desaf\u00edos que se vienen en el futuro cercano, la alcaldesa de Molina, Priscilla Castillo, expuso la Cuenta P\u00fablica del per\u00edodo 2021 a la comunidad.<\/p><\/p>\n\n\n\n<p><p align=\"justify\">En dependencias del Liceo Bicentenario, proyecto emblem\u00e1tico al ser el primer Liceo Sello del pa\u00eds por sus est\u00e1ndares de tecnolog\u00eda y edificaci\u00f3n, la jefa comunal dio a conocer los resultados de lo que fue la gesti\u00f3n durante los \u00faltimos doce meses ante cerca de un centenar de personas.<\/p><\/p>\n\n\n\n<p><p align=\"justify\">M\u00e1s de 1.000 kil\u00f3metros de pavimento en sectores rurales y urbanos, el retorno de actividades culturales, deportivas y tur\u00edsticas, la puesta en marcha del primer centro de equinoterapia de la Regi\u00f3n del Maule, la compra de la Hacienda Quechereguas para construir un polideportivo y un museo del vino, el anuncio de ampliaci\u00f3n de la Casa del Adulto Mayor, la construcci\u00f3n del Centro de Emergencias y la inminente apertura del Cesfam de Molina urbano; son solo algunos de los hitos que marcaron la exposici\u00f3n.<\/p><\/p>\n\n\n\n<p><strong>LO QUE SE VIENE<\/strong><\/p>\n\n\n\n<p><p align=\"justify\">Junto con destacar los logros obtenidos, Priscilla Castillo dedic\u00f3 especiales palabras para lo que se viene, con las unidades y programas municipales volcados hacia las necesidades de los vecinos y con una econom\u00eda que busca levantarse tras el confinamiento producto de la pandemia.<\/p><\/p>\n\n\n\n<p><p align=\"justify\">&nbsp;\u201cTenemos varios proyectos a realizar, como el Centro Recreativo que construiremos en Duao para los adultos mayores y el Centro Comunitario de Respuesta a Emergencias y Cat\u00e1strofes, en el que haremos capacitaciones para que la comunidad est\u00e9 preparada para una contingencia\u201d, se\u00f1al\u00f3 la jefa edilicia, recordando tambi\u00e9n que volver\u00e1n iniciativas como la Academia Comunitaria que ense\u00f1a oficios en las poblaciones y ser\u00e1n constantes las capacitaciones a emprendedores.<\/p><\/p>\n\n\n\n<p><p align=\"justify\">\u201cNos gustar\u00eda abordar m\u00e1s temas en la Cuenta P\u00fablica, pero nos sirve como administraci\u00f3n para ordenarnos en base a lo que hemos hecho y proyectar las inversiones futuras que queremos hacer\u201d, concluy\u00f3 la primera autoridad comunal.<\/p><\/p>\n\n\n\n<p><p align=\"justify\">A juicio de la Presidenta de la Uni\u00f3n Comunal de Adultos Mayores, Juana Cruz, ampliar las dependencias de la Casa del Adulto Mayor y contar con m\u00e1s veh\u00edculos para los viajes recreativos ser\u00e1n de gran ayuda para mejorar la calidad de vida de los molinenses, como ya se ha visto con la puesta en marcha del Refugio de Parque Ingl\u00e9s, al que incluso pueden acceder personas en situaci\u00f3n de discapacidad.<\/p><\/p>\n\n\n\n<p><p align=\"justify\"><strong>\u201c<\/strong>En realidad me gust\u00f3 todo lo expuesto en la Cuenta P\u00fablica, fue muy transparente y amena, con todo lo que se ha obtenido para los adultos mayores, como los buses para viajar a la playa y a la cordillera\u201d, dijo la dirigente.<\/p><\/p>\n\n\n\n<p><strong>DRONES PARA LAS POLIC\u00cdAS<\/strong><\/p>\n\n\n\n<p><p align=\"justify\">Sin embargo, el momento que marc\u00f3 la jornada fue el sorpresivo anuncio en materia de seguridad p\u00fablica, con la entrega de drones a Carabineros y a la Polic\u00eda de Investigaciones, los que se sumar\u00e1n a la red de m\u00e1s de 140 c\u00e1maras de vigilancia que son monitoreadas a diario por el municipio.<\/p><\/p>\n\n\n\n<p><p align=\"justify\">El Comisario de la PDI Molina, Agust\u00edn Urbina, recalc\u00f3 la importancia de esta \u201cherramienta de trabajo, que es resultado de nuestra labor conjunta con el municipio. El delito va mutando y por eso nosotros tambi\u00e9n debemos buscar nuevas metodolog\u00edas investigativas que nos ayuden a resolver los casos, con delitos que son cada vez m\u00e1s complejos\u201d.<\/p><\/p>\n\n\n\n<p><p align=\"justify\">El detective tambi\u00e9n record\u00f3 que, \u201cen la investigaci\u00f3n de los delitos, la sala de monitoreo de la Direcci\u00f3n de Seguridad P\u00fablica es fundamental, porque nos permite hacer un seguimientos y, con el drone, ahora podremos llegar a lugares donde nuestros detectives no tienen acceso; permiti\u00e9ndonos tomar decisiones importantes, por ejemplo, en un allanamiento, en tareas de vigilancia o inteligencia policial\u201d.<\/p><\/p>\n\n\n\n<p><p align=\"justify\">Misma opini\u00f3n tuvo el Comisario de la Cuarta Comisar\u00eda de Carabineros de Molina, Mayor Ricardo C\u00e1ceres, quien se mostr\u00f3 \u201ctotalmente agradecido, porque esto viene a ayudar a la comunidad para aclarar situaciones que los mismos vecinos denuncian\u201d, agregando que ya tiene designado al personal de civil que manipular\u00e1 el artefacto.<\/p><\/p>\n\n\n\n<p><strong>ALTA CONVOCATORIA<\/strong><\/p>\n\n\n\n<p><p align=\"justify\">A la Cuenta P\u00fablica de Molina asistieron no solo los integrantes del Concejo Municipal, sino que tambi\u00e9n el alcalde de R\u00edo Claro, Am\u00e9rico Guajardo; el Director Regional de Onemi, Carlos Bernales; los Consejeros Regionales y la propia Gobernadora Regional, Cristina Bravo. Esta \u00faltima autoridad destac\u00f3 el trabajo del municipio local para implementar r\u00e1pidamente los proyectos.<\/p><\/p>\n\n\n\n<p><p align=\"justify\">\u201cQuiero felicitar a la alcaldesa, porque fue una Cuenta P\u00fablica breve y entretenida, donde reflej\u00f3 todos los avances de 2021. A m\u00ed me gustar\u00eda que el Hospital de Curic\u00f3 se entregue antes, pero estoy segura de que habr\u00e1 luces primero en el Cesfam de Molina\u201d, dijo categ\u00f3rica.<\/p><\/p>\n\n\n\n<p><p align=\"justify\">Junto con comprometer su apoyo a las iniciativas molinenses, Cristina Bravo destac\u00f3 de forma especial el anuncio en materia de seguridad p\u00fablica, indicando que \u201cla idea de dotar de drones a las polic\u00edas es algo muy necesario y que no he visto en otras cuentas p\u00fablicas de la Regi\u00f3n del Maule\u201d.<\/p><\/p>\n\n\n\n<figure class=\"wp-block-gallery columns-3 is-cropped wp-block-gallery-1 is-layout-flex wp-block-gallery-is-layout-flex\"><ul class=\"blocks-gallery-grid\"><li class=\"blocks-gallery-item\"><figure><a href=\"https:\/\/web.molina.cl\/wp-content\/uploads\/2022\/04\/resized_IMG_6668.jpg\"><img loading=\"lazy\" decoding=\"async\" width=\"1024\" height=\"682\" src=\"https:\/\/web.molina.cl\/wp-content\/uploads\/2022\/04\/resized_IMG_6668-1024x682.jpg\" alt=\"\" data-id=\"50729\" data-full-url=\"https:\/\/web.molina.cl\/wp-content\/uploads\/2022\/04\/resized_IMG_6668.jpg\" data-link=\"https:\/\/web.molina.cl\/?attachment_id=50729\" class=\"wp-image-50729\" srcset=\"https:\/\/web.molina.cl\/wp-content\/uploads\/2022\/04\/resized_IMG_6668-1024x682.jpg 1024w, https:\/\/web.molina.cl\/wp-content\/uploads\/2022\/04\/resized_IMG_6668-300x200.jpg 300w, https:\/\/web.molina.cl\/wp-content\/uploads\/2022\/04\/resized_IMG_6668-768x512.jpg 768w, https:\/\/web.molina.cl\/wp-content\/uploads\/2022\/04\/resized_IMG_6668-696x464.jpg 696w, https:\/\/web.molina.cl\/wp-content\/uploads\/2022\/04\/resized_IMG_6668-1068x712.jpg 1068w, https:\/\/web.molina.cl\/wp-content\/uploads\/2022\/04\/resized_IMG_6668-630x420.jpg 630w, https:\/\/web.molina.cl\/wp-content\/uploads\/2022\/04\/resized_IMG_6668.jpg 1280w\" sizes=\"(max-width: 1024px) 100vw, 1024px\" \/><\/a><\/figure><\/li><li class=\"blocks-gallery-item\"><figure><a href=\"https:\/\/web.molina.cl\/wp-content\/uploads\/2022\/04\/resized_IMG_6724.jpg\"><img loading=\"lazy\" decoding=\"async\" width=\"1024\" height=\"682\" src=\"https:\/\/web.molina.cl\/wp-content\/uploads\/2022\/04\/resized_IMG_6724-1024x682.jpg\" alt=\"\" data-id=\"50730\" data-full-url=\"https:\/\/web.molina.cl\/wp-content\/uploads\/2022\/04\/resized_IMG_6724.jpg\" data-link=\"https:\/\/web.molina.cl\/?attachment_id=50730\" class=\"wp-image-50730\" srcset=\"https:\/\/web.molina.cl\/wp-content\/uploads\/2022\/04\/resized_IMG_6724-1024x682.jpg 1024w, https:\/\/web.molina.cl\/wp-content\/uploads\/2022\/04\/resized_IMG_6724-300x200.jpg 300w, https:\/\/web.molina.cl\/wp-content\/uploads\/2022\/04\/resized_IMG_6724-768x512.jpg 768w, https:\/\/web.molina.cl\/wp-content\/uploads\/2022\/04\/resized_IMG_6724-696x464.jpg 696w, https:\/\/web.molina.cl\/wp-content\/uploads\/2022\/04\/resized_IMG_6724-1068x712.jpg 1068w, https:\/\/web.molina.cl\/wp-content\/uploads\/2022\/04\/resized_IMG_6724-630x420.jpg 630w, https:\/\/web.molina.cl\/wp-content\/uploads\/2022\/04\/resized_IMG_6724.jpg 1280w\" sizes=\"(max-width: 1024px) 100vw, 1024px\" \/><\/a><\/figure><\/li><li class=\"blocks-gallery-item\"><figure><a href=\"https:\/\/web.molina.cl\/wp-content\/uploads\/2022\/04\/resized_IMG_6758.jpg\"><img loading=\"lazy\" decoding=\"async\" width=\"1024\" height=\"682\" src=\"https:\/\/web.molina.cl\/wp-content\/uploads\/2022\/04\/resized_IMG_6758-1024x682.jpg\" alt=\"\" data-id=\"50731\" data-full-url=\"https:\/\/web.molina.cl\/wp-content\/uploads\/2022\/04\/resized_IMG_6758.jpg\" data-link=\"https:\/\/web.molina.cl\/?attachment_id=50731\" class=\"wp-image-50731\" srcset=\"https:\/\/web.molina.cl\/wp-content\/uploads\/2022\/04\/resized_IMG_6758-1024x682.jpg 1024w, https:\/\/web.molina.cl\/wp-content\/uploads\/2022\/04\/resized_IMG_6758-300x200.jpg 300w, https:\/\/web.molina.cl\/wp-content\/uploads\/2022\/04\/resized_IMG_6758-768x512.jpg 768w, https:\/\/web.molina.cl\/wp-content\/uploads\/2022\/04\/resized_IMG_6758-696x464.jpg 696w, https:\/\/web.molina.cl\/wp-content\/uploads\/2022\/04\/resized_IMG_6758-1068x712.jpg 1068w, https:\/\/web.molina.cl\/wp-content\/uploads\/2022\/04\/resized_IMG_6758-630x420.jpg 630w, https:\/\/web.molina.cl\/wp-content\/uploads\/2022\/04\/resized_IMG_6758.jpg 1280w\" sizes=\"(max-width: 1024px) 100vw, 1024px\" \/><\/a><\/figure><\/li><li class=\"blocks-gallery-item\"><figure><a href=\"https:\/\/web.molina.cl\/wp-content\/uploads\/2022\/04\/resized_IMG_6777.jpg\"><img loading=\"lazy\" decoding=\"async\" width=\"1024\" height=\"682\" src=\"https:\/\/web.molina.cl\/wp-content\/uploads\/2022\/04\/resized_IMG_6777-1024x682.jpg\" alt=\"\" data-id=\"50732\" data-full-url=\"https:\/\/web.molina.cl\/wp-content\/uploads\/2022\/04\/resized_IMG_6777.jpg\" data-link=\"https:\/\/web.molina.cl\/?attachment_id=50732\" class=\"wp-image-50732\" srcset=\"https:\/\/web.molina.cl\/wp-content\/uploads\/2022\/04\/resized_IMG_6777-1024x682.jpg 1024w, https:\/\/web.molina.cl\/wp-content\/uploads\/2022\/04\/resized_IMG_6777-300x200.jpg 300w, https:\/\/web.molina.cl\/wp-content\/uploads\/2022\/04\/resized_IMG_6777-768x512.jpg 768w, https:\/\/web.molina.cl\/wp-content\/uploads\/2022\/04\/resized_IMG_6777-696x464.jpg 696w, https:\/\/web.molina.cl\/wp-content\/uploads\/2022\/04\/resized_IMG_6777-1068x712.jpg 1068w, https:\/\/web.molina.cl\/wp-content\/uploads\/2022\/04\/resized_IMG_6777-630x420.jpg 630w, https:\/\/web.molina.cl\/wp-content\/uploads\/2022\/04\/resized_IMG_6777.jpg 1280w\" sizes=\"(max-width: 1024px) 100vw, 1024px\" \/><\/a><\/figure><\/li><li class=\"blocks-gallery-item\"><figure><a href=\"https:\/\/web.molina.cl\/wp-content\/uploads\/2022\/04\/resized_IMG_6793.jpg\"><img loading=\"lazy\" decoding=\"async\" width=\"1024\" height=\"682\" src=\"https:\/\/web.molina.cl\/wp-content\/uploads\/2022\/04\/resized_IMG_6793-1024x682.jpg\" alt=\"\" data-id=\"50733\" data-full-url=\"https:\/\/web.molina.cl\/wp-content\/uploads\/2022\/04\/resized_IMG_6793.jpg\" data-link=\"https:\/\/web.molina.cl\/?attachment_id=50733\" class=\"wp-image-50733\" srcset=\"https:\/\/web.molina.cl\/wp-content\/uploads\/2022\/04\/resized_IMG_6793-1024x682.jpg 1024w, https:\/\/web.molina.cl\/wp-content\/uploads\/2022\/04\/resized_IMG_6793-300x200.jpg 300w, https:\/\/web.molina.cl\/wp-content\/uploads\/2022\/04\/resized_IMG_6793-768x512.jpg 768w, https:\/\/web.molina.cl\/wp-content\/uploads\/2022\/04\/resized_IMG_6793-696x464.jpg 696w, https:\/\/web.molina.cl\/wp-content\/uploads\/2022\/04\/resized_IMG_6793-1068x712.jpg 1068w, https:\/\/web.molina.cl\/wp-content\/uploads\/2022\/04\/resized_IMG_6793-630x420.jpg 630w, https:\/\/web.molina.cl\/wp-content\/uploads\/2022\/04\/resized_IMG_6793.jpg 1280w\" sizes=\"(max-width: 1024px) 100vw, 1024px\" \/><\/a><\/figure><\/li><li class=\"blocks-gallery-item\"><figure><a href=\"https:\/\/web.molina.cl\/wp-content\/uploads\/2022\/04\/resized_IMG_6797.jpg\"><img loading=\"lazy\" decoding=\"async\" width=\"1024\" height=\"682\" src=\"https:\/\/web.molina.cl\/wp-content\/uploads\/2022\/04\/resized_IMG_6797-1024x682.jpg\" alt=\"\" data-id=\"50734\" data-full-url=\"https:\/\/web.molina.cl\/wp-content\/uploads\/2022\/04\/resized_IMG_6797.jpg\" data-link=\"https:\/\/web.molina.cl\/?attachment_id=50734\" class=\"wp-image-50734\" srcset=\"https:\/\/web.molina.cl\/wp-content\/uploads\/2022\/04\/resized_IMG_6797-1024x682.jpg 1024w, https:\/\/web.molina.cl\/wp-content\/uploads\/2022\/04\/resized_IMG_6797-300x200.jpg 300w, https:\/\/web.molina.cl\/wp-content\/uploads\/2022\/04\/resized_IMG_6797-768x512.jpg 768w, https:\/\/web.molina.cl\/wp-content\/uploads\/2022\/04\/resized_IMG_6797-696x464.jpg 696w, https:\/\/web.molina.cl\/wp-content\/uploads\/2022\/04\/resized_IMG_6797-1068x712.jpg 1068w, https:\/\/web.molina.cl\/wp-content\/uploads\/2022\/04\/resized_IMG_6797-630x420.jpg 630w, https:\/\/web.molina.cl\/wp-content\/uploads\/2022\/04\/resized_IMG_6797.jpg 1280w\" sizes=\"(max-width: 1024px) 100vw, 1024px\" \/><\/a><\/figure><\/li><li class=\"blocks-gallery-item\"><figure><a href=\"https:\/\/web.molina.cl\/wp-content\/uploads\/2022\/04\/resized_IMG_6798.jpg\"><img loading=\"lazy\" decoding=\"async\" width=\"1024\" height=\"682\" src=\"https:\/\/web.molina.cl\/wp-content\/uploads\/2022\/04\/resized_IMG_6798-1024x682.jpg\" alt=\"\" data-id=\"50735\" data-full-url=\"https:\/\/web.molina.cl\/wp-content\/uploads\/2022\/04\/resized_IMG_6798.jpg\" data-link=\"https:\/\/web.molina.cl\/?attachment_id=50735\" class=\"wp-image-50735\" srcset=\"https:\/\/web.molina.cl\/wp-content\/uploads\/2022\/04\/resized_IMG_6798-1024x682.jpg 1024w, https:\/\/web.molina.cl\/wp-content\/uploads\/2022\/04\/resized_IMG_6798-300x200.jpg 300w, https:\/\/web.molina.cl\/wp-content\/uploads\/2022\/04\/resized_IMG_6798-768x512.jpg 768w, https:\/\/web.molina.cl\/wp-content\/uploads\/2022\/04\/resized_IMG_6798-696x464.jpg 696w, https:\/\/web.molina.cl\/wp-content\/uploads\/2022\/04\/resized_IMG_6798-1068x712.jpg 1068w, https:\/\/web.molina.cl\/wp-content\/uploads\/2022\/04\/resized_IMG_6798-630x420.jpg 630w, https:\/\/web.molina.cl\/wp-content\/uploads\/2022\/04\/resized_IMG_6798.jpg 1280w\" sizes=\"(max-width: 1024px) 100vw, 1024px\" \/><\/a><\/figure><\/li><li class=\"blocks-gallery-item\"><figure><a href=\"https:\/\/web.molina.cl\/wp-content\/uploads\/2022\/04\/resized_IMG_6823.jpg\"><img loading=\"lazy\" decoding=\"async\" width=\"1024\" height=\"575\" src=\"https:\/\/web.molina.cl\/wp-content\/uploads\/2022\/04\/resized_IMG_6823-1024x575.jpg\" alt=\"\" data-id=\"50736\" data-full-url=\"https:\/\/web.molina.cl\/wp-content\/uploads\/2022\/04\/resized_IMG_6823.jpg\" data-link=\"https:\/\/web.molina.cl\/?attachment_id=50736\" class=\"wp-image-50736\" srcset=\"https:\/\/web.molina.cl\/wp-content\/uploads\/2022\/04\/resized_IMG_6823-1024x575.jpg 1024w, https:\/\/web.molina.cl\/wp-content\/uploads\/2022\/04\/resized_IMG_6823-300x169.jpg 300w, https:\/\/web.molina.cl\/wp-content\/uploads\/2022\/04\/resized_IMG_6823-768x431.jpg 768w, https:\/\/web.molina.cl\/wp-content\/uploads\/2022\/04\/resized_IMG_6823-696x391.jpg 696w, https:\/\/web.molina.cl\/wp-content\/uploads\/2022\/04\/resized_IMG_6823-1068x600.jpg 1068w, https:\/\/web.molina.cl\/wp-content\/uploads\/2022\/04\/resized_IMG_6823-748x420.jpg 748w, https:\/\/web.molina.cl\/wp-content\/uploads\/2022\/04\/resized_IMG_6823.jpg 1280w\" sizes=\"(max-width: 1024px) 100vw, 1024px\" \/><\/a><\/figure><\/li><li class=\"blocks-gallery-item\"><figure><a href=\"https:\/\/web.molina.cl\/wp-content\/uploads\/2022\/04\/resized_IMG_6831.jpg\"><img loading=\"lazy\" decoding=\"async\" width=\"1024\" height=\"575\" src=\"https:\/\/web.molina.cl\/wp-content\/uploads\/2022\/04\/resized_IMG_6831-1024x575.jpg\" alt=\"\" data-id=\"50737\" data-full-url=\"https:\/\/web.molina.cl\/wp-content\/uploads\/2022\/04\/resized_IMG_6831.jpg\" data-link=\"https:\/\/web.molina.cl\/?attachment_id=50737\" class=\"wp-image-50737\" srcset=\"https:\/\/web.molina.cl\/wp-content\/uploads\/2022\/04\/resized_IMG_6831-1024x575.jpg 1024w, https:\/\/web.molina.cl\/wp-content\/uploads\/2022\/04\/resized_IMG_6831-300x169.jpg 300w, https:\/\/web.molina.cl\/wp-content\/uploads\/2022\/04\/resized_IMG_6831-768x431.jpg 768w, https:\/\/web.molina.cl\/wp-content\/uploads\/2022\/04\/resized_IMG_6831-696x391.jpg 696w, https:\/\/web.molina.cl\/wp-content\/uploads\/2022\/04\/resized_IMG_6831-1068x600.jpg 1068w, https:\/\/web.molina.cl\/wp-content\/uploads\/2022\/04\/resized_IMG_6831-748x420.jpg 748w, https:\/\/web.molina.cl\/wp-content\/uploads\/2022\/04\/resized_IMG_6831.jpg 1280w\" sizes=\"(max-width: 1024px) 100vw, 1024px\" \/><\/a><\/figure><\/li><li class=\"blocks-gallery-item\"><figure><a href=\"https:\/\/web.molina.cl\/wp-content\/uploads\/2022\/04\/resized_IMG_6850.jpg\"><img loading=\"lazy\" decoding=\"async\" width=\"1024\" height=\"682\" src=\"https:\/\/web.molina.cl\/wp-content\/uploads\/2022\/04\/resized_IMG_6850-1024x682.jpg\" alt=\"\" data-id=\"50738\" data-full-url=\"https:\/\/web.molina.cl\/wp-content\/uploads\/2022\/04\/resized_IMG_6850.jpg\" data-link=\"https:\/\/web.molina.cl\/?attachment_id=50738\" class=\"wp-image-50738\" srcset=\"https:\/\/web.molina.cl\/wp-content\/uploads\/2022\/04\/resized_IMG_6850-1024x682.jpg 1024w, https:\/\/web.molina.cl\/wp-content\/uploads\/2022\/04\/resized_IMG_6850-300x200.jpg 300w, https:\/\/web.molina.cl\/wp-content\/uploads\/2022\/04\/resized_IMG_6850-768x512.jpg 768w, https:\/\/web.molina.cl\/wp-content\/uploads\/2022\/04\/resized_IMG_6850-696x464.jpg 696w, https:\/\/web.molina.cl\/wp-content\/uploads\/2022\/04\/resized_IMG_6850-1068x712.jpg 1068w, https:\/\/web.molina.cl\/wp-content\/uploads\/2022\/04\/resized_IMG_6850-630x420.jpg 630w, https:\/\/web.molina.cl\/wp-content\/uploads\/2022\/04\/resized_IMG_6850.jpg 1280w\" sizes=\"(max-width: 1024px) 100vw, 1024px\" \/><\/a><\/figure><\/li><li class=\"blocks-gallery-item\"><figure><a href=\"https:\/\/web.molina.cl\/wp-content\/uploads\/2022\/04\/resized_IMG_6853.jpg\"><img loading=\"lazy\" decoding=\"async\" width=\"1024\" height=\"682\" src=\"https:\/\/web.molina.cl\/wp-content\/uploads\/2022\/04\/resized_IMG_6853-1024x682.jpg\" alt=\"\" data-id=\"50739\" data-full-url=\"https:\/\/web.molina.cl\/wp-content\/uploads\/2022\/04\/resized_IMG_6853.jpg\" data-link=\"https:\/\/web.molina.cl\/?attachment_id=50739\" class=\"wp-image-50739\" srcset=\"https:\/\/web.molina.cl\/wp-content\/uploads\/2022\/04\/resized_IMG_6853-1024x682.jpg 1024w, https:\/\/web.molina.cl\/wp-content\/uploads\/2022\/04\/resized_IMG_6853-300x200.jpg 300w, https:\/\/web.molina.cl\/wp-content\/uploads\/2022\/04\/resized_IMG_6853-768x512.jpg 768w, https:\/\/web.molina.cl\/wp-content\/uploads\/2022\/04\/resized_IMG_6853-696x464.jpg 696w, https:\/\/web.molina.cl\/wp-content\/uploads\/2022\/04\/resized_IMG_6853-1068x712.jpg 1068w, https:\/\/web.molina.cl\/wp-content\/uploads\/2022\/04\/resized_IMG_6853-630x420.jpg 630w, https:\/\/web.molina.cl\/wp-content\/uploads\/2022\/04\/resized_IMG_6853.jpg 1280w\" sizes=\"(max-width: 1024px) 100vw, 1024px\" \/><\/a><\/figure><\/li><li class=\"blocks-gallery-item\"><figure><a href=\"https:\/\/web.molina.cl\/wp-content\/uploads\/2022\/04\/resized_IMG_6861.jpg\"><img loading=\"lazy\" decoding=\"async\" width=\"1024\" height=\"682\" src=\"https:\/\/web.molina.cl\/wp-content\/uploads\/2022\/04\/resized_IMG_6861-1024x682.jpg\" alt=\"\" data-id=\"50740\" data-full-url=\"https:\/\/web.molina.cl\/wp-content\/uploads\/2022\/04\/resized_IMG_6861.jpg\" data-link=\"https:\/\/web.molina.cl\/?attachment_id=50740\" class=\"wp-image-50740\" srcset=\"https:\/\/web.molina.cl\/wp-content\/uploads\/2022\/04\/resized_IMG_6861-1024x682.jpg 1024w, https:\/\/web.molina.cl\/wp-content\/uploads\/2022\/04\/resized_IMG_6861-300x200.jpg 300w, https:\/\/web.molina.cl\/wp-content\/uploads\/2022\/04\/resized_IMG_6861-768x512.jpg 768w, https:\/\/web.molina.cl\/wp-content\/uploads\/2022\/04\/resized_IMG_6861-696x464.jpg 696w, https:\/\/web.molina.cl\/wp-content\/uploads\/2022\/04\/resized_IMG_6861-1068x712.jpg 1068w, https:\/\/web.molina.cl\/wp-content\/uploads\/2022\/04\/resized_IMG_6861-630x420.jpg 630w, https:\/\/web.molina.cl\/wp-content\/uploads\/2022\/04\/resized_IMG_6861.jpg 1280w\" sizes=\"(max-width: 1024px) 100vw, 1024px\" \/><\/a><\/figure><\/li><li class=\"blocks-gallery-item\"><figure><a href=\"https:\/\/web.molina.cl\/wp-content\/uploads\/2022\/04\/resized_IMG_6873.jpg\"><img loading=\"lazy\" decoding=\"async\" width=\"1024\" height=\"682\" src=\"https:\/\/web.molina.cl\/wp-content\/uploads\/2022\/04\/resized_IMG_6873-1024x682.jpg\" alt=\"\" data-id=\"50741\" data-full-url=\"https:\/\/web.molina.cl\/wp-content\/uploads\/2022\/04\/resized_IMG_6873.jpg\" data-link=\"https:\/\/web.molina.cl\/?attachment_id=50741\" class=\"wp-image-50741\" srcset=\"https:\/\/web.molina.cl\/wp-content\/uploads\/2022\/04\/resized_IMG_6873-1024x682.jpg 1024w, https:\/\/web.molina.cl\/wp-content\/uploads\/2022\/04\/resized_IMG_6873-300x200.jpg 300w, https:\/\/web.molina.cl\/wp-content\/uploads\/2022\/04\/resized_IMG_6873-768x512.jpg 768w, https:\/\/web.molina.cl\/wp-content\/uploads\/2022\/04\/resized_IMG_6873-696x464.jpg 696w, https:\/\/web.molina.cl\/wp-content\/uploads\/2022\/04\/resized_IMG_6873-1068x712.jpg 1068w, https:\/\/web.molina.cl\/wp-content\/uploads\/2022\/04\/resized_IMG_6873-630x420.jpg 630w, https:\/\/web.molina.cl\/wp-content\/uploads\/2022\/04\/resized_IMG_6873.jpg 1280w\" sizes=\"(max-width: 1024px) 100vw, 1024px\" \/><\/a><\/figure><\/li><li class=\"blocks-gallery-item\"><figure><a href=\"https:\/\/web.molina.cl\/wp-content\/uploads\/2022\/04\/resized_IMG_6890.jpg\"><img loading=\"lazy\" decoding=\"async\" width=\"1024\" height=\"682\" src=\"https:\/\/web.molina.cl\/wp-content\/uploads\/2022\/04\/resized_IMG_6890-1024x682.jpg\" alt=\"\" data-id=\"50742\" data-full-url=\"https:\/\/web.molina.cl\/wp-content\/uploads\/2022\/04\/resized_IMG_6890.jpg\" data-link=\"https:\/\/web.molina.cl\/?attachment_id=50742\" class=\"wp-image-50742\" srcset=\"https:\/\/web.molina.cl\/wp-content\/uploads\/2022\/04\/resized_IMG_6890-1024x682.jpg 1024w, https:\/\/web.molina.cl\/wp-content\/uploads\/2022\/04\/resized_IMG_6890-300x200.jpg 300w, https:\/\/web.molina.cl\/wp-content\/uploads\/2022\/04\/resized_IMG_6890-768x512.jpg 768w, https:\/\/web.molina.cl\/wp-content\/uploads\/2022\/04\/resized_IMG_6890-696x464.jpg 696w, https:\/\/web.molina.cl\/wp-content\/uploads\/2022\/04\/resized_IMG_6890-1068x712.jpg 1068w, https:\/\/web.molina.cl\/wp-content\/uploads\/2022\/04\/resized_IMG_6890-630x420.jpg 630w, https:\/\/web.molina.cl\/wp-content\/uploads\/2022\/04\/resized_IMG_6890.jpg 1280w\" sizes=\"(max-width: 1024px) 100vw, 1024px\" \/><\/a><\/figure><\/li><\/ul><\/figure>\n","protected":false},"excerpt":{"rendered":"<p>La ceremonia estuvo marcada por los desaf\u00edos que se avizoran para el futuro en la comuna y las obras que comenzar\u00e1n a ejecutarse, como el Centro de Emergencias y el Cesfam de Molina urbano. Con \u00e9nfasis en los desaf\u00edos que se vienen en el futuro cercano, la alcaldesa de Molina, Priscilla Castillo, expuso la Cuenta [&hellip;]<\/p>\n","protected":false},"author":1,"featured_media":50728,"comment_status":"closed","ping_status":"open","sticky":false,"template":"","format":"standard","meta":{"footnotes":""},"categories":[3216,2,35,3,4,5,7,47,8],"tags":[20,3322,3313,3321,502],"_links":{"self":[{"href":"https:\/\/web.molina.cl\/index.php?rest_route=\/wp\/v2\/posts\/50727"}],"collection":[{"href":"https:\/\/web.molina.cl\/index.php?rest_route=\/wp\/v2\/posts"}],"about":[{"href":"https:\/\/web.molina.cl\/index.php?rest_route=\/wp\/v2\/types\/post"}],"author":[{"embeddable":true,"href":"https:\/\/web.molina.cl\/index.php?rest_route=\/wp\/v2\/users\/1"}],"replies":[{"embeddable":true,"href":"https:\/\/web.molina.cl\/index.php?rest_route=%2Fwp%2Fv2%2Fcomments&post=50727"}],"version-history":[{"count":5,"href":"https:\/\/web.molina.cl\/index.php?rest_route=\/wp\/v2\/posts\/50727\/revisions"}],"predecessor-version":[{"id":50839,"href":"https:\/\/web.molina.cl\/index.php?rest_route=\/wp\/v2\/posts\/50727\/revisions\/50839"}],"wp:featuredmedia":[{"embeddable":true,"href":"https:\/\/web.molina.cl\/index.php?rest_route=\/wp\/v2\/media\/50728"}],"wp:attachment":[{"href":"https:\/\/web.molina.cl\/index.php?rest_route=%2Fwp%2Fv2%2Fmedia&parent=50727"}],"wp:term":[{"taxonomy":"category","embeddable":true,"href":"https:\/\/web.molina.cl\/index.php?rest_route=%2Fwp%2Fv2%2Fcategories&post=50727"},{"taxonomy":"post_tag","embeddable":true,"href":"https:\/\/web.molina.cl\/index.php?rest_route=%2Fwp%2Fv2%2Ftags&post=50727"}],"curies":[{"name":"wp","href":"https:\/\/api.w.org\/{rel}","templated":true}]}}