{"id":5020,"date":"2015-11-18T13:38:03","date_gmt":"2015-11-18T16:38:03","guid":{"rendered":"http:\/\/web.molina.cl\/?p=5020"},"modified":"2020-11-24T12:54:23","modified_gmt":"2020-11-24T16:54:23","slug":"futbol-calle-se-toma-la-plaza-de-molina","status":"publish","type":"post","link":"https:\/\/web.molina.cl\/?p=5020","title":{"rendered":"F\u00fatbol calle se toma la plaza de Molina"},"content":{"rendered":"<div>&nbsp;En el marco de las actividades de aniversario 181 a\u00f1os de Molina. Senda organiza F\u00fatbol Calle, en conjunto con la Corporaci\u00f3n de Deporte y Promoci\u00f3n de Salud.<\/div>\n<p><!--more--><\/p>\n<div><strong>Los&nbsp;resultados&nbsp;fueron:<\/strong><\/div>\n<div><\/div>\n<div>1er &nbsp;Lugar &nbsp;Colegio Cordillera<\/div>\n<div>2do Lugar &nbsp;Casa Blanca<\/div>\n<div>3er &nbsp;Lugar &nbsp;Mar\u00eda Auxiliadora<\/div>\n<div>4to &nbsp; Lugar &nbsp;Colegio Henri Cetty<\/div>\n<div><\/div>\n<div><\/div>\n<div>\n\n<\/div>\n","protected":false},"excerpt":{"rendered":"<p>&nbsp;En el marco de las actividades de aniversario 181 a\u00f1os de Molina. Senda organiza F\u00fatbol Calle, en conjunto con la Corporaci\u00f3n de Deporte y Promoci\u00f3n de Salud.<\/p>\n","protected":false},"author":1,"featured_media":5054,"comment_status":"open","ping_status":"open","sticky":false,"template":"","format":"standard","meta":{"footnotes":""},"categories":[35,4,16,64,7],"tags":[736,706,737,738,598,739,541,740,741],"_links":{"self":[{"href":"https:\/\/web.molina.cl\/index.php?rest_route=\/wp\/v2\/posts\/5020"}],"collection":[{"href":"https:\/\/web.molina.cl\/index.php?rest_route=\/wp\/v2\/posts"}],"about":[{"href":"https:\/\/web.molina.cl\/index.php?rest_route=\/wp\/v2\/types\/post"}],"author":[{"embeddable":true,"href":"https:\/\/web.molina.cl\/index.php?rest_route=\/wp\/v2\/users\/1"}],"replies":[{"embeddable":true,"href":"https:\/\/web.molina.cl\/index.php?rest_route=%2Fwp%2Fv2%2Fcomments&post=5020"}],"version-history":[{"count":1,"href":"https:\/\/web.molina.cl\/index.php?rest_route=\/wp\/v2\/posts\/5020\/revisions"}],"predecessor-version":[{"id":42710,"href":"https:\/\/web.molina.cl\/index.php?rest_route=\/wp\/v2\/posts\/5020\/revisions\/42710"}],"wp:featuredmedia":[{"embeddable":true,"href":"https:\/\/web.molina.cl\/index.php?rest_route=\/"}],"wp:attachment":[{"href":"https:\/\/web.molina.cl\/index.php?rest_route=%2Fwp%2Fv2%2Fmedia&parent=5020"}],"wp:term":[{"taxonomy":"category","embeddable":true,"href":"https:\/\/web.molina.cl\/index.php?rest_route=%2Fwp%2Fv2%2Fcategories&post=5020"},{"taxonomy":"post_tag","embeddable":true,"href":"https:\/\/web.molina.cl\/index.php?rest_route=%2Fwp%2Fv2%2Ftags&post=5020"}],"curies":[{"name":"wp","href":"https:\/\/api.w.org\/{rel}","templated":true}]}}