{"id":50126,"date":"2022-04-05T15:57:46","date_gmt":"2022-04-05T19:57:46","guid":{"rendered":"https:\/\/web.molina.cl\/?p=50126"},"modified":"2022-04-05T15:58:32","modified_gmt":"2022-04-05T19:58:32","slug":"alta-convocatoria-tuvo-toma-gratuita-de-examen-del-vih-en-molina","status":"publish","type":"post","link":"https:\/\/web.molina.cl\/?p=50126","title":{"rendered":"Alta convocatoria tuvo toma gratuita de examen del VIH en Molina"},"content":{"rendered":"\n<p><p aling=\"justify\"><em><strong>El operativo fue organizado por el municipio a trav\u00e9s del Departamento Social, en alianza con la Fundaci\u00f3n Sida Maule.<\/strong><\/em><\/p><\/p>\n\n\n\n<p><p aling=\"justify\"><strong>MOLINA.<\/strong> M\u00e1s de un centenar de personas, principalmente j\u00f3venes, participaron del operativo gratuito de toma de examen del Virus de la Inmunodeficiencia Humana (VIH) en Molina.<\/p><\/p>\n\n\n\n<p><p aling=\"justify\">En plena Plaza de Armas de la comuna, el equipo de profesionales estuvo durante una extensa jornada tomando las muestras para detectar la presencia del virus y entregar informaci\u00f3n a la comunidad, erradicando muchos mitos sobre lo que muchos expertos denominan como una pandemia silenciosa.<\/p><\/p>\n\n\n\n<p><p aling=\"justify\">La actividad obedece a una alianza estrat\u00e9gica entre la Fundaci\u00f3n Sida Maule y el municipio molinense, raz\u00f3n por la que habr\u00e1 m\u00e1s acciones similares a lo largo de la comuna para combatir a lo que los expertos denominan como la \u201cpandemia silenciosa\u201d.<\/p><\/p>\n\n\n\n<p><p aling=\"justify\"><strong>PARTICIPACI\u00d3N JOVEN<\/strong><\/p><\/p>\n\n\n\n<p><p aling=\"justify\">El operativo gratuito despert\u00f3 gran inter\u00e9s de los j\u00f3venes, especialmente de los estudiantes de Ense\u00f1anza Media, quienes se acercaron a recibir informaci\u00f3n y a realizarse el examen. Tal fue el caso de Daniela Cabrera, quien expres\u00f3 sobre la actividad que \u201cestoy de acuerdo, porque as\u00ed, si una persona est\u00e1 contagiada, podemos prevenirlo. Creo que todos debemos hacernos el test\u201d.<\/p><\/p>\n\n\n\n<p><p aling=\"justify\">Un aspecto que destac\u00f3 el Director del Departamento Social del municipio y coordinador del evento, Sebasti\u00e1n Vergara, fue \u201chacer una visibilizaci\u00f3n de este tipo de enfermedades que hoy tienen un tratamiento adecuado, por lo que haremos m\u00e1s operativos durante el a\u00f1o en otros sectores de la comuna\u201d.<\/p><\/p>\n\n\n\n<p><p aling=\"justify\">El profesional tambi\u00e9n se\u00f1al\u00f3 la importancia de educar a la poblaci\u00f3n sobre estos temas, raz\u00f3n por la que \u201chemos dispuesto tambi\u00e9n diferentes stands donde se hace la consultor\u00eda, otro con la toma de muestras y la consejer\u00eda final que tiene que ver con la prevenci\u00f3n de las Enfermedades de Transmisi\u00f3n Sexual (ETS)\u201d.<\/p><\/p>\n\n\n\n<p><p aling=\"justify\">En el lugar tambi\u00e9n estuvo una dupla de profesionales del Centro de la Mujer de Molina, haciendo campa\u00f1a en contra de la violencia en el pololeo, mensaje enfocado a la gran poblaci\u00f3n de j\u00f3venes y adolescentes que se acercaron para interiorizarse en la prevenci\u00f3n del VIH y a realizarse el test r\u00e1pido.<\/p><\/p>\n\n\n\n<p><p aling=\"justify\"><strong>APORTE A LA SALUD P\u00daBLICA<\/strong><\/p><\/p>\n\n\n\n<p><p aling=\"justify\">Por su parte, el Secretario Ejecutivo dela Fundaci\u00f3n Sida Maule, Alberto Inzulza, calific\u00f3 como exitoso el operativo, en donde m\u00e1s de un centenar de personas se realiz\u00f3 el examen y se logr\u00f3 derribar mitos acerca del VIH.<\/p><\/p>\n\n\n\n<p><p aling=\"justify\">\u201cPrimero, agradecer a la Municipalidad de Molina, porque hablar del VIH\/SIDA es hablar de salud p\u00fablica y de una problem\u00e1tica que en pandemia ha aumentado. Esto afecta no solo a grupos clave, sino que a mujeres y hombres sin importar su condici\u00f3n socioecon\u00f3mica o lugar de residencia. Valoramos que se han realizado m\u00e1s de cien test en la plaza y con resultados en solo 15 minutos, utilizando tecnolog\u00eda pionera en nuestra regi\u00f3n para detectar r\u00e1pidamente el VIH\u201d, se\u00f1al\u00f3.<\/p><\/p>\n\n\n\n<p><p aling=\"justify\">En tanto, la alcaldesa de Molina, Priscilla Castillo, se\u00f1al\u00f3 que es muy importante que en el pa\u00eds y en la Regi\u00f3n del Maule, \u201cnuestro sistema de salud debe concentrarse m\u00e1s en la prevenci\u00f3n, por eso haremos varias actividades en esta l\u00ednea\u201d.<\/p><\/p>\n\n\n\n<p><p aling=\"justify\">A modo de ejemplo, la jefa comunal detall\u00f3 que \u201clas personas que se contagian de VIH, reci\u00e9n a los 90 d\u00edas empiezan a tener alg\u00fan tipo de s\u00edntomas. Afortunadamente, hoy existe tratamiento, por lo tanto es importante que podamos pesquisarlo lo antes posible y tomar las medidas que corresponden\u201d.<\/p><\/p>\n\n\n\n<figure class=\"wp-block-gallery columns-2 is-cropped wp-block-gallery-1 is-layout-flex wp-block-gallery-is-layout-flex\"><ul class=\"blocks-gallery-grid\"><li class=\"blocks-gallery-item\"><figure><a href=\"https:\/\/web.molina.cl\/wp-content\/uploads\/2022\/04\/20220404_110916-1024x768.jpg\"><img loading=\"lazy\" decoding=\"async\" width=\"1024\" height=\"768\" src=\"https:\/\/web.molina.cl\/wp-content\/uploads\/2022\/04\/20220404_110916-1024x768.jpg\" alt=\"\" data-id=\"50130\" class=\"wp-image-50130\" srcset=\"https:\/\/web.molina.cl\/wp-content\/uploads\/2022\/04\/20220404_110916-1024x768.jpg 1024w, https:\/\/web.molina.cl\/wp-content\/uploads\/2022\/04\/20220404_110916-300x225.jpg 300w, https:\/\/web.molina.cl\/wp-content\/uploads\/2022\/04\/20220404_110916-768x576.jpg 768w, https:\/\/web.molina.cl\/wp-content\/uploads\/2022\/04\/20220404_110916-696x522.jpg 696w, https:\/\/web.molina.cl\/wp-content\/uploads\/2022\/04\/20220404_110916-1068x801.jpg 1068w, https:\/\/web.molina.cl\/wp-content\/uploads\/2022\/04\/20220404_110916-560x420.jpg 560w, https:\/\/web.molina.cl\/wp-content\/uploads\/2022\/04\/20220404_110916-80x60.jpg 80w, https:\/\/web.molina.cl\/wp-content\/uploads\/2022\/04\/20220404_110916-265x198.jpg 265w, https:\/\/web.molina.cl\/wp-content\/uploads\/2022\/04\/20220404_110916.jpg 1280w\" sizes=\"(max-width: 1024px) 100vw, 1024px\" \/><\/a><\/figure><\/li><li class=\"blocks-gallery-item\"><figure><a href=\"https:\/\/web.molina.cl\/wp-content\/uploads\/2022\/04\/IMG_5382.jpg\"><img loading=\"lazy\" decoding=\"async\" width=\"1024\" height=\"575\" src=\"https:\/\/web.molina.cl\/wp-content\/uploads\/2022\/04\/IMG_5382-1024x575.jpg\" alt=\"\" data-id=\"50131\" data-full-url=\"https:\/\/web.molina.cl\/wp-content\/uploads\/2022\/04\/IMG_5382.jpg\" data-link=\"https:\/\/web.molina.cl\/?attachment_id=50131\" class=\"wp-image-50131\" srcset=\"https:\/\/web.molina.cl\/wp-content\/uploads\/2022\/04\/IMG_5382-1024x575.jpg 1024w, https:\/\/web.molina.cl\/wp-content\/uploads\/2022\/04\/IMG_5382-300x169.jpg 300w, https:\/\/web.molina.cl\/wp-content\/uploads\/2022\/04\/IMG_5382-768x431.jpg 768w, https:\/\/web.molina.cl\/wp-content\/uploads\/2022\/04\/IMG_5382-696x391.jpg 696w, https:\/\/web.molina.cl\/wp-content\/uploads\/2022\/04\/IMG_5382-1068x600.jpg 1068w, https:\/\/web.molina.cl\/wp-content\/uploads\/2022\/04\/IMG_5382-748x420.jpg 748w, https:\/\/web.molina.cl\/wp-content\/uploads\/2022\/04\/IMG_5382.jpg 1280w\" sizes=\"(max-width: 1024px) 100vw, 1024px\" \/><\/a><\/figure><\/li><\/ul><\/figure>\n","protected":false},"excerpt":{"rendered":"<p>El operativo fue organizado por el municipio a trav\u00e9s del Departamento Social, en alianza con la Fundaci\u00f3n Sida Maule. MOLINA. M\u00e1s de un centenar de personas, principalmente j\u00f3venes, participaron del operativo gratuito de toma de examen del Virus de la Inmunodeficiencia Humana (VIH) en Molina. En plena Plaza de Armas de la comuna, el equipo [&hellip;]<\/p>\n","protected":false},"author":7,"featured_media":50129,"comment_status":"closed","ping_status":"open","sticky":false,"template":"","format":"standard","meta":{"footnotes":""},"categories":[3,4,40,7],"tags":[3317,3315,3316,2800,1584],"_links":{"self":[{"href":"https:\/\/web.molina.cl\/index.php?rest_route=\/wp\/v2\/posts\/50126"}],"collection":[{"href":"https:\/\/web.molina.cl\/index.php?rest_route=\/wp\/v2\/posts"}],"about":[{"href":"https:\/\/web.molina.cl\/index.php?rest_route=\/wp\/v2\/types\/post"}],"author":[{"embeddable":true,"href":"https:\/\/web.molina.cl\/index.php?rest_route=\/wp\/v2\/users\/7"}],"replies":[{"embeddable":true,"href":"https:\/\/web.molina.cl\/index.php?rest_route=%2Fwp%2Fv2%2Fcomments&post=50126"}],"version-history":[{"count":2,"href":"https:\/\/web.molina.cl\/index.php?rest_route=\/wp\/v2\/posts\/50126\/revisions"}],"predecessor-version":[{"id":50132,"href":"https:\/\/web.molina.cl\/index.php?rest_route=\/wp\/v2\/posts\/50126\/revisions\/50132"}],"wp:featuredmedia":[{"embeddable":true,"href":"https:\/\/web.molina.cl\/index.php?rest_route=\/wp\/v2\/media\/50129"}],"wp:attachment":[{"href":"https:\/\/web.molina.cl\/index.php?rest_route=%2Fwp%2Fv2%2Fmedia&parent=50126"}],"wp:term":[{"taxonomy":"category","embeddable":true,"href":"https:\/\/web.molina.cl\/index.php?rest_route=%2Fwp%2Fv2%2Fcategories&post=50126"},{"taxonomy":"post_tag","embeddable":true,"href":"https:\/\/web.molina.cl\/index.php?rest_route=%2Fwp%2Fv2%2Ftags&post=50126"}],"curies":[{"name":"wp","href":"https:\/\/api.w.org\/{rel}","templated":true}]}}