{"id":48678,"date":"2022-01-07T15:47:42","date_gmt":"2022-01-07T19:47:42","guid":{"rendered":"https:\/\/web.molina.cl\/?p=48678"},"modified":"2022-01-07T15:49:40","modified_gmt":"2022-01-07T19:49:40","slug":"anuncian-recursos-para-construir-dos-sedes-sociales-en-molina","status":"publish","type":"post","link":"https:\/\/web.molina.cl\/?p=48678","title":{"rendered":"Anuncian recursos para construir dos sedes sociales en Molina"},"content":{"rendered":"\n<p><em><strong>Se trata de proyectos elaborados por el municipio con financiamiento del Servicio de Vivienda y Urbanismo (Serviu) por 6.800 UF (unos 21 millones de pesos).<\/strong><\/em><\/p>\n\n\n\n<p>Importantes recursos llegar\u00e1n a Molina para hacer realidad el sue\u00f1o de dos comunidades que por a\u00f1os no han podido contar con un lugar estable para hacer sus reuniones: Estero Seco de Lontu\u00e9 y Buena Uni\u00f3n (camino a la pre-cordillera).<\/p>\n\n\n\n<p>Gracias a sendos proyectos elaborados por la Egis Municipal, ahora los vecinos de ambos barrios ver\u00e1n la construcci\u00f3n del sue\u00f1o de muchos: la ansiada sede social para poder realizar sus reuniones y actividades.<\/p>\n\n\n\n<p>La buena noticia ser\u00e1 posible gracias a financiamiento del Servicio de Vivienda y Urbanismo (Serviu), entidad que aportar\u00e1 con 6.800 UF en total entre ambas iniciativas (poco m\u00e1s de 21 millones de pesos).<\/p>\n\n\n\n<p><strong>A\u00d1OS DE ESFUERZO<\/strong><\/p>\n\n\n\n<p>Junto con agradecer a Serviu por los recursos entregados, la alcaldesa molinense, Priscilla Castillo, record\u00f3 las d\u00e9cadas de esfuerzo que han tenido que vivir las comunidades de ambos sectores hasta lograr el anhelado sue\u00f1o de contar con una sede social.<\/p>\n\n\n\n<p>\u201cEn el Estero Seco hubo todo un trabajo de a\u00f1os en un terreno donde hab\u00eda una mediagua que usaban como sede y que se fue deteriorando con el tiempo, quedando absolutamente deformada y a punto de caerse\u201d, se\u00f1al\u00f3 la autoridad.<\/p>\n\n\n\n<p>De igual forma, la jefa comunal indic\u00f3 que \u201cen Buena Uni\u00f3n, lo que hay son los vestigios de una antigua casa patronal de fundo, donde los vecinos hac\u00edan sus competencias de f\u00fatbol y bailes, pero qued\u00f3 en muy mal estado tras el terremoto. Hubo que hacer un extenso trabajo de regularizaci\u00f3n a trav\u00e9s del Ministerio Bienes Nacionales, pero lo logramos\u201d.<\/p>\n\n\n\n<p><strong>PRONTA CONSTRUCCI\u00d3N<\/strong><\/p>\n\n\n\n<p>Las sedes sociales de Buena Uni\u00f3n y Estero Seco contar\u00e1n con acceso universal, rampas de acceso para personas con discapacidad, estacionamiento, sala multiuso, bodega, cocina y ba\u00f1os.<\/p>\n\n\n\n<p>Se espera que la construcci\u00f3n comience dentro de 60 d\u00edas, teniendo un plazo de ejecuci\u00f3n de un a\u00f1o desde el inicio de las obras en Molina.<\/p>\n\n\n\n<div><a href=\"https:\/\/web.molina.cl\/wp-content\/uploads\/2022\/01\/sede-1024x576.jpg\" class=\"td-modal-image\"><figure class=\"wp-block-image size-large td-caption-align-https:\/\/web.molina.cl\/wp-content\/uploads\/2022\/01\/sede.jpg\"><img loading=\"lazy\" decoding=\"async\" width=\"1024\" height=\"576\" src=\"https:\/\/web.molina.cl\/wp-content\/uploads\/2022\/01\/sede-1024x576.jpg\" alt=\"\" class=\"wp-image-48680\" srcset=\"https:\/\/web.molina.cl\/wp-content\/uploads\/2022\/01\/sede-1024x576.jpg 1024w, https:\/\/web.molina.cl\/wp-content\/uploads\/2022\/01\/sede-300x169.jpg 300w, https:\/\/web.molina.cl\/wp-content\/uploads\/2022\/01\/sede-768x432.jpg 768w, https:\/\/web.molina.cl\/wp-content\/uploads\/2022\/01\/sede-696x392.jpg 696w, https:\/\/web.molina.cl\/wp-content\/uploads\/2022\/01\/sede-1068x601.jpg 1068w, https:\/\/web.molina.cl\/wp-content\/uploads\/2022\/01\/sede-747x420.jpg 747w, https:\/\/web.molina.cl\/wp-content\/uploads\/2022\/01\/sede.jpg 1280w\" sizes=\"(max-width: 1024px) 100vw, 1024px\" \/><\/figure><\/a><\/div>\n","protected":false},"excerpt":{"rendered":"<p>Se trata de proyectos elaborados por el municipio con financiamiento del Servicio de Vivienda y Urbanismo (Serviu) por 6.800 UF (unos 21 millones de pesos). Importantes recursos llegar\u00e1n a Molina para hacer realidad el sue\u00f1o de dos comunidades que por a\u00f1os no han podido contar con un lugar estable para hacer sus reuniones: Estero Seco [&hellip;]<\/p>\n","protected":false},"author":1,"featured_media":48679,"comment_status":"closed","ping_status":"open","sticky":false,"template":"","format":"standard","meta":{"footnotes":""},"categories":[3,4],"tags":[1027,2461,3302,3301,1455],"_links":{"self":[{"href":"https:\/\/web.molina.cl\/index.php?rest_route=\/wp\/v2\/posts\/48678"}],"collection":[{"href":"https:\/\/web.molina.cl\/index.php?rest_route=\/wp\/v2\/posts"}],"about":[{"href":"https:\/\/web.molina.cl\/index.php?rest_route=\/wp\/v2\/types\/post"}],"author":[{"embeddable":true,"href":"https:\/\/web.molina.cl\/index.php?rest_route=\/wp\/v2\/users\/1"}],"replies":[{"embeddable":true,"href":"https:\/\/web.molina.cl\/index.php?rest_route=%2Fwp%2Fv2%2Fcomments&post=48678"}],"version-history":[{"count":2,"href":"https:\/\/web.molina.cl\/index.php?rest_route=\/wp\/v2\/posts\/48678\/revisions"}],"predecessor-version":[{"id":48683,"href":"https:\/\/web.molina.cl\/index.php?rest_route=\/wp\/v2\/posts\/48678\/revisions\/48683"}],"wp:featuredmedia":[{"embeddable":true,"href":"https:\/\/web.molina.cl\/index.php?rest_route=\/wp\/v2\/media\/48679"}],"wp:attachment":[{"href":"https:\/\/web.molina.cl\/index.php?rest_route=%2Fwp%2Fv2%2Fmedia&parent=48678"}],"wp:term":[{"taxonomy":"category","embeddable":true,"href":"https:\/\/web.molina.cl\/index.php?rest_route=%2Fwp%2Fv2%2Fcategories&post=48678"},{"taxonomy":"post_tag","embeddable":true,"href":"https:\/\/web.molina.cl\/index.php?rest_route=%2Fwp%2Fv2%2Ftags&post=48678"}],"curies":[{"name":"wp","href":"https:\/\/api.w.org\/{rel}","templated":true}]}}