{"id":48665,"date":"2022-01-06T15:09:56","date_gmt":"2022-01-06T19:09:56","guid":{"rendered":"https:\/\/web.molina.cl\/?p=48665"},"modified":"2022-01-06T15:16:08","modified_gmt":"2022-01-06T19:16:08","slug":"entregan-resolucion-para-construir-el-primer-centro-comunitario-de-respuesta-a-emergencias-y-catastrofes-de-latinoamerica-en-molina","status":"publish","type":"post","link":"https:\/\/web.molina.cl\/?p=48665","title":{"rendered":"Entregan resoluci\u00f3n para construir el primer Centro Comunitario de Respuesta a Emergencias y Cat\u00e1strofes de Latinoam\u00e9rica en Molina"},"content":{"rendered":"\n<p><strong><em>El recinto ser\u00e1 administrado por el municipio y la Uni\u00f3n Comunal de Juntas de Vecinos, para lo cual el Servicio de Vivienda y Urbanismo (Serviu) destin\u00f3 m\u00e1s de 240 millones de pesos.<\/em><\/strong><\/p>\n\n\n\n<p>La resoluci\u00f3n oficial para construir el primer Centro Comunitario de Respuesta a Emergencias y Cat\u00e1strofes de Chile y Latinoam\u00e9rica recibieron las autoridades locales junto a los vecinos, a un costado de la medialuna del estadio de Molina.<\/p>\n\n\n\n<p>Se trata de un proyecto dise\u00f1ado por el municipio y postulado por la Uni\u00f3n Comunal de Juntas de Vecinos, cuya finalidad es mejorar la gesti\u00f3n antes, durante y despu\u00e9s de una situaci\u00f3n de contingencia.<\/p>\n\n\n\n<p>En el propio terreno donde se edificar\u00e1 el recinto, el Secretario Regional Ministerial (Seremi) de Vivienda, Gonzalo Montero, hizo entrega de la documentaci\u00f3n a la alcaldesa Priscilla Castillo y a dirigentes vecinales.<\/p>\n\n\n\n<p><strong>MEJOR PREPARADOS<\/strong><\/p>\n\n\n\n<p>La idea tom\u00f3 fuerza tras el mega-incendio que azot\u00f3 la zona pre-cordillerana durante 2020 y que consumi\u00f3 cientos de hect\u00e1reas, obligando a la evacuaci\u00f3n de decenas de lugare\u00f1os y dejando como lecci\u00f3n la importancia de estar preparados ante los designios de la naturaleza.<\/p>\n\n\n\n<p>\u201cEl hecho de poder vivir el incendio, que si bien fue traum\u00e1tico para todos, permiti\u00f3 que surgieran oportunidades, como los nexos que hicimos con la Oficina Nacional de Emergencias (Onemi) y Anita Alcayaga del Ministerio de Vivienda. Doy las gracias al equipo de la Egis Municipal y de la Secretar\u00eda de Planificaci\u00f3n (Secplan), al Concejo Municipal y al Serviu, porque fue un trabajo en equipo\u201d, se\u00f1al\u00f3 la alcaldesa Priscilla Castillo.<\/p>\n\n\n\n<p>Por su parte, el Director Regional de Onemi, Carlos Bernales, afirm\u00f3 que \u201ctengo la f\u00e9rrea convicci\u00f3n del trabajo que se hace en esta comuna, no solo en la prevenci\u00f3n de riesgos y desastres; sino que tambi\u00e9n en los \u00e1mbitos de planificaci\u00f3n, trabajo social y comunitario. Esto es no improvisar, es ponerse pantalones largos, trabajar en equipo y dar un enfoque comunitario: porque las emergencias ocurren en la comunidad\u201d.<\/p>\n\n\n\n<p>En tanto, la presidenta de la Uni\u00f3n Comunal de Juntas de Vecinos, Mirna Fern\u00e1ndez, coment\u00f3 que \u201ces importante felicitar a todos los funcionarios de la municipalidad, porque ha sido un trabajo excelente y sacrificado, convirti\u00e9ndose en un orgullo\u201d, agregando que \u201ces un proyecto muy grande y como dirigente estoy feliz, porque es un trabajo en equipo en donde nosotros insist\u00edamos siempre y ahora por fin tendremos un lugar donde hacer reuniones y guardar nuestros implementos\u201d.<\/p>\n\n\n\n<p><strong>MODERNO EDIFICIO<\/strong><\/p>\n\n\n\n<p>Entre las caracter\u00edsticas del moderno recinto que se edificar\u00e1 a un costado del estadio molinense y que ser\u00e1 administrado por el municipio, destaca la autonom\u00eda para funcionar de manera aut\u00f3noma hasta por 72 horas en cuanto a suministro de agua y luz en caso de cat\u00e1strofes.<\/p>\n\n\n\n<p>En \u00e9l, se reunir\u00e1 el Comit\u00e9 Comunal de Emergencias cuando ocurra alguna cat\u00e1strofe, ya sea incendio forestal, terremoto, inundaci\u00f3n, desastre qu\u00edmico u otros. Adem\u00e1s, la infraestructura contar\u00e1 con conexi\u00f3n inmediata con los organismos pertinentes, como Carabineros, Bomberos, PDI, Defensa Civil y Onemi, entre otros.<\/p>\n\n\n\n<div><a href=\"https:\/\/web.molina.cl\/wp-content\/uploads\/2022\/01\/centro-comunitario-respuestas-emergencia-1024x575.jpg\" class=\"td-modal-image\"><figure class=\"wp-block-image size-large td-caption-align-https:\/\/web.molina.cl\/wp-content\/uploads\/2022\/01\/centro-comunitario-respuestas-emergencia.jpg\"><img loading=\"lazy\" decoding=\"async\" width=\"1024\" height=\"575\" src=\"https:\/\/web.molina.cl\/wp-content\/uploads\/2022\/01\/centro-comunitario-respuestas-emergencia-1024x575.jpg\" alt=\"\" class=\"wp-image-48667\" srcset=\"https:\/\/web.molina.cl\/wp-content\/uploads\/2022\/01\/centro-comunitario-respuestas-emergencia-1024x575.jpg 1024w, https:\/\/web.molina.cl\/wp-content\/uploads\/2022\/01\/centro-comunitario-respuestas-emergencia-300x169.jpg 300w, https:\/\/web.molina.cl\/wp-content\/uploads\/2022\/01\/centro-comunitario-respuestas-emergencia-768x431.jpg 768w, https:\/\/web.molina.cl\/wp-content\/uploads\/2022\/01\/centro-comunitario-respuestas-emergencia-696x391.jpg 696w, https:\/\/web.molina.cl\/wp-content\/uploads\/2022\/01\/centro-comunitario-respuestas-emergencia-1068x600.jpg 1068w, https:\/\/web.molina.cl\/wp-content\/uploads\/2022\/01\/centro-comunitario-respuestas-emergencia-748x420.jpg 748w, https:\/\/web.molina.cl\/wp-content\/uploads\/2022\/01\/centro-comunitario-respuestas-emergencia.jpg 1280w\" sizes=\"(max-width: 1024px) 100vw, 1024px\" \/><\/figure><\/a><\/div>\n","protected":false},"excerpt":{"rendered":"<p>El recinto ser\u00e1 administrado por el municipio y la Uni\u00f3n Comunal de Juntas de Vecinos, para lo cual el Servicio de Vivienda y Urbanismo (Serviu) destin\u00f3 m\u00e1s de 240 millones de pesos. La resoluci\u00f3n oficial para construir el primer Centro Comunitario de Respuesta a Emergencias y Cat\u00e1strofes de Chile y Latinoam\u00e9rica recibieron las autoridades locales [&hellip;]<\/p>\n","protected":false},"author":1,"featured_media":48666,"comment_status":"closed","ping_status":"open","sticky":false,"template":"","format":"standard","meta":{"footnotes":""},"categories":[3,44,6,9],"tags":[3293,184,753,316,2461,3036,46,50,1455],"_links":{"self":[{"href":"https:\/\/web.molina.cl\/index.php?rest_route=\/wp\/v2\/posts\/48665"}],"collection":[{"href":"https:\/\/web.molina.cl\/index.php?rest_route=\/wp\/v2\/posts"}],"about":[{"href":"https:\/\/web.molina.cl\/index.php?rest_route=\/wp\/v2\/types\/post"}],"author":[{"embeddable":true,"href":"https:\/\/web.molina.cl\/index.php?rest_route=\/wp\/v2\/users\/1"}],"replies":[{"embeddable":true,"href":"https:\/\/web.molina.cl\/index.php?rest_route=%2Fwp%2Fv2%2Fcomments&post=48665"}],"version-history":[{"count":1,"href":"https:\/\/web.molina.cl\/index.php?rest_route=\/wp\/v2\/posts\/48665\/revisions"}],"predecessor-version":[{"id":48668,"href":"https:\/\/web.molina.cl\/index.php?rest_route=\/wp\/v2\/posts\/48665\/revisions\/48668"}],"wp:featuredmedia":[{"embeddable":true,"href":"https:\/\/web.molina.cl\/index.php?rest_route=\/wp\/v2\/media\/48666"}],"wp:attachment":[{"href":"https:\/\/web.molina.cl\/index.php?rest_route=%2Fwp%2Fv2%2Fmedia&parent=48665"}],"wp:term":[{"taxonomy":"category","embeddable":true,"href":"https:\/\/web.molina.cl\/index.php?rest_route=%2Fwp%2Fv2%2Fcategories&post=48665"},{"taxonomy":"post_tag","embeddable":true,"href":"https:\/\/web.molina.cl\/index.php?rest_route=%2Fwp%2Fv2%2Ftags&post=48665"}],"curies":[{"name":"wp","href":"https:\/\/api.w.org\/{rel}","templated":true}]}}