{"id":48615,"date":"2022-01-04T16:08:53","date_gmt":"2022-01-04T20:08:53","guid":{"rendered":"https:\/\/web.molina.cl\/?p=48615"},"modified":"2022-01-04T16:10:36","modified_gmt":"2022-01-04T20:10:36","slug":"setecientos-ciclistas-por-la-gloria-kingkona-mtb-se-toma-la-pre-cordillera-de-molina-este-domingo","status":"publish","type":"post","link":"https:\/\/web.molina.cl\/?p=48615","title":{"rendered":"Setecientos ciclistas por la gloria: KingKona MTB se toma la pre-cordillera de Molina este domingo"},"content":{"rendered":"\n<p>La octava versi\u00f3n del evento deportivo tendr\u00e1 su punto de partida en el sector de Fuente de Agua, teniendo contemplado un arduo trayecto solo recomendado para valientes.<\/p>\n\n\n\n<p>Los pedales, cascos y llantas se tomar\u00e1n la zona pre-cordillerana de Molina este domingo 9 de enero, con el retorno del primer gran evento de ciclismo del a\u00f1o: la KingKona MTB 2022.<\/p>\n\n\n\n<p>Se trata de la octava versi\u00f3n de la corrida que cada vez suma m\u00e1s adeptos y participantes, con m\u00e1s de 700 valientes que se inscribieron en esta oportunidad a probarse a s\u00ed mismos en un complejo desaf\u00edo por la alta monta\u00f1a.<\/p>\n\n\n\n<p>La traves\u00eda tendr\u00e1 su punto de partida en el sector Fuente de Agua, para luego adentrarse por fundos y cerros de La Valdesina y ascendiendo incluso a la localidad de Alupenhue, para luego regresar al sector de inicio.<\/p>\n\n\n\n<p><strong>APOYO MUNICIPAL<\/strong><\/p>\n\n\n\n<p>Para su realizaci\u00f3n despu\u00e9s de una prolongada ausencia por las restricciones de la pandemia, el municipio comandado por la alcaldesa Priscilla Castillo destin\u00f3 una importante subvenci\u00f3n de seiscientos mil pesos al Club Deportivo KingKona tras aprobaci\u00f3n del Concejo Municipal.<\/p>\n\n\n\n<p>De igual manera, la Corporaci\u00f3n Municipal de Deportes es uno de los patrocinadores del evento, gestionando la presencia de dos ambulancias, veh\u00edculos de patrullaje preventivo de la Direcci\u00f3n de Seguridad P\u00fablica, cami\u00f3n aljibe con agua potable y facilitando algunos materiales, como las vallas de demarcaci\u00f3n.<\/p>\n\n\n\n<figure class=\"wp-block-image size-large td-caption-align-https:\/\/web.molina.cl\/wp-content\/uploads\/2022\/01\/kingkona-2022-.jpg\"><img loading=\"lazy\" decoding=\"async\" width=\"1024\" height=\"682\" src=\"https:\/\/web.molina.cl\/wp-content\/uploads\/2022\/01\/kingkona-2022--1024x682.jpg\" alt=\"\" class=\"wp-image-48617\" srcset=\"https:\/\/web.molina.cl\/wp-content\/uploads\/2022\/01\/kingkona-2022--1024x682.jpg 1024w, https:\/\/web.molina.cl\/wp-content\/uploads\/2022\/01\/kingkona-2022--300x200.jpg 300w, https:\/\/web.molina.cl\/wp-content\/uploads\/2022\/01\/kingkona-2022--768x512.jpg 768w, https:\/\/web.molina.cl\/wp-content\/uploads\/2022\/01\/kingkona-2022--696x464.jpg 696w, https:\/\/web.molina.cl\/wp-content\/uploads\/2022\/01\/kingkona-2022--1068x712.jpg 1068w, https:\/\/web.molina.cl\/wp-content\/uploads\/2022\/01\/kingkona-2022--630x420.jpg 630w, https:\/\/web.molina.cl\/wp-content\/uploads\/2022\/01\/kingkona-2022-.jpg 1280w\" sizes=\"(max-width: 1024px) 100vw, 1024px\" \/><\/figure>\n\n\n\n<p>\u201cEsperamos que, tal como ha sido la t\u00f3nica de los \u00faltimos a\u00f1os, tengamos una emocionante disputa y una experiencia inolvidable tanto para los competidores como para las familias que llegan a presenciar este cada vez m\u00e1s relevante evento del ciclismo nacional. Nuestro compromiso y el de la alcaldesa es potenciar este tipo de actividades, raz\u00f3n por la que le ayudamos al club a postular a un proyecto del Gobierno Regional, logrando un importante financiamiento de 5,4 millones de pesos. As\u00ed como ellos, esperamos que mucha m\u00e1s gente se motive a realizar actividad f\u00edsica y a ganarle al sedentarismo\u201d, se\u00f1al\u00f3 Alejandro Ortiz, gerente de la Corporaci\u00f3n Municipal de Deportes de Molina.<\/p>\n","protected":false},"excerpt":{"rendered":"<p>La octava versi\u00f3n del evento deportivo tendr\u00e1 su punto de partida en el sector de Fuente de Agua, teniendo contemplado un arduo trayecto solo recomendado para valientes. Los pedales, cascos y llantas se tomar\u00e1n la zona pre-cordillerana de Molina este domingo 9 de enero, con el retorno del primer gran evento de ciclismo del a\u00f1o: [&hellip;]<\/p>\n","protected":false},"author":1,"featured_media":48616,"comment_status":"closed","ping_status":"open","sticky":false,"template":"","format":"standard","meta":{"footnotes":""},"categories":[35,4],"tags":[2752,2731,2505,3290,2289],"_links":{"self":[{"href":"https:\/\/web.molina.cl\/index.php?rest_route=\/wp\/v2\/posts\/48615"}],"collection":[{"href":"https:\/\/web.molina.cl\/index.php?rest_route=\/wp\/v2\/posts"}],"about":[{"href":"https:\/\/web.molina.cl\/index.php?rest_route=\/wp\/v2\/types\/post"}],"author":[{"embeddable":true,"href":"https:\/\/web.molina.cl\/index.php?rest_route=\/wp\/v2\/users\/1"}],"replies":[{"embeddable":true,"href":"https:\/\/web.molina.cl\/index.php?rest_route=%2Fwp%2Fv2%2Fcomments&post=48615"}],"version-history":[{"count":1,"href":"https:\/\/web.molina.cl\/index.php?rest_route=\/wp\/v2\/posts\/48615\/revisions"}],"predecessor-version":[{"id":48618,"href":"https:\/\/web.molina.cl\/index.php?rest_route=\/wp\/v2\/posts\/48615\/revisions\/48618"}],"wp:featuredmedia":[{"embeddable":true,"href":"https:\/\/web.molina.cl\/index.php?rest_route=\/wp\/v2\/media\/48616"}],"wp:attachment":[{"href":"https:\/\/web.molina.cl\/index.php?rest_route=%2Fwp%2Fv2%2Fmedia&parent=48615"}],"wp:term":[{"taxonomy":"category","embeddable":true,"href":"https:\/\/web.molina.cl\/index.php?rest_route=%2Fwp%2Fv2%2Fcategories&post=48615"},{"taxonomy":"post_tag","embeddable":true,"href":"https:\/\/web.molina.cl\/index.php?rest_route=%2Fwp%2Fv2%2Ftags&post=48615"}],"curies":[{"name":"wp","href":"https:\/\/api.w.org\/{rel}","templated":true}]}}