{"id":47852,"date":"2021-11-25T08:56:33","date_gmt":"2021-11-25T12:56:33","guid":{"rendered":"https:\/\/web.molina.cl\/?p=47852"},"modified":"2021-11-25T08:58:11","modified_gmt":"2021-11-25T12:58:11","slug":"basta-ya-conmemoran-a-victimas-de-femicidio-con-velaton-en-molina","status":"publish","type":"post","link":"https:\/\/web.molina.cl\/?p=47852","title":{"rendered":"\u00a1Basta ya! Conmemoran a v\u00edctimas de femicidio con Velat\u00f3n en Molina"},"content":{"rendered":"\n<p align=\"justify\"><strong><em>Una emotiva velat\u00f3n tuvo lugar en el ode\u00f3n de la Plaza de Molina para conmemorar a las 33 v\u00edctimas de femicidio ocurridos durante 2021.<\/em><\/strong><\/p>\n\n\n\n<p align=\"justify\">Un potente llamado de atenci\u00f3n hacia autoridades y comunidad realizaron las cerca de cien manifestantes que llegaron hasta el c\u00e9ntrico lugar para expresar su solidaridad con quienes han perdido la vida producto del machismo en nuestro pa\u00eds.<\/p>\n\n\n\n<p align=\"justify\">Bajo la consigna de que no hay que esperar otra tragedia, las asistentes a la ceremonia llamaron la atenci\u00f3n de transe\u00fantes y comerciantes entregando el mensaje del necesario cambio que necesita la sociedad, avanzando en el respeto irrestricto hacia la mujer y la eliminaci\u00f3n de las barreras de discriminaci\u00f3n.<\/p>\n\n\n\n<p><strong>ESPERANZA<\/strong><\/p>\n\n\n\n<p align=\"justify\">A medida que se iban encendiendo las velas, muchas iban tomando la palabra para hacer sentir su sororidad tanto hacia las v\u00edctimas de femicidio como a sus familias, teniendo en cuenta que en la comuna se han registrado cuatro casos de alta connotaci\u00f3n p\u00fablica durante los \u00faltimos a\u00f1os.<\/p>\n\n\n\n<p align=\"justify\">Tambi\u00e9n dirigi\u00f3 su mensaje la alcaldesa Priscilla Castillo, quien se\u00f1al\u00f3 que \u201cla presencia de cada una de ustedes es importante hoy, especialmente en tiempos donde aparecen oscuros personajes que relativizan la dignidad y cuestionan hasta algo tan fundamental como el derecho a voto que tanto sacrificio cost\u00f3 obtener. De todas depende que la esperanza le gane al miedo y hoy la luz de la esperanza brilla m\u00e1s que nunca al estar todas unidas para alzar nuestras voces pidiendo el justo y necesario cambio social\u201d.<\/p>\n\n\n\n<p align=\"justify\">Para la jornada de hoy, el equipo municipal tiene contemplado entregar folletos para promover la no violencia hacia las mujeres, desplaz\u00e1ndose por diversos puntos de Molina.<\/p>\n\n\n\n<figure class=\"wp-block-gallery columns-3 is-cropped wp-block-gallery-1 is-layout-flex wp-block-gallery-is-layout-flex\"><ul class=\"blocks-gallery-grid\"><li class=\"blocks-gallery-item\"><figure><a href=\"https:\/\/web.molina.cl\/wp-content\/uploads\/2021\/11\/resized_IMG_1969.jpg\"><img loading=\"lazy\" decoding=\"async\" width=\"1024\" height=\"576\" src=\"https:\/\/web.molina.cl\/wp-content\/uploads\/2021\/11\/resized_IMG_1969-1024x576.jpg\" alt=\"\" data-id=\"47854\" data-full-url=\"https:\/\/web.molina.cl\/wp-content\/uploads\/2021\/11\/resized_IMG_1969.jpg\" data-link=\"https:\/\/web.molina.cl\/?attachment_id=47854\" class=\"wp-image-47854\" srcset=\"https:\/\/web.molina.cl\/wp-content\/uploads\/2021\/11\/resized_IMG_1969-1024x576.jpg 1024w, https:\/\/web.molina.cl\/wp-content\/uploads\/2021\/11\/resized_IMG_1969-300x169.jpg 300w, https:\/\/web.molina.cl\/wp-content\/uploads\/2021\/11\/resized_IMG_1969-768x432.jpg 768w, https:\/\/web.molina.cl\/wp-content\/uploads\/2021\/11\/resized_IMG_1969-696x392.jpg 696w, https:\/\/web.molina.cl\/wp-content\/uploads\/2021\/11\/resized_IMG_1969-1068x601.jpg 1068w, https:\/\/web.molina.cl\/wp-content\/uploads\/2021\/11\/resized_IMG_1969-747x420.jpg 747w, https:\/\/web.molina.cl\/wp-content\/uploads\/2021\/11\/resized_IMG_1969.jpg 1280w\" sizes=\"(max-width: 1024px) 100vw, 1024px\" \/><\/a><\/figure><\/li><li class=\"blocks-gallery-item\"><figure><a href=\"https:\/\/web.molina.cl\/wp-content\/uploads\/2021\/11\/resized_IMG_1983.jpg\"><img loading=\"lazy\" decoding=\"async\" width=\"1024\" height=\"576\" src=\"https:\/\/web.molina.cl\/wp-content\/uploads\/2021\/11\/resized_IMG_1983-1024x576.jpg\" alt=\"\" data-id=\"47855\" data-full-url=\"https:\/\/web.molina.cl\/wp-content\/uploads\/2021\/11\/resized_IMG_1983.jpg\" data-link=\"https:\/\/web.molina.cl\/?attachment_id=47855\" class=\"wp-image-47855\" srcset=\"https:\/\/web.molina.cl\/wp-content\/uploads\/2021\/11\/resized_IMG_1983-1024x576.jpg 1024w, https:\/\/web.molina.cl\/wp-content\/uploads\/2021\/11\/resized_IMG_1983-300x169.jpg 300w, https:\/\/web.molina.cl\/wp-content\/uploads\/2021\/11\/resized_IMG_1983-768x432.jpg 768w, https:\/\/web.molina.cl\/wp-content\/uploads\/2021\/11\/resized_IMG_1983-696x392.jpg 696w, https:\/\/web.molina.cl\/wp-content\/uploads\/2021\/11\/resized_IMG_1983-1068x601.jpg 1068w, https:\/\/web.molina.cl\/wp-content\/uploads\/2021\/11\/resized_IMG_1983-747x420.jpg 747w, https:\/\/web.molina.cl\/wp-content\/uploads\/2021\/11\/resized_IMG_1983.jpg 1280w\" sizes=\"(max-width: 1024px) 100vw, 1024px\" \/><\/a><\/figure><\/li><li class=\"blocks-gallery-item\"><figure><a href=\"https:\/\/web.molina.cl\/wp-content\/uploads\/2021\/11\/resized_IMG_1998.jpg\"><img loading=\"lazy\" decoding=\"async\" width=\"1024\" height=\"768\" src=\"https:\/\/web.molina.cl\/wp-content\/uploads\/2021\/11\/resized_IMG_1998-1024x768.jpg\" alt=\"\" data-id=\"47856\" data-full-url=\"https:\/\/web.molina.cl\/wp-content\/uploads\/2021\/11\/resized_IMG_1998.jpg\" data-link=\"https:\/\/web.molina.cl\/?attachment_id=47856\" class=\"wp-image-47856\" srcset=\"https:\/\/web.molina.cl\/wp-content\/uploads\/2021\/11\/resized_IMG_1998-1024x768.jpg 1024w, https:\/\/web.molina.cl\/wp-content\/uploads\/2021\/11\/resized_IMG_1998-300x225.jpg 300w, https:\/\/web.molina.cl\/wp-content\/uploads\/2021\/11\/resized_IMG_1998-768x576.jpg 768w, https:\/\/web.molina.cl\/wp-content\/uploads\/2021\/11\/resized_IMG_1998-696x522.jpg 696w, https:\/\/web.molina.cl\/wp-content\/uploads\/2021\/11\/resized_IMG_1998-1068x801.jpg 1068w, https:\/\/web.molina.cl\/wp-content\/uploads\/2021\/11\/resized_IMG_1998-560x420.jpg 560w, https:\/\/web.molina.cl\/wp-content\/uploads\/2021\/11\/resized_IMG_1998-80x60.jpg 80w, https:\/\/web.molina.cl\/wp-content\/uploads\/2021\/11\/resized_IMG_1998-265x198.jpg 265w, https:\/\/web.molina.cl\/wp-content\/uploads\/2021\/11\/resized_IMG_1998.jpg 1280w\" sizes=\"(max-width: 1024px) 100vw, 1024px\" \/><\/a><\/figure><\/li><li class=\"blocks-gallery-item\"><figure><a href=\"https:\/\/web.molina.cl\/wp-content\/uploads\/2021\/11\/resized_IMG_2016.jpg\"><img loading=\"lazy\" decoding=\"async\" width=\"1024\" height=\"576\" src=\"https:\/\/web.molina.cl\/wp-content\/uploads\/2021\/11\/resized_IMG_2016-1024x576.jpg\" alt=\"\" data-id=\"47857\" data-full-url=\"https:\/\/web.molina.cl\/wp-content\/uploads\/2021\/11\/resized_IMG_2016.jpg\" data-link=\"https:\/\/web.molina.cl\/?attachment_id=47857\" class=\"wp-image-47857\" srcset=\"https:\/\/web.molina.cl\/wp-content\/uploads\/2021\/11\/resized_IMG_2016-1024x576.jpg 1024w, https:\/\/web.molina.cl\/wp-content\/uploads\/2021\/11\/resized_IMG_2016-300x169.jpg 300w, https:\/\/web.molina.cl\/wp-content\/uploads\/2021\/11\/resized_IMG_2016-768x432.jpg 768w, https:\/\/web.molina.cl\/wp-content\/uploads\/2021\/11\/resized_IMG_2016-696x392.jpg 696w, https:\/\/web.molina.cl\/wp-content\/uploads\/2021\/11\/resized_IMG_2016-1068x601.jpg 1068w, https:\/\/web.molina.cl\/wp-content\/uploads\/2021\/11\/resized_IMG_2016-747x420.jpg 747w, https:\/\/web.molina.cl\/wp-content\/uploads\/2021\/11\/resized_IMG_2016.jpg 1280w\" sizes=\"(max-width: 1024px) 100vw, 1024px\" \/><\/a><\/figure><\/li><\/ul><\/figure>\n","protected":false},"excerpt":{"rendered":"<p>Una emotiva velat\u00f3n tuvo lugar en el ode\u00f3n de la Plaza de Molina para conmemorar a las 33 v\u00edctimas de femicidio ocurridos durante 2021. Un potente llamado de atenci\u00f3n hacia autoridades y comunidad realizaron las cerca de cien manifestantes que llegaron hasta el c\u00e9ntrico lugar para expresar su solidaridad con quienes han perdido la vida [&hellip;]<\/p>\n","protected":false},"author":1,"featured_media":47853,"comment_status":"closed","ping_status":"open","sticky":false,"template":"","format":"standard","meta":{"footnotes":""},"categories":[4,3257],"tags":[3279,3277,3278,3276],"_links":{"self":[{"href":"https:\/\/web.molina.cl\/index.php?rest_route=\/wp\/v2\/posts\/47852"}],"collection":[{"href":"https:\/\/web.molina.cl\/index.php?rest_route=\/wp\/v2\/posts"}],"about":[{"href":"https:\/\/web.molina.cl\/index.php?rest_route=\/wp\/v2\/types\/post"}],"author":[{"embeddable":true,"href":"https:\/\/web.molina.cl\/index.php?rest_route=\/wp\/v2\/users\/1"}],"replies":[{"embeddable":true,"href":"https:\/\/web.molina.cl\/index.php?rest_route=%2Fwp%2Fv2%2Fcomments&post=47852"}],"version-history":[{"count":2,"href":"https:\/\/web.molina.cl\/index.php?rest_route=\/wp\/v2\/posts\/47852\/revisions"}],"predecessor-version":[{"id":47860,"href":"https:\/\/web.molina.cl\/index.php?rest_route=\/wp\/v2\/posts\/47852\/revisions\/47860"}],"wp:featuredmedia":[{"embeddable":true,"href":"https:\/\/web.molina.cl\/index.php?rest_route=\/wp\/v2\/media\/47853"}],"wp:attachment":[{"href":"https:\/\/web.molina.cl\/index.php?rest_route=%2Fwp%2Fv2%2Fmedia&parent=47852"}],"wp:term":[{"taxonomy":"category","embeddable":true,"href":"https:\/\/web.molina.cl\/index.php?rest_route=%2Fwp%2Fv2%2Fcategories&post=47852"},{"taxonomy":"post_tag","embeddable":true,"href":"https:\/\/web.molina.cl\/index.php?rest_route=%2Fwp%2Fv2%2Ftags&post=47852"}],"curies":[{"name":"wp","href":"https:\/\/api.w.org\/{rel}","templated":true}]}}