{"id":47798,"date":"2021-11-18T07:37:22","date_gmt":"2021-11-18T11:37:22","guid":{"rendered":"https:\/\/web.molina.cl\/?p=47798"},"modified":"2021-11-18T08:02:18","modified_gmt":"2021-11-18T12:02:18","slug":"desafio-chiquillanes-puso-a-prueba-a-80-excursionistas-en-molina","status":"publish","type":"post","link":"https:\/\/web.molina.cl\/?p=47798","title":{"rendered":"\u201cDesaf\u00edo Chiquillanes\u201d puso a prueba a 80 excursionistas en Molina"},"content":{"rendered":"\n<p align=\"justify\"><em>Los valientes que se atrevieron al ascenso del cerro pudieron contemplar una vista panor\u00e1mica espectacular tras m\u00e1s completar el extenso recorrido junto a los gu\u00edas municipales, en lo que contempla la tercera expedici\u00f3n de la temporada a la zona pre-cordillerana<\/em><\/p>\n\n\n\n<p align=\"justify\">Naturaleza, deporte y ambiente familiar. As\u00ed se vivi\u00f3 el \u201cDesaf\u00edo Chiquillanes\u201d, la tercera de las expediciones organizadas por el municipio de Molina hacia la pre-cordillera para fomentar el eco-turismo en la zona.<\/p>\n\n\n\n<p align=\"justify\">Fueron m\u00e1s de 80 los aventureros que llegaron desde temprano hasta el punto de partida para comenzar el ascenso a uno de los cerros con m\u00e1s historia de la zona monta\u00f1osa, puesto que guarda los secretos de la etnia de los indomables \u201cchiquillanes\u201d, famosos por su ferocidad en el combate y violentas costumbres de vida.<\/p>\n\n\n\n<p align=\"justify\">Esa misma fiereza fue la que tuvieron que demostrar los participantes para doblegar los obst\u00e1culos del camino, en una ruta que dur\u00f3 m\u00e1s de 5 horas de intensa pero gratificante subida, para la cual fue fundamental el apoyo de los gu\u00edas de la Corporaci\u00f3n Municipal de Deportes, junto a su par de Turismo.<\/p>\n\n\n\n<p><strong>EXPERIENCIA INOLVIDABLE<\/strong><\/p>\n\n\n\n<p align=\"justify\">Los participantes quedaron asombrados con la vista panor\u00e1mica una vez que pusieron los pies en la c\u00faspide del cerro. Tamara Quezada, se\u00f1al\u00f3 que \u201cal comienzo me cost\u00f3 un poco tomar el ritmo de las subidas, porque es mi primera vez haciendo esto y me gust\u00f3 mucho, es para volver a repetirlo. Hay mucho silencio y tranquilidad, es un sendero limpio, sin basura, los gu\u00edas no te apuran y te preguntan si te pasa algo. Me parece excelente que la municipalidad haga esto para salir de la rutina de la casa\u201d.<\/p>\n\n\n\n<p align=\"justify\">Por su parte, Carlos Rojas, adulto mayor que tambi\u00e9n sorte\u00f3 los obst\u00e1culos naturales hasta llegar a la cima de la monta\u00f1a, reconoci\u00f3 que \u201cest\u00e1 buena y bonita la experiencia, porque si uno se echa a morir, no hace nada. A la mitad de la subida, ya ve\u00eda que soltaba los bueyes, pero descanse r\u00e1pido y me di \u00e1nimos, as\u00ed que llegu\u00e9\u201d.<\/p>\n\n\n\n<p align=\"justify\">En tanto, el gerente de la Corporaci\u00f3n Municipal de Turismo, David Bugue\u00f1o, indic\u00f3 que \u201chace dos a\u00f1os que no lo hac\u00edamos y vemos hoy a una gran cantidad de participantes formando un grupo muy homog\u00e9neo de personas que ven\u00edan por primera vez. Agradecemos la confianza de la alcaldesa Priscilla Castillo para volver a hacer el evento y dejamos a todos invitados, porque el ciclo termina con el cuarto desaf\u00edo en El Bols\u00f3n durante abril o mayo del pr\u00f3ximo a\u00f1o\u201d.<\/p>\n\n\n\n<figure class=\"wp-block-gallery columns-3 is-cropped wp-block-gallery-1 is-layout-flex wp-block-gallery-is-layout-flex\"><ul class=\"blocks-gallery-grid\"><li class=\"blocks-gallery-item\"><figure><a href=\"https:\/\/web.molina.cl\/wp-content\/uploads\/2021\/11\/resized_Foto-1-rotated.jpg\"><img loading=\"lazy\" decoding=\"async\" width=\"575\" height=\"1024\" src=\"https:\/\/web.molina.cl\/wp-content\/uploads\/2021\/11\/resized_Foto-1-575x1024.jpg\" alt=\"\" data-id=\"47800\" data-full-url=\"https:\/\/web.molina.cl\/wp-content\/uploads\/2021\/11\/resized_Foto-1-rotated.jpg\" data-link=\"https:\/\/web.molina.cl\/?attachment_id=47800\" class=\"wp-image-47800\" srcset=\"https:\/\/web.molina.cl\/wp-content\/uploads\/2021\/11\/resized_Foto-1-575x1024.jpg 575w, https:\/\/web.molina.cl\/wp-content\/uploads\/2021\/11\/resized_Foto-1-169x300.jpg 169w, https:\/\/web.molina.cl\/wp-content\/uploads\/2021\/11\/resized_Foto-1-696x1239.jpg 696w, https:\/\/web.molina.cl\/wp-content\/uploads\/2021\/11\/resized_Foto-1-236x420.jpg 236w, https:\/\/web.molina.cl\/wp-content\/uploads\/2021\/11\/resized_Foto-1-rotated.jpg 719w\" sizes=\"(max-width: 575px) 100vw, 575px\" \/><\/a><\/figure><\/li><li class=\"blocks-gallery-item\"><figure><a href=\"https:\/\/web.molina.cl\/wp-content\/uploads\/2021\/11\/resized_Foto-2-chiquillanes-1.jpg\"><img loading=\"lazy\" decoding=\"async\" width=\"1024\" height=\"575\" src=\"https:\/\/web.molina.cl\/wp-content\/uploads\/2021\/11\/resized_Foto-2-chiquillanes-1-1024x575.jpg\" alt=\"\" data-id=\"47801\" data-full-url=\"https:\/\/web.molina.cl\/wp-content\/uploads\/2021\/11\/resized_Foto-2-chiquillanes-1.jpg\" data-link=\"https:\/\/web.molina.cl\/?attachment_id=47801\" class=\"wp-image-47801\" srcset=\"https:\/\/web.molina.cl\/wp-content\/uploads\/2021\/11\/resized_Foto-2-chiquillanes-1-1024x575.jpg 1024w, https:\/\/web.molina.cl\/wp-content\/uploads\/2021\/11\/resized_Foto-2-chiquillanes-1-300x169.jpg 300w, https:\/\/web.molina.cl\/wp-content\/uploads\/2021\/11\/resized_Foto-2-chiquillanes-1-768x431.jpg 768w, https:\/\/web.molina.cl\/wp-content\/uploads\/2021\/11\/resized_Foto-2-chiquillanes-1-696x391.jpg 696w, https:\/\/web.molina.cl\/wp-content\/uploads\/2021\/11\/resized_Foto-2-chiquillanes-1-1068x600.jpg 1068w, https:\/\/web.molina.cl\/wp-content\/uploads\/2021\/11\/resized_Foto-2-chiquillanes-1-748x420.jpg 748w, https:\/\/web.molina.cl\/wp-content\/uploads\/2021\/11\/resized_Foto-2-chiquillanes-1.jpg 1280w\" sizes=\"(max-width: 1024px) 100vw, 1024px\" \/><\/a><\/figure><\/li><li class=\"blocks-gallery-item\"><figure><a href=\"https:\/\/web.molina.cl\/wp-content\/uploads\/2021\/11\/resized_Foto-3.jpg\"><img loading=\"lazy\" decoding=\"async\" width=\"1024\" height=\"575\" src=\"https:\/\/web.molina.cl\/wp-content\/uploads\/2021\/11\/resized_Foto-3-1024x575.jpg\" alt=\"\" data-id=\"47802\" data-full-url=\"https:\/\/web.molina.cl\/wp-content\/uploads\/2021\/11\/resized_Foto-3.jpg\" data-link=\"https:\/\/web.molina.cl\/?attachment_id=47802\" class=\"wp-image-47802\" srcset=\"https:\/\/web.molina.cl\/wp-content\/uploads\/2021\/11\/resized_Foto-3-1024x575.jpg 1024w, https:\/\/web.molina.cl\/wp-content\/uploads\/2021\/11\/resized_Foto-3-300x169.jpg 300w, https:\/\/web.molina.cl\/wp-content\/uploads\/2021\/11\/resized_Foto-3-768x431.jpg 768w, https:\/\/web.molina.cl\/wp-content\/uploads\/2021\/11\/resized_Foto-3-696x391.jpg 696w, https:\/\/web.molina.cl\/wp-content\/uploads\/2021\/11\/resized_Foto-3-1068x600.jpg 1068w, https:\/\/web.molina.cl\/wp-content\/uploads\/2021\/11\/resized_Foto-3-748x420.jpg 748w, https:\/\/web.molina.cl\/wp-content\/uploads\/2021\/11\/resized_Foto-3.jpg 1280w\" sizes=\"(max-width: 1024px) 100vw, 1024px\" \/><\/a><\/figure><\/li><li class=\"blocks-gallery-item\"><figure><a href=\"https:\/\/web.molina.cl\/wp-content\/uploads\/2021\/11\/resized_Foto-4.jpg\"><img loading=\"lazy\" decoding=\"async\" width=\"1024\" height=\"575\" src=\"https:\/\/web.molina.cl\/wp-content\/uploads\/2021\/11\/resized_Foto-4-1024x575.jpg\" alt=\"\" data-id=\"47803\" data-full-url=\"https:\/\/web.molina.cl\/wp-content\/uploads\/2021\/11\/resized_Foto-4.jpg\" data-link=\"https:\/\/web.molina.cl\/?attachment_id=47803\" class=\"wp-image-47803\" srcset=\"https:\/\/web.molina.cl\/wp-content\/uploads\/2021\/11\/resized_Foto-4-1024x575.jpg 1024w, https:\/\/web.molina.cl\/wp-content\/uploads\/2021\/11\/resized_Foto-4-300x169.jpg 300w, https:\/\/web.molina.cl\/wp-content\/uploads\/2021\/11\/resized_Foto-4-768x431.jpg 768w, https:\/\/web.molina.cl\/wp-content\/uploads\/2021\/11\/resized_Foto-4-696x391.jpg 696w, https:\/\/web.molina.cl\/wp-content\/uploads\/2021\/11\/resized_Foto-4-1068x600.jpg 1068w, https:\/\/web.molina.cl\/wp-content\/uploads\/2021\/11\/resized_Foto-4-748x420.jpg 748w, https:\/\/web.molina.cl\/wp-content\/uploads\/2021\/11\/resized_Foto-4.jpg 1280w\" sizes=\"(max-width: 1024px) 100vw, 1024px\" \/><\/a><\/figure><\/li><li class=\"blocks-gallery-item\"><figure><a href=\"https:\/\/web.molina.cl\/wp-content\/uploads\/2021\/11\/resized_Foto-5.jpg\"><img loading=\"lazy\" decoding=\"async\" width=\"1024\" height=\"575\" src=\"https:\/\/web.molina.cl\/wp-content\/uploads\/2021\/11\/resized_Foto-5-1024x575.jpg\" alt=\"\" data-id=\"47804\" data-full-url=\"https:\/\/web.molina.cl\/wp-content\/uploads\/2021\/11\/resized_Foto-5.jpg\" data-link=\"https:\/\/web.molina.cl\/?attachment_id=47804\" class=\"wp-image-47804\" srcset=\"https:\/\/web.molina.cl\/wp-content\/uploads\/2021\/11\/resized_Foto-5-1024x575.jpg 1024w, https:\/\/web.molina.cl\/wp-content\/uploads\/2021\/11\/resized_Foto-5-300x169.jpg 300w, https:\/\/web.molina.cl\/wp-content\/uploads\/2021\/11\/resized_Foto-5-768x431.jpg 768w, https:\/\/web.molina.cl\/wp-content\/uploads\/2021\/11\/resized_Foto-5-696x391.jpg 696w, https:\/\/web.molina.cl\/wp-content\/uploads\/2021\/11\/resized_Foto-5-1068x600.jpg 1068w, https:\/\/web.molina.cl\/wp-content\/uploads\/2021\/11\/resized_Foto-5-748x420.jpg 748w, https:\/\/web.molina.cl\/wp-content\/uploads\/2021\/11\/resized_Foto-5.jpg 1280w\" sizes=\"(max-width: 1024px) 100vw, 1024px\" \/><\/a><\/figure><\/li><\/ul><\/figure>\n","protected":false},"excerpt":{"rendered":"<p>Los valientes que se atrevieron al ascenso del cerro pudieron contemplar una vista panor\u00e1mica espectacular tras m\u00e1s completar el extenso recorrido junto a los gu\u00edas municipales, en lo que contempla la tercera expedici\u00f3n de la temporada a la zona pre-cordillerana Naturaleza, deporte y ambiente familiar. As\u00ed se vivi\u00f3 el \u201cDesaf\u00edo Chiquillanes\u201d, la tercera de las [&hellip;]<\/p>\n","protected":false},"author":1,"featured_media":47799,"comment_status":"closed","ping_status":"open","sticky":false,"template":"","format":"standard","meta":{"footnotes":""},"categories":[35,16,3035,8],"tags":[3271,3272,3270,2752,873,2763,2764,3269],"_links":{"self":[{"href":"https:\/\/web.molina.cl\/index.php?rest_route=\/wp\/v2\/posts\/47798"}],"collection":[{"href":"https:\/\/web.molina.cl\/index.php?rest_route=\/wp\/v2\/posts"}],"about":[{"href":"https:\/\/web.molina.cl\/index.php?rest_route=\/wp\/v2\/types\/post"}],"author":[{"embeddable":true,"href":"https:\/\/web.molina.cl\/index.php?rest_route=\/wp\/v2\/users\/1"}],"replies":[{"embeddable":true,"href":"https:\/\/web.molina.cl\/index.php?rest_route=%2Fwp%2Fv2%2Fcomments&post=47798"}],"version-history":[{"count":2,"href":"https:\/\/web.molina.cl\/index.php?rest_route=\/wp\/v2\/posts\/47798\/revisions"}],"predecessor-version":[{"id":47807,"href":"https:\/\/web.molina.cl\/index.php?rest_route=\/wp\/v2\/posts\/47798\/revisions\/47807"}],"wp:featuredmedia":[{"embeddable":true,"href":"https:\/\/web.molina.cl\/index.php?rest_route=\/wp\/v2\/media\/47799"}],"wp:attachment":[{"href":"https:\/\/web.molina.cl\/index.php?rest_route=%2Fwp%2Fv2%2Fmedia&parent=47798"}],"wp:term":[{"taxonomy":"category","embeddable":true,"href":"https:\/\/web.molina.cl\/index.php?rest_route=%2Fwp%2Fv2%2Fcategories&post=47798"},{"taxonomy":"post_tag","embeddable":true,"href":"https:\/\/web.molina.cl\/index.php?rest_route=%2Fwp%2Fv2%2Ftags&post=47798"}],"curies":[{"name":"wp","href":"https:\/\/api.w.org\/{rel}","templated":true}]}}