{"id":47422,"date":"2021-11-05T10:57:17","date_gmt":"2021-11-05T14:57:17","guid":{"rendered":"https:\/\/web.molina.cl\/?p=47422"},"modified":"2021-11-05T11:30:50","modified_gmt":"2021-11-05T15:30:50","slug":"deporte-aventura-y-turismo-se-reunieron-durante-el-desafio-fraile-en-molina","status":"publish","type":"post","link":"https:\/\/web.molina.cl\/?p=47422","title":{"rendered":"Deporte, aventura y turismo se reunieron durante el \u201cDesaf\u00edo Fraile\u201d en Molina"},"content":{"rendered":"\n<p><p align=\"justify\"><em><strong>M\u00e1s de 80 participantes tuvo la jornada de eco-turismo organizada por el municipio, en donde los aventureros llegaron hasta la cima de uno de los cerros m\u00e1s emblem\u00e1ticos de la pre-cordillera maulina.<\/strong><\/em><\/p><\/p>\n\n\n\n<p><p align=\"justify\">Un encuentro con la naturaleza y con s\u00ed mismos tuvieron los m\u00e1s de ochenta exploradores que se animaron a recorrer el \u201cDesaf\u00edo Fraile\u201d en Molina.<\/p><\/p>\n\n\n\n<p><p align=\"justify\">Se trata de una de las instancias de eco-turismo organizadas por el municipio a trav\u00e9s de la Corporaci\u00f3n Municipal de Deportes junto a su similar de Turismo, todo con el objetivo de potenciar las visitas a una de las zonas m\u00e1s apetecidas por los amantes del senderismo.<\/p><\/p>\n\n\n\n<p><strong>LARGA TRAVES\u00cdA<\/strong><\/p>\n\n\n\n<p><p align=\"justify\">Los aventureros partieron desde temprano la jornada dominical junto a los gu\u00edas municipales, quienes les fueron encaminando por el largo trayecto que contempl\u00f3 cruzar el r\u00edo, subir empinadas cuestas, adentrarse en la vegetaci\u00f3n nativa y mantener el ritmo de avance hasta llegar a la meta.<\/p><\/p>\n\n\n\n<p><p align=\"justify\">A lo largo del camino, aparec\u00eda la flora y fauna chilena en su todo esplendor, dando muestras as\u00ed de la rica biodiversidad presente en la alta monta\u00f1a. Por lo mismo, los asistentes se preocuparon de llevarse todos los deshechos que iban generando, de modo de dejar a la naturaleza libre de la intervenci\u00f3n del hombre.<\/p><\/p>\n\n\n\n<p><p align=\"justify\">El premio final fue inmejorable para quienes llegaron a la cima: una vista espectacular que, a su vez, constitu\u00eda para los senderistas un encuentro consigo mismos y con el entorno, mientras el aire puro cordillerano limpiaba sus pulmones.<\/p><\/p>\n\n\n\n<p><p align=\"justify\">Cabe destacar que la c\u00faspide del Cerro Fraile debe su nombre a su semejanza con la calva de un monje, raz\u00f3n por la que los lugare\u00f1os lo bautizaron de tan llamativa forma.<\/p><\/p>\n\n\n\n<p><strong>GRATAS EXPERIENCIAS<\/strong><\/p>\n\n\n\n<p><p align=\"justify\">Una vez en la cima, los participantes destacaron la buena organizaci\u00f3n y el fomento al turismo. Para Ver\u00f3nica Rioseco, la experiencia fue \u201cespectacular, el grupo s\u00faper bueno, lo pas\u00e9 incre\u00edble; si hay otro desaf\u00edo, volver\u00e9. Hab\u00eda ido antes a El Bols\u00f3n, as\u00ed que es 100% recomendable\u201d.<\/p><\/p>\n\n\n\n<p><p align=\"justify\">Por su parte, William Suazo valor\u00f3 \u201cla posibilidad de conectarse con la naturaleza y desestrezarse, ya que no tienes la contaminaci\u00f3n ac\u00fastica de la ciudad\u201d. En tanto, Jeanette Aguilar, quien tambi\u00e9n form\u00f3 parte de la primera expedici\u00f3n en septiembre, calific\u00f3 este viaje como \u201cduro, pero entretenido\u201d.<\/p><\/p>\n\n\n\n<figure class=\"wp-block-gallery columns-3 is-cropped wp-block-gallery-1 is-layout-flex wp-block-gallery-is-layout-flex\"><ul class=\"blocks-gallery-grid\"><li class=\"blocks-gallery-item\"><figure><a href=\"https:\/\/web.molina.cl\/wp-content\/uploads\/2021\/11\/fraile_Foto-1-1.jpg\"><img loading=\"lazy\" decoding=\"async\" width=\"1024\" height=\"682\" src=\"https:\/\/web.molina.cl\/wp-content\/uploads\/2021\/11\/fraile_Foto-1-1-1024x682.jpg\" alt=\"\" data-id=\"47424\" data-full-url=\"https:\/\/web.molina.cl\/wp-content\/uploads\/2021\/11\/fraile_Foto-1-1.jpg\" data-link=\"https:\/\/web.molina.cl\/?attachment_id=47424\" class=\"wp-image-47424\" srcset=\"https:\/\/web.molina.cl\/wp-content\/uploads\/2021\/11\/fraile_Foto-1-1-1024x682.jpg 1024w, https:\/\/web.molina.cl\/wp-content\/uploads\/2021\/11\/fraile_Foto-1-1-300x200.jpg 300w, https:\/\/web.molina.cl\/wp-content\/uploads\/2021\/11\/fraile_Foto-1-1-768x512.jpg 768w, https:\/\/web.molina.cl\/wp-content\/uploads\/2021\/11\/fraile_Foto-1-1-696x464.jpg 696w, https:\/\/web.molina.cl\/wp-content\/uploads\/2021\/11\/fraile_Foto-1-1-1068x712.jpg 1068w, https:\/\/web.molina.cl\/wp-content\/uploads\/2021\/11\/fraile_Foto-1-1-630x420.jpg 630w, https:\/\/web.molina.cl\/wp-content\/uploads\/2021\/11\/fraile_Foto-1-1.jpg 1280w\" sizes=\"(max-width: 1024px) 100vw, 1024px\" \/><\/a><\/figure><\/li><li class=\"blocks-gallery-item\"><figure><a href=\"https:\/\/web.molina.cl\/wp-content\/uploads\/2021\/11\/fraile_Foto-2.jpg\"><img loading=\"lazy\" decoding=\"async\" width=\"1024\" height=\"682\" src=\"https:\/\/web.molina.cl\/wp-content\/uploads\/2021\/11\/fraile_Foto-2-1024x682.jpg\" alt=\"\" data-id=\"47425\" data-full-url=\"https:\/\/web.molina.cl\/wp-content\/uploads\/2021\/11\/fraile_Foto-2.jpg\" data-link=\"https:\/\/web.molina.cl\/?attachment_id=47425\" class=\"wp-image-47425\" srcset=\"https:\/\/web.molina.cl\/wp-content\/uploads\/2021\/11\/fraile_Foto-2-1024x682.jpg 1024w, https:\/\/web.molina.cl\/wp-content\/uploads\/2021\/11\/fraile_Foto-2-300x200.jpg 300w, https:\/\/web.molina.cl\/wp-content\/uploads\/2021\/11\/fraile_Foto-2-768x512.jpg 768w, https:\/\/web.molina.cl\/wp-content\/uploads\/2021\/11\/fraile_Foto-2-696x464.jpg 696w, https:\/\/web.molina.cl\/wp-content\/uploads\/2021\/11\/fraile_Foto-2-1068x712.jpg 1068w, https:\/\/web.molina.cl\/wp-content\/uploads\/2021\/11\/fraile_Foto-2-630x420.jpg 630w, https:\/\/web.molina.cl\/wp-content\/uploads\/2021\/11\/fraile_Foto-2.jpg 1280w\" sizes=\"(max-width: 1024px) 100vw, 1024px\" \/><\/a><\/figure><\/li><li class=\"blocks-gallery-item\"><figure><a href=\"https:\/\/web.molina.cl\/wp-content\/uploads\/2021\/11\/fraile_Foto-3.jpg\"><img loading=\"lazy\" decoding=\"async\" width=\"1024\" height=\"682\" src=\"https:\/\/web.molina.cl\/wp-content\/uploads\/2021\/11\/fraile_Foto-3-1024x682.jpg\" alt=\"\" data-id=\"47426\" data-full-url=\"https:\/\/web.molina.cl\/wp-content\/uploads\/2021\/11\/fraile_Foto-3.jpg\" data-link=\"https:\/\/web.molina.cl\/?attachment_id=47426\" class=\"wp-image-47426\" srcset=\"https:\/\/web.molina.cl\/wp-content\/uploads\/2021\/11\/fraile_Foto-3-1024x682.jpg 1024w, https:\/\/web.molina.cl\/wp-content\/uploads\/2021\/11\/fraile_Foto-3-300x200.jpg 300w, https:\/\/web.molina.cl\/wp-content\/uploads\/2021\/11\/fraile_Foto-3-768x512.jpg 768w, https:\/\/web.molina.cl\/wp-content\/uploads\/2021\/11\/fraile_Foto-3-696x464.jpg 696w, https:\/\/web.molina.cl\/wp-content\/uploads\/2021\/11\/fraile_Foto-3-1068x712.jpg 1068w, https:\/\/web.molina.cl\/wp-content\/uploads\/2021\/11\/fraile_Foto-3-630x420.jpg 630w, https:\/\/web.molina.cl\/wp-content\/uploads\/2021\/11\/fraile_Foto-3.jpg 1280w\" sizes=\"(max-width: 1024px) 100vw, 1024px\" \/><\/a><\/figure><\/li><li class=\"blocks-gallery-item\"><figure><a href=\"https:\/\/web.molina.cl\/wp-content\/uploads\/2021\/11\/fraile_Foto-4.jpg\"><img loading=\"lazy\" decoding=\"async\" width=\"1024\" height=\"682\" src=\"https:\/\/web.molina.cl\/wp-content\/uploads\/2021\/11\/fraile_Foto-4-1024x682.jpg\" alt=\"\" data-id=\"47427\" data-full-url=\"https:\/\/web.molina.cl\/wp-content\/uploads\/2021\/11\/fraile_Foto-4.jpg\" data-link=\"https:\/\/web.molina.cl\/?attachment_id=47427\" class=\"wp-image-47427\" srcset=\"https:\/\/web.molina.cl\/wp-content\/uploads\/2021\/11\/fraile_Foto-4-1024x682.jpg 1024w, https:\/\/web.molina.cl\/wp-content\/uploads\/2021\/11\/fraile_Foto-4-300x200.jpg 300w, https:\/\/web.molina.cl\/wp-content\/uploads\/2021\/11\/fraile_Foto-4-768x512.jpg 768w, https:\/\/web.molina.cl\/wp-content\/uploads\/2021\/11\/fraile_Foto-4-696x464.jpg 696w, https:\/\/web.molina.cl\/wp-content\/uploads\/2021\/11\/fraile_Foto-4-1068x712.jpg 1068w, https:\/\/web.molina.cl\/wp-content\/uploads\/2021\/11\/fraile_Foto-4-630x420.jpg 630w, https:\/\/web.molina.cl\/wp-content\/uploads\/2021\/11\/fraile_Foto-4.jpg 1280w\" sizes=\"(max-width: 1024px) 100vw, 1024px\" \/><\/a><\/figure><\/li><li class=\"blocks-gallery-item\"><figure><a href=\"https:\/\/web.molina.cl\/wp-content\/uploads\/2021\/11\/fraile_Foto-5.jpg\"><img loading=\"lazy\" decoding=\"async\" width=\"1024\" height=\"682\" src=\"https:\/\/web.molina.cl\/wp-content\/uploads\/2021\/11\/fraile_Foto-5-1024x682.jpg\" alt=\"\" data-id=\"47428\" data-full-url=\"https:\/\/web.molina.cl\/wp-content\/uploads\/2021\/11\/fraile_Foto-5.jpg\" data-link=\"https:\/\/web.molina.cl\/?attachment_id=47428\" class=\"wp-image-47428\" srcset=\"https:\/\/web.molina.cl\/wp-content\/uploads\/2021\/11\/fraile_Foto-5-1024x682.jpg 1024w, https:\/\/web.molina.cl\/wp-content\/uploads\/2021\/11\/fraile_Foto-5-300x200.jpg 300w, https:\/\/web.molina.cl\/wp-content\/uploads\/2021\/11\/fraile_Foto-5-768x512.jpg 768w, https:\/\/web.molina.cl\/wp-content\/uploads\/2021\/11\/fraile_Foto-5-696x464.jpg 696w, https:\/\/web.molina.cl\/wp-content\/uploads\/2021\/11\/fraile_Foto-5-1068x712.jpg 1068w, https:\/\/web.molina.cl\/wp-content\/uploads\/2021\/11\/fraile_Foto-5-630x420.jpg 630w, https:\/\/web.molina.cl\/wp-content\/uploads\/2021\/11\/fraile_Foto-5.jpg 1280w\" sizes=\"(max-width: 1024px) 100vw, 1024px\" \/><\/a><\/figure><\/li><\/ul><\/figure>\n","protected":false},"excerpt":{"rendered":"<p>M\u00e1s de 80 participantes tuvo la jornada de eco-turismo organizada por el municipio, en donde los aventureros llegaron hasta la cima de uno de los cerros m\u00e1s emblem\u00e1ticos de la pre-cordillera maulina. Un encuentro con la naturaleza y con s\u00ed mismos tuvieron los m\u00e1s de ochenta exploradores que se animaron a recorrer el \u201cDesaf\u00edo Fraile\u201d [&hellip;]<\/p>\n","protected":false},"author":1,"featured_media":47423,"comment_status":"closed","ping_status":"open","sticky":false,"template":"","format":"standard","meta":{"footnotes":""},"categories":[35,3,16,45,3035,8],"tags":[2716,3266,3265,3268,3267,3264],"_links":{"self":[{"href":"https:\/\/web.molina.cl\/index.php?rest_route=\/wp\/v2\/posts\/47422"}],"collection":[{"href":"https:\/\/web.molina.cl\/index.php?rest_route=\/wp\/v2\/posts"}],"about":[{"href":"https:\/\/web.molina.cl\/index.php?rest_route=\/wp\/v2\/types\/post"}],"author":[{"embeddable":true,"href":"https:\/\/web.molina.cl\/index.php?rest_route=\/wp\/v2\/users\/1"}],"replies":[{"embeddable":true,"href":"https:\/\/web.molina.cl\/index.php?rest_route=%2Fwp%2Fv2%2Fcomments&post=47422"}],"version-history":[{"count":4,"href":"https:\/\/web.molina.cl\/index.php?rest_route=\/wp\/v2\/posts\/47422\/revisions"}],"predecessor-version":[{"id":47433,"href":"https:\/\/web.molina.cl\/index.php?rest_route=\/wp\/v2\/posts\/47422\/revisions\/47433"}],"wp:featuredmedia":[{"embeddable":true,"href":"https:\/\/web.molina.cl\/index.php?rest_route=\/wp\/v2\/media\/47423"}],"wp:attachment":[{"href":"https:\/\/web.molina.cl\/index.php?rest_route=%2Fwp%2Fv2%2Fmedia&parent=47422"}],"wp:term":[{"taxonomy":"category","embeddable":true,"href":"https:\/\/web.molina.cl\/index.php?rest_route=%2Fwp%2Fv2%2Fcategories&post=47422"},{"taxonomy":"post_tag","embeddable":true,"href":"https:\/\/web.molina.cl\/index.php?rest_route=%2Fwp%2Fv2%2Ftags&post=47422"}],"curies":[{"name":"wp","href":"https:\/\/api.w.org\/{rel}","templated":true}]}}