{"id":46813,"date":"2021-09-27T14:19:24","date_gmt":"2021-09-27T18:19:24","guid":{"rendered":"https:\/\/web.molina.cl\/?p=46813"},"modified":"2021-09-27T14:19:26","modified_gmt":"2021-09-27T18:19:26","slug":"superintendencia-de-servicios-sanitarios-capacito-a-comites-de-agua-potable-rural-de-molina","status":"publish","type":"post","link":"https:\/\/web.molina.cl\/?p=46813","title":{"rendered":"Superintendencia de Servicios Sanitarios capacit\u00f3 a Comit\u00e9s de Agua Potable Rural de Molina"},"content":{"rendered":"\n<p align=\"justify\">La capacitaci\u00f3n impulsada por el municipio cont\u00f3 con la participaci\u00f3n de la Superintendencia de Servicios Sanitarios y permiti\u00f3 que los asistentes se interiorizaran en las nuevas exigencias del cuerpo legal para gestionar el recurso h\u00eddrico.<\/p>\n\n\n\n<p align=\"justify\">Una intensa capacitaci\u00f3n vivieron los representantes de los Comit\u00e9s de Agua Potable Rural (APR) de diversos sectores de Molina, con el objetivo de conocer la nueva ley que rige a este sector productivo.<\/p>\n\n\n\n<p align=\"justify\">La instancia estuvo encabezada por el Jefe Regional de la Superintendencia de Servicios Sanitarios, Juan Carlos Gonz\u00e1lez, quien dio el vamos al seminario en el que los asistentes pudieron aprender sobre el sistema de cobros, fiscalizaci\u00f3n, distribuci\u00f3n y dem\u00e1s temas atingentes a la normativa que actualmente rige a su actividad.<\/p>\n\n\n\n<p align=\"justify\">En el encuentro tambi\u00e9n expusieron representantes de Servicios Sanitarios Rurales Pellines de Constituci\u00f3n, una cooperativa que comparti\u00f3 su amplia experiencia en el rubro ante la atenta mirada de los representantes de una quincena de APR molinenses.<\/p>\n\n\n\n<p align=\"justify\">Tras la cita, la alcaldesa local, Priscilla Castillo, se\u00f1al\u00f3 que \u201ces muy importante esta capacitaci\u00f3n, ya que los Comit\u00e9s de Agua Potable Rural son los encargados de entregar un servicio vital a las comunidades m\u00e1s alejadas de la ciudad y queremos que funcionen de la mejor manera posible, garantizando as\u00ed un derecho humano fundamental de las personas que viven en el campo, como es el recurso h\u00eddrico\u201d.<\/p>\n\n\n\n<figure class=\"wp-block-image size-large td-caption-align-https:\/\/web.molina.cl\/wp-content\/uploads\/2021\/09\/IMG_4440-scaled.jpeg\"><img loading=\"lazy\" decoding=\"async\" width=\"1024\" height=\"768\" src=\"https:\/\/web.molina.cl\/wp-content\/uploads\/2021\/09\/IMG_4440-1024x768.jpeg\" alt=\"\" class=\"wp-image-46816\" srcset=\"https:\/\/web.molina.cl\/wp-content\/uploads\/2021\/09\/IMG_4440-1024x768.jpeg 1024w, https:\/\/web.molina.cl\/wp-content\/uploads\/2021\/09\/IMG_4440-300x225.jpeg 300w, https:\/\/web.molina.cl\/wp-content\/uploads\/2021\/09\/IMG_4440-768x576.jpeg 768w, https:\/\/web.molina.cl\/wp-content\/uploads\/2021\/09\/IMG_4440-1536x1152.jpeg 1536w, https:\/\/web.molina.cl\/wp-content\/uploads\/2021\/09\/IMG_4440-2048x1536.jpeg 2048w, https:\/\/web.molina.cl\/wp-content\/uploads\/2021\/09\/IMG_4440-696x522.jpeg 696w, https:\/\/web.molina.cl\/wp-content\/uploads\/2021\/09\/IMG_4440-1068x801.jpeg 1068w, https:\/\/web.molina.cl\/wp-content\/uploads\/2021\/09\/IMG_4440-1920x1440.jpeg 1920w, https:\/\/web.molina.cl\/wp-content\/uploads\/2021\/09\/IMG_4440-560x420.jpeg 560w, https:\/\/web.molina.cl\/wp-content\/uploads\/2021\/09\/IMG_4440-80x60.jpeg 80w, https:\/\/web.molina.cl\/wp-content\/uploads\/2021\/09\/IMG_4440-265x198.jpeg 265w\" sizes=\"(max-width: 1024px) 100vw, 1024px\" \/><\/figure>\n","protected":false},"excerpt":{"rendered":"<p>La capacitaci\u00f3n impulsada por el municipio cont\u00f3 con la participaci\u00f3n de la Superintendencia de Servicios Sanitarios y permiti\u00f3 que los asistentes se interiorizaran en las nuevas exigencias del cuerpo legal para gestionar el recurso h\u00eddrico. Una intensa capacitaci\u00f3n vivieron los representantes de los Comit\u00e9s de Agua Potable Rural (APR) de diversos sectores de Molina, con [&hellip;]<\/p>\n","protected":false},"author":1,"featured_media":46815,"comment_status":"closed","ping_status":"open","sticky":false,"template":"","format":"standard","meta":{"footnotes":""},"categories":[3249,68,3,5],"tags":[],"_links":{"self":[{"href":"https:\/\/web.molina.cl\/index.php?rest_route=\/wp\/v2\/posts\/46813"}],"collection":[{"href":"https:\/\/web.molina.cl\/index.php?rest_route=\/wp\/v2\/posts"}],"about":[{"href":"https:\/\/web.molina.cl\/index.php?rest_route=\/wp\/v2\/types\/post"}],"author":[{"embeddable":true,"href":"https:\/\/web.molina.cl\/index.php?rest_route=\/wp\/v2\/users\/1"}],"replies":[{"embeddable":true,"href":"https:\/\/web.molina.cl\/index.php?rest_route=%2Fwp%2Fv2%2Fcomments&post=46813"}],"version-history":[{"count":2,"href":"https:\/\/web.molina.cl\/index.php?rest_route=\/wp\/v2\/posts\/46813\/revisions"}],"predecessor-version":[{"id":46817,"href":"https:\/\/web.molina.cl\/index.php?rest_route=\/wp\/v2\/posts\/46813\/revisions\/46817"}],"wp:featuredmedia":[{"embeddable":true,"href":"https:\/\/web.molina.cl\/index.php?rest_route=\/wp\/v2\/media\/46815"}],"wp:attachment":[{"href":"https:\/\/web.molina.cl\/index.php?rest_route=%2Fwp%2Fv2%2Fmedia&parent=46813"}],"wp:term":[{"taxonomy":"category","embeddable":true,"href":"https:\/\/web.molina.cl\/index.php?rest_route=%2Fwp%2Fv2%2Fcategories&post=46813"},{"taxonomy":"post_tag","embeddable":true,"href":"https:\/\/web.molina.cl\/index.php?rest_route=%2Fwp%2Fv2%2Ftags&post=46813"}],"curies":[{"name":"wp","href":"https:\/\/api.w.org\/{rel}","templated":true}]}}