{"id":46570,"date":"2021-09-15T08:08:07","date_gmt":"2021-09-15T12:08:07","guid":{"rendered":"https:\/\/web.molina.cl\/?p=46570"},"modified":"2021-09-15T08:10:52","modified_gmt":"2021-09-15T12:10:52","slug":"primera-comuna-en-el-maule-molina-conformo-su-comite-de-riesgos-y-desastres","status":"publish","type":"post","link":"https:\/\/web.molina.cl\/?p=46570","title":{"rendered":"Primera comuna en el Maule: Molina conform\u00f3 su Comit\u00e9 de Riesgos y Desastres"},"content":{"rendered":"\n<p align=\"justify\"><strong><em>Mientras que desde la Onemi valoraron la medida, la alcaldesa Priscilla Castillo se\u00f1al\u00f3 que \u201cla idea es que estemos todos mejor preparados para poder salvar vidas\u201d.<\/em><\/strong><\/p>\n\n\n\n<p align=\"justify\">De forma pionera en la Regi\u00f3n del Maule, la comuna de Molina conform\u00f3 oficialmente su Comit\u00e9 de Riesgos y Desastres, tras convocar a una serie de instituciones civiles y policiales en el municipio.<\/p>\n\n\n\n<p align=\"justify\">Bajo la premisa de que siempre es mejor prevenir que curar, las autoridades encabezadas por la alcaldesa Priscilla Castillo dieron forma a lo que ser\u00e1 la instancia por excelencia para adelantarse a las cat\u00e1strofes y coordinar las acciones cuando \u00e9stas se produzcan.<\/p>\n\n\n\n<p align=\"justify\">El encuentro se produjo en el marco de la visita del Director Regional de la Onemi, Carlos Bernales, quien valor\u00f3 el avance que esto implica para enfrentar de mejor manera las emergencias, detallando que \u201cse trata de un organismo colegiado que cuenta con varias instancias de elaboraci\u00f3n de proyectos, planes de reducci\u00f3n de riesgos y planes de emergencia. Hay mucho trabajo por realizar con la ayuda de los organismos t\u00e9cnicos p\u00fablicos y privados\u201d.<\/p>\n\n\n\n<div><a href=\"https:\/\/web.molina.cl\/wp-content\/uploads\/2021\/09\/resized_IMG_0481-1024x575.jpg\" class=\"td-modal-image\"><figure class=\"wp-block-image size-large td-caption-align-https:\/\/web.molina.cl\/wp-content\/uploads\/2021\/09\/resized_IMG_0481.jpg\"><img loading=\"lazy\" decoding=\"async\" width=\"1024\" height=\"575\" src=\"https:\/\/web.molina.cl\/wp-content\/uploads\/2021\/09\/resized_IMG_0481-1024x575.jpg\" alt=\"\" class=\"wp-image-46572\" srcset=\"https:\/\/web.molina.cl\/wp-content\/uploads\/2021\/09\/resized_IMG_0481-1024x575.jpg 1024w, https:\/\/web.molina.cl\/wp-content\/uploads\/2021\/09\/resized_IMG_0481-300x169.jpg 300w, https:\/\/web.molina.cl\/wp-content\/uploads\/2021\/09\/resized_IMG_0481-768x431.jpg 768w, https:\/\/web.molina.cl\/wp-content\/uploads\/2021\/09\/resized_IMG_0481-696x391.jpg 696w, https:\/\/web.molina.cl\/wp-content\/uploads\/2021\/09\/resized_IMG_0481-1068x600.jpg 1068w, https:\/\/web.molina.cl\/wp-content\/uploads\/2021\/09\/resized_IMG_0481-748x420.jpg 748w, https:\/\/web.molina.cl\/wp-content\/uploads\/2021\/09\/resized_IMG_0481.jpg 1280w\" sizes=\"(max-width: 1024px) 100vw, 1024px\" \/><\/figure><\/a><\/div>\n\n\n\n<p><strong>TRABAJO FUTURO<\/strong><\/p>\n\n\n\n<p align=\"justify\">Una vez que fue conformado oficialmente el nuevo organismo, la alcaldesa Priscilla Castillo explic\u00f3 que \u201cpara nosotros es muy importante que haya salido esta nueva ley que permite generar una unidad especial al interior de la Municipalidad para gestionar el riesgo y desastre. Por ello, realizaremos toda una labor de prevenci\u00f3n y otra para cuando ya estamos en la contingencia: es importante que nos preparemos para el antes, el durante y el despu\u00e9s de una situaci\u00f3n cr\u00edtica\u201d.<\/p>\n\n\n\n<p align=\"justify\">Junto con agradecer la participaci\u00f3n de Carabineros, Bomberos, PDI y diversas unidades municipales, la autoridad tambi\u00e9n se\u00f1al\u00f3 que \u201cdebemos hacer un trabajo que llegue a cada uno de los territorios, porque cada persona debe saber qu\u00e9 hacer para prevenir una emergencia y c\u00f3mo actuar cuando \u00e9sta ya ocurre. La idea es que estemos todos mejor preparados para poder salvar vidas\u201d.<\/p>\n\n\n\n<p align=\"justify\">La misma visi\u00f3n mostr\u00f3 el mandam\u00e1s regional de Onemi, Carlos Bernales, quien adelant\u00f3 que \u201ceste comit\u00e9 debe hacer un an\u00e1lisis hist\u00f3rico de acuerdo a lo que ha vivido la comuna: desde incendios forestales, incendios estructurales, rescates vehiculares y salidas de r\u00edos, entre otros; para que, de acuerdo a los recursos humanos y materiales, se elaboren los planes de contingencia de acuerdo a la vulnerabilidad existente\u201d.<\/p>\n\n\n\n<div><a href=\"https:\/\/web.molina.cl\/wp-content\/uploads\/2021\/09\/resized_IMG_0486-1024x575.jpg\" class=\"td-modal-image\"><figure class=\"wp-block-image size-large td-caption-align-https:\/\/web.molina.cl\/wp-content\/uploads\/2021\/09\/resized_IMG_0486.jpg\"><img loading=\"lazy\" decoding=\"async\" width=\"1024\" height=\"575\" src=\"https:\/\/web.molina.cl\/wp-content\/uploads\/2021\/09\/resized_IMG_0486-1024x575.jpg\" alt=\"\" class=\"wp-image-46573\" srcset=\"https:\/\/web.molina.cl\/wp-content\/uploads\/2021\/09\/resized_IMG_0486-1024x575.jpg 1024w, https:\/\/web.molina.cl\/wp-content\/uploads\/2021\/09\/resized_IMG_0486-300x169.jpg 300w, https:\/\/web.molina.cl\/wp-content\/uploads\/2021\/09\/resized_IMG_0486-768x431.jpg 768w, https:\/\/web.molina.cl\/wp-content\/uploads\/2021\/09\/resized_IMG_0486-696x391.jpg 696w, https:\/\/web.molina.cl\/wp-content\/uploads\/2021\/09\/resized_IMG_0486-1068x600.jpg 1068w, https:\/\/web.molina.cl\/wp-content\/uploads\/2021\/09\/resized_IMG_0486-748x420.jpg 748w, https:\/\/web.molina.cl\/wp-content\/uploads\/2021\/09\/resized_IMG_0486.jpg 1280w\" sizes=\"(max-width: 1024px) 100vw, 1024px\" \/><\/figure><\/a><\/div>\n","protected":false},"excerpt":{"rendered":"<p>Mientras que desde la Onemi valoraron la medida, la alcaldesa Priscilla Castillo se\u00f1al\u00f3 que \u201cla idea es que estemos todos mejor preparados para poder salvar vidas\u201d. De forma pionera en la Regi\u00f3n del Maule, la comuna de Molina conform\u00f3 oficialmente su Comit\u00e9 de Riesgos y Desastres, tras convocar a una serie de instituciones civiles y [&hellip;]<\/p>\n","protected":false},"author":1,"featured_media":46571,"comment_status":"closed","ping_status":"open","sticky":false,"template":"","format":"standard","meta":{"footnotes":""},"categories":[3045,44],"tags":[184,753,3037,3248,3036,46,3247],"_links":{"self":[{"href":"https:\/\/web.molina.cl\/index.php?rest_route=\/wp\/v2\/posts\/46570"}],"collection":[{"href":"https:\/\/web.molina.cl\/index.php?rest_route=\/wp\/v2\/posts"}],"about":[{"href":"https:\/\/web.molina.cl\/index.php?rest_route=\/wp\/v2\/types\/post"}],"author":[{"embeddable":true,"href":"https:\/\/web.molina.cl\/index.php?rest_route=\/wp\/v2\/users\/1"}],"replies":[{"embeddable":true,"href":"https:\/\/web.molina.cl\/index.php?rest_route=%2Fwp%2Fv2%2Fcomments&post=46570"}],"version-history":[{"count":2,"href":"https:\/\/web.molina.cl\/index.php?rest_route=\/wp\/v2\/posts\/46570\/revisions"}],"predecessor-version":[{"id":46576,"href":"https:\/\/web.molina.cl\/index.php?rest_route=\/wp\/v2\/posts\/46570\/revisions\/46576"}],"wp:featuredmedia":[{"embeddable":true,"href":"https:\/\/web.molina.cl\/index.php?rest_route=\/wp\/v2\/media\/46571"}],"wp:attachment":[{"href":"https:\/\/web.molina.cl\/index.php?rest_route=%2Fwp%2Fv2%2Fmedia&parent=46570"}],"wp:term":[{"taxonomy":"category","embeddable":true,"href":"https:\/\/web.molina.cl\/index.php?rest_route=%2Fwp%2Fv2%2Fcategories&post=46570"},{"taxonomy":"post_tag","embeddable":true,"href":"https:\/\/web.molina.cl\/index.php?rest_route=%2Fwp%2Fv2%2Ftags&post=46570"}],"curies":[{"name":"wp","href":"https:\/\/api.w.org\/{rel}","templated":true}]}}