{"id":46512,"date":"2021-09-13T22:18:43","date_gmt":"2021-09-14T02:18:43","guid":{"rendered":"http:\/\/web.molina.cl\/?p=46512"},"modified":"2021-09-14T08:09:58","modified_gmt":"2021-09-14T12:09:58","slug":"suenos-hechos-realidad-entregan-viviendas-a-mas-de-140-familias-de-lontue","status":"publish","type":"post","link":"https:\/\/web.molina.cl\/?p=46512","title":{"rendered":"Sue\u00f1os hechos realidad: entregan viviendas a m\u00e1s de 140 familias de Lontu\u00e9"},"content":{"rendered":"\n<p align=\"justify\"><strong><em>La alcaldesa Priscilla Castillo hizo el llamado a todas las personas que requieran de soluciones habitacionales, a dirigirse a la Egis Municipal para recibir asesor\u00eda en la postulaci\u00f3n al Serviu.<\/em><\/strong><\/p>\n\n\n\n<p align=\"justify\">M\u00e1s de trece a\u00f1os de espera e incertidumbre llegaron a su fin en Lontu\u00e9. Abrazos, festejos y hasta l\u00e1grimas se dejaron ver en la ceremonia en la que 142 familias recibieron las llaves de sus hogares definitivos.<\/p>\n\n\n\n<p align=\"justify\">La tarde lontuenina se ti\u00f1\u00f3 de colores con la entrega de las viviendas a los integrantes del hist\u00f3rico conjunto habitacional \u201cDon Leoncio\u201d, formado por habitantes de la propia ciudad que viv\u00edan en calidad de allegados o arrendatarios.<\/p>\n\n\n\n<p align=\"justify\">El m\u00e1gico momento cont\u00f3 con la participaci\u00f3n de las autoridades regionales encabezadas por la alcaldesa de Molina, Priscilla Castillo, quien record\u00f3 el intenso apoyo entregado por el municipio para que finalmente el Servicio de Vivienda y Urbanismo (Serviu) otorgara el subsidio a los beneficiados.<\/p>\n\n\n\n<p align=\"justify\">\u201cHace m\u00e1s de 10 a\u00f1os que no ten\u00edamos un conjunto habitacional en Lontu\u00e9, por lo tanto estamos muy felices por estas familias, que son nuevos vecinos que llegan al lado de la villa Don Leonardo. Se vienen tambi\u00e9n pronto buenas noticias para el grupo Santa Magdalena y, con la Egis Municipal, estamos trabajando con los comit\u00e9s San Bonifacio y Altos de Lontu\u00e9\u201d, se\u00f1al\u00f3 la jefa comunal.<\/p>\n\n\n\n<figure class=\"wp-block-gallery columns-3 is-cropped wp-block-gallery-1 is-layout-flex wp-block-gallery-is-layout-flex\"><ul class=\"blocks-gallery-grid\"><li class=\"blocks-gallery-item\"><figure><a href=\"https:\/\/web.molina.cl\/wp-content\/uploads\/2021\/09\/resized_IMG_0273.jpg\"><img loading=\"lazy\" decoding=\"async\" width=\"1024\" height=\"575\" src=\"https:\/\/web.molina.cl\/wp-content\/uploads\/2021\/09\/resized_IMG_0273-1024x575.jpg\" alt=\"\" data-id=\"46514\" data-full-url=\"https:\/\/web.molina.cl\/wp-content\/uploads\/2021\/09\/resized_IMG_0273.jpg\" data-link=\"https:\/\/web.molina.cl\/?attachment_id=46514\" class=\"wp-image-46514\" srcset=\"https:\/\/web.molina.cl\/wp-content\/uploads\/2021\/09\/resized_IMG_0273-1024x575.jpg 1024w, https:\/\/web.molina.cl\/wp-content\/uploads\/2021\/09\/resized_IMG_0273-300x169.jpg 300w, https:\/\/web.molina.cl\/wp-content\/uploads\/2021\/09\/resized_IMG_0273-768x431.jpg 768w, https:\/\/web.molina.cl\/wp-content\/uploads\/2021\/09\/resized_IMG_0273-696x391.jpg 696w, https:\/\/web.molina.cl\/wp-content\/uploads\/2021\/09\/resized_IMG_0273-1068x600.jpg 1068w, https:\/\/web.molina.cl\/wp-content\/uploads\/2021\/09\/resized_IMG_0273-748x420.jpg 748w, https:\/\/web.molina.cl\/wp-content\/uploads\/2021\/09\/resized_IMG_0273.jpg 1280w\" sizes=\"(max-width: 1024px) 100vw, 1024px\" \/><\/a><\/figure><\/li><li class=\"blocks-gallery-item\"><figure><a href=\"https:\/\/web.molina.cl\/wp-content\/uploads\/2021\/09\/resized_IMG_0278.jpg\"><img loading=\"lazy\" decoding=\"async\" width=\"1024\" height=\"575\" src=\"https:\/\/web.molina.cl\/wp-content\/uploads\/2021\/09\/resized_IMG_0278-1024x575.jpg\" alt=\"\" data-id=\"46515\" data-full-url=\"https:\/\/web.molina.cl\/wp-content\/uploads\/2021\/09\/resized_IMG_0278.jpg\" data-link=\"https:\/\/web.molina.cl\/?attachment_id=46515\" class=\"wp-image-46515\" srcset=\"https:\/\/web.molina.cl\/wp-content\/uploads\/2021\/09\/resized_IMG_0278-1024x575.jpg 1024w, https:\/\/web.molina.cl\/wp-content\/uploads\/2021\/09\/resized_IMG_0278-300x169.jpg 300w, https:\/\/web.molina.cl\/wp-content\/uploads\/2021\/09\/resized_IMG_0278-768x431.jpg 768w, https:\/\/web.molina.cl\/wp-content\/uploads\/2021\/09\/resized_IMG_0278-696x391.jpg 696w, https:\/\/web.molina.cl\/wp-content\/uploads\/2021\/09\/resized_IMG_0278-1068x600.jpg 1068w, https:\/\/web.molina.cl\/wp-content\/uploads\/2021\/09\/resized_IMG_0278-748x420.jpg 748w, https:\/\/web.molina.cl\/wp-content\/uploads\/2021\/09\/resized_IMG_0278.jpg 1280w\" sizes=\"(max-width: 1024px) 100vw, 1024px\" \/><\/a><\/figure><\/li><li class=\"blocks-gallery-item\"><figure><a href=\"https:\/\/web.molina.cl\/wp-content\/uploads\/2021\/09\/resized_IMG_0284.jpg\"><img loading=\"lazy\" decoding=\"async\" width=\"1024\" height=\"575\" src=\"https:\/\/web.molina.cl\/wp-content\/uploads\/2021\/09\/resized_IMG_0284-1024x575.jpg\" alt=\"\" data-id=\"46516\" data-full-url=\"https:\/\/web.molina.cl\/wp-content\/uploads\/2021\/09\/resized_IMG_0284.jpg\" data-link=\"https:\/\/web.molina.cl\/?attachment_id=46516\" class=\"wp-image-46516\" srcset=\"https:\/\/web.molina.cl\/wp-content\/uploads\/2021\/09\/resized_IMG_0284-1024x575.jpg 1024w, https:\/\/web.molina.cl\/wp-content\/uploads\/2021\/09\/resized_IMG_0284-300x169.jpg 300w, https:\/\/web.molina.cl\/wp-content\/uploads\/2021\/09\/resized_IMG_0284-768x431.jpg 768w, https:\/\/web.molina.cl\/wp-content\/uploads\/2021\/09\/resized_IMG_0284-696x391.jpg 696w, https:\/\/web.molina.cl\/wp-content\/uploads\/2021\/09\/resized_IMG_0284-1068x600.jpg 1068w, https:\/\/web.molina.cl\/wp-content\/uploads\/2021\/09\/resized_IMG_0284-748x420.jpg 748w, https:\/\/web.molina.cl\/wp-content\/uploads\/2021\/09\/resized_IMG_0284.jpg 1280w\" sizes=\"(max-width: 1024px) 100vw, 1024px\" \/><\/a><\/figure><\/li><li class=\"blocks-gallery-item\"><figure><a href=\"https:\/\/web.molina.cl\/wp-content\/uploads\/2021\/09\/resized_IMG_0294.jpg\"><img loading=\"lazy\" decoding=\"async\" width=\"1024\" height=\"575\" src=\"https:\/\/web.molina.cl\/wp-content\/uploads\/2021\/09\/resized_IMG_0294-1024x575.jpg\" alt=\"\" data-id=\"46517\" data-full-url=\"https:\/\/web.molina.cl\/wp-content\/uploads\/2021\/09\/resized_IMG_0294.jpg\" data-link=\"https:\/\/web.molina.cl\/?attachment_id=46517\" class=\"wp-image-46517\" srcset=\"https:\/\/web.molina.cl\/wp-content\/uploads\/2021\/09\/resized_IMG_0294-1024x575.jpg 1024w, https:\/\/web.molina.cl\/wp-content\/uploads\/2021\/09\/resized_IMG_0294-300x169.jpg 300w, https:\/\/web.molina.cl\/wp-content\/uploads\/2021\/09\/resized_IMG_0294-768x431.jpg 768w, https:\/\/web.molina.cl\/wp-content\/uploads\/2021\/09\/resized_IMG_0294-696x391.jpg 696w, https:\/\/web.molina.cl\/wp-content\/uploads\/2021\/09\/resized_IMG_0294-1068x600.jpg 1068w, https:\/\/web.molina.cl\/wp-content\/uploads\/2021\/09\/resized_IMG_0294-748x420.jpg 748w, https:\/\/web.molina.cl\/wp-content\/uploads\/2021\/09\/resized_IMG_0294.jpg 1280w\" sizes=\"(max-width: 1024px) 100vw, 1024px\" \/><\/a><\/figure><\/li><li class=\"blocks-gallery-item\"><figure><a href=\"https:\/\/web.molina.cl\/wp-content\/uploads\/2021\/09\/resized_IMG_0296.jpg\"><img loading=\"lazy\" decoding=\"async\" width=\"1024\" height=\"575\" src=\"https:\/\/web.molina.cl\/wp-content\/uploads\/2021\/09\/resized_IMG_0296-1024x575.jpg\" alt=\"\" data-id=\"46518\" data-full-url=\"https:\/\/web.molina.cl\/wp-content\/uploads\/2021\/09\/resized_IMG_0296.jpg\" data-link=\"https:\/\/web.molina.cl\/?attachment_id=46518\" class=\"wp-image-46518\" srcset=\"https:\/\/web.molina.cl\/wp-content\/uploads\/2021\/09\/resized_IMG_0296-1024x575.jpg 1024w, https:\/\/web.molina.cl\/wp-content\/uploads\/2021\/09\/resized_IMG_0296-300x169.jpg 300w, https:\/\/web.molina.cl\/wp-content\/uploads\/2021\/09\/resized_IMG_0296-768x431.jpg 768w, https:\/\/web.molina.cl\/wp-content\/uploads\/2021\/09\/resized_IMG_0296-696x391.jpg 696w, https:\/\/web.molina.cl\/wp-content\/uploads\/2021\/09\/resized_IMG_0296-1068x600.jpg 1068w, https:\/\/web.molina.cl\/wp-content\/uploads\/2021\/09\/resized_IMG_0296-748x420.jpg 748w, https:\/\/web.molina.cl\/wp-content\/uploads\/2021\/09\/resized_IMG_0296.jpg 1280w\" sizes=\"(max-width: 1024px) 100vw, 1024px\" \/><\/a><\/figure><\/li><li class=\"blocks-gallery-item\"><figure><a href=\"https:\/\/web.molina.cl\/wp-content\/uploads\/2021\/09\/resized_IMG_0333.jpg\"><img loading=\"lazy\" decoding=\"async\" width=\"1024\" height=\"575\" src=\"https:\/\/web.molina.cl\/wp-content\/uploads\/2021\/09\/resized_IMG_0333-1024x575.jpg\" alt=\"\" data-id=\"46519\" data-full-url=\"https:\/\/web.molina.cl\/wp-content\/uploads\/2021\/09\/resized_IMG_0333.jpg\" data-link=\"https:\/\/web.molina.cl\/?attachment_id=46519\" class=\"wp-image-46519\" srcset=\"https:\/\/web.molina.cl\/wp-content\/uploads\/2021\/09\/resized_IMG_0333-1024x575.jpg 1024w, https:\/\/web.molina.cl\/wp-content\/uploads\/2021\/09\/resized_IMG_0333-300x169.jpg 300w, https:\/\/web.molina.cl\/wp-content\/uploads\/2021\/09\/resized_IMG_0333-768x431.jpg 768w, https:\/\/web.molina.cl\/wp-content\/uploads\/2021\/09\/resized_IMG_0333-696x391.jpg 696w, https:\/\/web.molina.cl\/wp-content\/uploads\/2021\/09\/resized_IMG_0333-1068x600.jpg 1068w, https:\/\/web.molina.cl\/wp-content\/uploads\/2021\/09\/resized_IMG_0333-748x420.jpg 748w, https:\/\/web.molina.cl\/wp-content\/uploads\/2021\/09\/resized_IMG_0333.jpg 1280w\" sizes=\"(max-width: 1024px) 100vw, 1024px\" \/><\/a><\/figure><\/li><li class=\"blocks-gallery-item\"><figure><a href=\"https:\/\/web.molina.cl\/wp-content\/uploads\/2021\/09\/resized_IMG_0351.jpg\"><img loading=\"lazy\" decoding=\"async\" width=\"1024\" height=\"575\" src=\"https:\/\/web.molina.cl\/wp-content\/uploads\/2021\/09\/resized_IMG_0351-1024x575.jpg\" alt=\"\" data-id=\"46520\" data-full-url=\"https:\/\/web.molina.cl\/wp-content\/uploads\/2021\/09\/resized_IMG_0351.jpg\" data-link=\"https:\/\/web.molina.cl\/?attachment_id=46520\" class=\"wp-image-46520\" srcset=\"https:\/\/web.molina.cl\/wp-content\/uploads\/2021\/09\/resized_IMG_0351-1024x575.jpg 1024w, https:\/\/web.molina.cl\/wp-content\/uploads\/2021\/09\/resized_IMG_0351-300x169.jpg 300w, https:\/\/web.molina.cl\/wp-content\/uploads\/2021\/09\/resized_IMG_0351-768x431.jpg 768w, https:\/\/web.molina.cl\/wp-content\/uploads\/2021\/09\/resized_IMG_0351-696x391.jpg 696w, https:\/\/web.molina.cl\/wp-content\/uploads\/2021\/09\/resized_IMG_0351-1068x600.jpg 1068w, https:\/\/web.molina.cl\/wp-content\/uploads\/2021\/09\/resized_IMG_0351-748x420.jpg 748w, https:\/\/web.molina.cl\/wp-content\/uploads\/2021\/09\/resized_IMG_0351.jpg 1280w\" sizes=\"(max-width: 1024px) 100vw, 1024px\" \/><\/a><\/figure><\/li><li class=\"blocks-gallery-item\"><figure><a href=\"https:\/\/web.molina.cl\/wp-content\/uploads\/2021\/09\/resized_IMG_0372.jpg\"><img loading=\"lazy\" decoding=\"async\" width=\"1024\" height=\"575\" src=\"https:\/\/web.molina.cl\/wp-content\/uploads\/2021\/09\/resized_IMG_0372-1024x575.jpg\" alt=\"\" data-id=\"46521\" data-full-url=\"https:\/\/web.molina.cl\/wp-content\/uploads\/2021\/09\/resized_IMG_0372.jpg\" data-link=\"https:\/\/web.molina.cl\/?attachment_id=46521\" class=\"wp-image-46521\" srcset=\"https:\/\/web.molina.cl\/wp-content\/uploads\/2021\/09\/resized_IMG_0372-1024x575.jpg 1024w, https:\/\/web.molina.cl\/wp-content\/uploads\/2021\/09\/resized_IMG_0372-300x169.jpg 300w, https:\/\/web.molina.cl\/wp-content\/uploads\/2021\/09\/resized_IMG_0372-768x431.jpg 768w, https:\/\/web.molina.cl\/wp-content\/uploads\/2021\/09\/resized_IMG_0372-696x391.jpg 696w, https:\/\/web.molina.cl\/wp-content\/uploads\/2021\/09\/resized_IMG_0372-1068x600.jpg 1068w, https:\/\/web.molina.cl\/wp-content\/uploads\/2021\/09\/resized_IMG_0372-748x420.jpg 748w, https:\/\/web.molina.cl\/wp-content\/uploads\/2021\/09\/resized_IMG_0372.jpg 1280w\" sizes=\"(max-width: 1024px) 100vw, 1024px\" \/><\/a><\/figure><\/li><li class=\"blocks-gallery-item\"><figure><a href=\"https:\/\/web.molina.cl\/wp-content\/uploads\/2021\/09\/resized_IMG_0450.jpg\"><img loading=\"lazy\" decoding=\"async\" width=\"1024\" height=\"575\" src=\"https:\/\/web.molina.cl\/wp-content\/uploads\/2021\/09\/resized_IMG_0450-1024x575.jpg\" alt=\"\" data-id=\"46522\" data-full-url=\"https:\/\/web.molina.cl\/wp-content\/uploads\/2021\/09\/resized_IMG_0450.jpg\" data-link=\"https:\/\/web.molina.cl\/?attachment_id=46522\" class=\"wp-image-46522\" srcset=\"https:\/\/web.molina.cl\/wp-content\/uploads\/2021\/09\/resized_IMG_0450-1024x575.jpg 1024w, https:\/\/web.molina.cl\/wp-content\/uploads\/2021\/09\/resized_IMG_0450-300x169.jpg 300w, https:\/\/web.molina.cl\/wp-content\/uploads\/2021\/09\/resized_IMG_0450-768x431.jpg 768w, https:\/\/web.molina.cl\/wp-content\/uploads\/2021\/09\/resized_IMG_0450-696x391.jpg 696w, https:\/\/web.molina.cl\/wp-content\/uploads\/2021\/09\/resized_IMG_0450-1068x600.jpg 1068w, https:\/\/web.molina.cl\/wp-content\/uploads\/2021\/09\/resized_IMG_0450-748x420.jpg 748w, https:\/\/web.molina.cl\/wp-content\/uploads\/2021\/09\/resized_IMG_0450.jpg 1280w\" sizes=\"(max-width: 1024px) 100vw, 1024px\" \/><\/a><\/figure><\/li><\/ul><\/figure>\n\n\n\n<p><strong>EMOTIVA CEREMONIA<\/strong><\/p>\n\n\n\n<p align=\"justify\">El acto de entrega de las llaves de cada una de las viviendas estuvo marcado por los sentimientos que fueron aflorando en los presentes al recordar los dif\u00edciles momentos que debieron atravesar durante m\u00e1s de una d\u00e9cada de inseguridades.<\/p>\n\n\n\n<p align=\"justify\">As\u00ed lo confirm\u00f3 Rebeca Mi\u00f1o, quien expres\u00f3 que la embarg\u00f3 \u201cuna emoci\u00f3n inmensa, fueron trece a\u00f1os esperando con muchas ilusiones y desilusiones tambi\u00e9n, as\u00ed que esto va a ser inolvidable. Gracias a Dios, todo result\u00f3 bien, fue todo bonito y la emoci\u00f3n no solo es m\u00eda, sino que de toda la gente que recibi\u00f3 su casa; somos todos gente del sector que nos conocemos. Mi familia me est\u00e1 esperando a que les avise para venir a celebrar\u201d.<\/p>\n\n\n\n<p align=\"justify\">Por su parte, la alcaldesa Priscilla Castillo destac\u00f3 que con esta medida se le otorga \u201cdignidad a las personas que viv\u00edan de allegados o arrendando y que hoy tienen el privilegio de tener su hogar desde el que compartir\u00e1n la vida con sus penas y alegr\u00edas\u201d.<\/p>\n\n\n\n<p align=\"justify\">De igual manera, la autoridad record\u00f3 que, para las personas que necesiten soluciones habitacionales, la Egis Municipal de Molina se encuentra funcionando en Avenida Luis Cruz Mart\u00ednez 1248, con horario de atenci\u00f3n de 08:30 a 14:00 horas los d\u00edas lunes, mi\u00e9rcoles y viernes.<\/p>\n","protected":false},"excerpt":{"rendered":"<p>La alcaldesa Priscilla Castillo hizo el llamado a todas las personas que requieran de soluciones habitacionales, a dirigirse a la Egis Municipal para recibir asesor\u00eda en la postulaci\u00f3n al Serviu. M\u00e1s de trece a\u00f1os de espera e incertidumbre llegaron a su fin en Lontu\u00e9. Abrazos, festejos y hasta l\u00e1grimas se dejaron ver en la ceremonia [&hellip;]<\/p>\n","protected":false},"author":1,"featured_media":46513,"comment_status":"closed","ping_status":"open","sticky":false,"template":"","format":"standard","meta":{"footnotes":""},"categories":[3,21,9],"tags":[3245,2461,3246,1455],"_links":{"self":[{"href":"https:\/\/web.molina.cl\/index.php?rest_route=\/wp\/v2\/posts\/46512"}],"collection":[{"href":"https:\/\/web.molina.cl\/index.php?rest_route=\/wp\/v2\/posts"}],"about":[{"href":"https:\/\/web.molina.cl\/index.php?rest_route=\/wp\/v2\/types\/post"}],"author":[{"embeddable":true,"href":"https:\/\/web.molina.cl\/index.php?rest_route=\/wp\/v2\/users\/1"}],"replies":[{"embeddable":true,"href":"https:\/\/web.molina.cl\/index.php?rest_route=%2Fwp%2Fv2%2Fcomments&post=46512"}],"version-history":[{"count":3,"href":"https:\/\/web.molina.cl\/index.php?rest_route=\/wp\/v2\/posts\/46512\/revisions"}],"predecessor-version":[{"id":46526,"href":"https:\/\/web.molina.cl\/index.php?rest_route=\/wp\/v2\/posts\/46512\/revisions\/46526"}],"wp:featuredmedia":[{"embeddable":true,"href":"https:\/\/web.molina.cl\/index.php?rest_route=\/wp\/v2\/media\/46513"}],"wp:attachment":[{"href":"https:\/\/web.molina.cl\/index.php?rest_route=%2Fwp%2Fv2%2Fmedia&parent=46512"}],"wp:term":[{"taxonomy":"category","embeddable":true,"href":"https:\/\/web.molina.cl\/index.php?rest_route=%2Fwp%2Fv2%2Fcategories&post=46512"},{"taxonomy":"post_tag","embeddable":true,"href":"https:\/\/web.molina.cl\/index.php?rest_route=%2Fwp%2Fv2%2Ftags&post=46512"}],"curies":[{"name":"wp","href":"https:\/\/api.w.org\/{rel}","templated":true}]}}